{"id":1002,"date":"2015-02-13T23:31:59","date_gmt":"2015-02-13T22:31:59","guid":{"rendered":"http:\/\/www.renzoelucio.it\/?p=1002"},"modified":"2022-11-10T22:20:26","modified_gmt":"2022-11-10T21:20:26","slug":"280115-a-roma-il-registro-delle-unioni-civili","status":"publish","type":"post","link":"https:\/\/www.renzoelucio.it\/?p=1002","title":{"rendered":"28\/01\/15 A ROMA IL REGISTRO DELLE UNIONI CIVILI"},"content":{"rendered":"<p>Anche Roma da oggi avr\u00e0 il suo registro delle unioni civile\u00a0che equipara le coppie di fatto, anche quelle tra persone omosessuali, alla famiglia tradizionale istituita con i matrimonio.. \u00c8 questo il risultato ottenuto dal provvedimento che porta la firma di Imma Battaglia (Sel), Riccardo Magi (radicale eletto con la Lista Marino), Virginia Raggi (M5S), Giulia Tempesta (Pd), Svetlana Celli (Lista Marino) e Massimo Caprari (Centro democratico). Una delibera nata dalla sintesi fatta con associazioni e Municipi insieme alla maggioranza della vecchia proposta di iniziativa popolare e da quella presentata dal Movimento Cinque Stelle a inizio consiliatura. \u201cOggi la Capitale d&#8217;Italia d\u00e0 il segnale che, in questa citt\u00e0, l&#8217;amore \u00e8 uguale per tutti\u201d ha dichiarato il sindaco Ignazio Marino.<\/p>\n<p>L&#8217;esito del voto \u00e8 stato accolto tra la soddisfazione e gli applausi dei presenti in Aula tra cui molti rappresentanti delle associazioni Lgbt.\u00a0Tra il pubblico anche il leader di Sinistra ecologia e libert\u00e0 Nichi Vendola, il vicepresidente regionale Massimiliano Smeriglio, l&#8217;attrice Eva Grimaldi e l&#8217;ex parlamentare Vladimir Luxuria che ha commentato: \u201cE&#8217; la vittoria civile di una Capitale di uno Stato laico. Questa \u00e8 una citt\u00e0 aperta e democratica, che chiede a gran voce al Parlamento una legge per riconoscere i diritti di chi si ama\u201d.<\/p>\n<p>MARINO\u00a0&#8211;\u00a0Soddisfatto il sindaco Ignazio Marino: &#8220;Finalmente anche Roma si \u00e8 dotata di un registro delle unioni civili. Si tratta di un risultato atteso da tempo, che pone la nostra citt\u00e0 sempre pi\u00f9 in prima linea sul fronte dei diritti degli individui e del riconoscimento dei legami affettivi, stabili e duraturi\u201d ha scritto in una nota. &#8220;Voglio dunque esprimere tutta la mia soddisfazione per questo passo importante che non solo rappresenta un atto di civilt\u00e0 e di rispetto delle persone, ma ci allinea al resto del mondo occidentale, in linea con i principali Paesi europei con cui condividiamo la nostra storia politica e culturale\u201d. Marino ha poi lanciato un appello a livello nazionale: \u201cTante amministrazioni italiane attendono una legge nazionale che finalmente sancisca i diritti uguali per tutti di fronte all&#8217;amore. Roma, con il suo esempio, spera di poter contribuire a sbloccare le titubanze dei legislatori che, da troppi anni ormai, eludono un pieno riconoscimento dei diritti giuridici e civili di tutte le coppie, indipendentemente dal loro orientamento sessuale&#8221;.<\/p>\n","protected":false},"excerpt":{"rendered":"<p>Anche Roma da oggi avr\u00e0 il suo registro delle unioni civile\u00a0che equipara le coppie di fatto, anche quelle tra persone omosessuali, alla famiglia tradizionale istituita con i matrimonio.. \u00c8 questo il risultato ottenuto dal provvedimento che porta la firma di Imma Battaglia (Sel), Riccardo Magi (radicale eletto con la Lista Marino), Virginia Raggi (M5S), Giulia&#8230;<\/p>\n","protected":false},"author":2,"featured_media":1003,"comment_status":"open","ping_status":"open","sticky":false,"template":"","format":"standard","meta":{"footnotes":""},"categories":[38],"tags":[180,250,730],"class_list":["post-1002","post","type-post","status-publish","format-standard","has-post-thumbnail","hentry","category-unioni-civili","tag-diritti-gay","tag-roma","tag-unioni-civili"],"yoast_head":"<!-- This site is optimized with the Yoast SEO plugin v24.5 - https:\/\/yoast.com\/wordpress\/plugins\/seo\/ -->\r\n<title>28\/01\/15 A ROMA IL REGISTRO DELLE UNIONI CIVILI - LGBT+diritti RENZO E LUCIO<\/title>\r\n<meta name=\"robots\" content=\"index, follow, max-snippet:-1, max-image-preview:large, max-video-preview:-1\" \/>\r\n<link rel=\"canonical\" href=\"https:\/\/www.renzoelucio.it\/?p=1002\" \/>\r\n<meta property=\"og:locale\" content=\"it_IT\" \/>\r\n<meta property=\"og:type\" content=\"article\" \/>\r\n<meta property=\"og:title\" content=\"28\/01\/15 A ROMA IL REGISTRO DELLE UNIONI CIVILI - LGBT+diritti RENZO E LUCIO\" \/>\r\n<meta property=\"og:description\" content=\"Anche Roma da oggi avr\u00e0 il suo registro delle unioni civile\u00a0che equipara le coppie di fatto, anche quelle tra persone omosessuali, alla famiglia tradizionale istituita con i matrimonio.. \u00c8 questo il risultato ottenuto dal provvedimento che porta la firma di Imma Battaglia (Sel), Riccardo Magi (radicale eletto con la Lista Marino), Virginia Raggi (M5S), Giulia...\" \/>\r\n<meta property=\"og:url\" content=\"https:\/\/www.renzoelucio.it\/?p=1002\" \/>\r\n<meta property=\"og:site_name\" content=\"LGBT+diritti RENZO E LUCIO\" \/>\r\n<meta property=\"article:published_time\" content=\"2015-02-13T22:31:59+00:00\" \/>\r\n<meta property=\"article:modified_time\" content=\"2022-11-10T21:20:26+00:00\" \/>\r\n<meta property=\"og:image\" content=\"https:\/\/www.renzoelucio.it\/public\/wordpress\/renzoelucio\/wp-content\/uploads\/2015\/02\/unioni-civili-4.jpg\" \/>\r\n\t<meta property=\"og:image:width\" content=\"960\" \/>\r\n\t<meta property=\"og:image:height\" content=\"559\" \/>\r\n\t<meta property=\"og:image:type\" content=\"image\/jpeg\" \/>\r\n<meta name=\"author\" content=\"Mauro Pirovano\" \/>\r\n<meta name=\"twitter:card\" content=\"summary_large_image\" \/>\r\n<meta name=\"twitter:label1\" content=\"Scritto da\" \/>\n\t<meta name=\"twitter:data1\" content=\"Mauro Pirovano\" \/>\n\t<meta name=\"twitter:label2\" content=\"Tempo di lettura stimato\" \/>\n\t<meta name=\"twitter:data2\" content=\"2 minuti\" \/>\r\n<script type=\"application\/ld+json\" class=\"yoast-schema-graph\">{\"@context\":\"https:\/\/schema.org\",\"@graph\":[{\"@type\":\"WebPage\",\"@id\":\"https:\/\/www.renzoelucio.it\/?p=1002\",\"url\":\"https:\/\/www.renzoelucio.it\/?p=1002\",\"name\":\"28\/01\/15 A ROMA IL REGISTRO DELLE UNIONI CIVILI - LGBT+diritti RENZO E LUCIO\",\"isPartOf\":{\"@id\":\"https:\/\/www.renzoelucio.it\/#website\"},\"primaryImageOfPage\":{\"@id\":\"https:\/\/www.renzoelucio.it\/?p=1002#primaryimage\"},\"image\":{\"@id\":\"https:\/\/www.renzoelucio.it\/?p=1002#primaryimage\"},\"thumbnailUrl\":\"https:\/\/www.renzoelucio.it\/public\/wordpress\/renzoelucio\/wp-content\/uploads\/2015\/02\/unioni-civili-4.jpg\",\"datePublished\":\"2015-02-13T22:31:59+00:00\",\"dateModified\":\"2022-11-10T21:20:26+00:00\",\"author\":{\"@id\":\"https:\/\/www.renzoelucio.it\/#\/schema\/person\/0ecd8a1144e9dbb57b99cf93bcce77da\"},\"breadcrumb\":{\"@id\":\"https:\/\/www.renzoelucio.it\/?p=1002#breadcrumb\"},\"inLanguage\":\"it-IT\",\"potentialAction\":[{\"@type\":\"ReadAction\",\"target\":[\"https:\/\/www.renzoelucio.it\/?p=1002\"]}]},{\"@type\":\"ImageObject\",\"inLanguage\":\"it-IT\",\"@id\":\"https:\/\/www.renzoelucio.it\/?p=1002#primaryimage\",\"url\":\"https:\/\/www.renzoelucio.it\/public\/wordpress\/renzoelucio\/wp-content\/uploads\/2015\/02\/unioni-civili-4.jpg\",\"contentUrl\":\"https:\/\/www.renzoelucio.it\/public\/wordpress\/renzoelucio\/wp-content\/uploads\/2015\/02\/unioni-civili-4.jpg\",\"width\":960,\"height\":559},{\"@type\":\"BreadcrumbList\",\"@id\":\"https:\/\/www.renzoelucio.it\/?p=1002#breadcrumb\",\"itemListElement\":[{\"@type\":\"ListItem\",\"position\":1,\"name\":\"Home\",\"item\":\"https:\/\/www.renzoelucio.it\/\"},{\"@type\":\"ListItem\",\"position\":2,\"name\":\"28\/01\/15 A ROMA IL REGISTRO DELLE UNIONI CIVILI\"}]},{\"@type\":\"WebSite\",\"@id\":\"https:\/\/www.renzoelucio.it\/#website\",\"url\":\"https:\/\/www.renzoelucio.it\/\",\"name\":\"LGBT+diritti RENZO E LUCIO\",\"description\":\"\",\"potentialAction\":[{\"@type\":\"SearchAction\",\"target\":{\"@type\":\"EntryPoint\",\"urlTemplate\":\"https:\/\/www.renzoelucio.it\/?s={search_term_string}\"},\"query-input\":{\"@type\":\"PropertyValueSpecification\",\"valueRequired\":true,\"valueName\":\"search_term_string\"}}],\"inLanguage\":\"it-IT\"},{\"@type\":\"Person\",\"@id\":\"https:\/\/www.renzoelucio.it\/#\/schema\/person\/0ecd8a1144e9dbb57b99cf93bcce77da\",\"name\":\"Mauro Pirovano\",\"image\":{\"@type\":\"ImageObject\",\"inLanguage\":\"it-IT\",\"@id\":\"https:\/\/www.renzoelucio.it\/#\/schema\/person\/image\/\",\"url\":\"https:\/\/secure.gravatar.com\/avatar\/98cdd444e02881ccfbbeb7860292420827bf54eea54779821111b0fb5476459b?s=96&d=mm&r=g\",\"contentUrl\":\"https:\/\/secure.gravatar.com\/avatar\/98cdd444e02881ccfbbeb7860292420827bf54eea54779821111b0fb5476459b?s=96&d=mm&r=g\",\"caption\":\"Mauro Pirovano\"},\"url\":\"https:\/\/www.renzoelucio.it\/?author=2\"}]}<\/script>\r\n<!-- \/ Yoast SEO plugin. -->","yoast_head_json":{"title":"28\/01\/15 A ROMA IL REGISTRO DELLE UNIONI CIVILI - LGBT+diritti RENZO E LUCIO","robots":{"index":"index","follow":"follow","max-snippet":"max-snippet:-1","max-image-preview":"max-image-preview:large","max-video-preview":"max-video-preview:-1"},"canonical":"https:\/\/www.renzoelucio.it\/?p=1002","og_locale":"it_IT","og_type":"article","og_title":"28\/01\/15 A ROMA IL REGISTRO DELLE UNIONI CIVILI - LGBT+diritti RENZO E LUCIO","og_description":"Anche Roma da oggi avr\u00e0 il suo registro delle unioni civile\u00a0che equipara le coppie di fatto, anche quelle tra persone omosessuali, alla famiglia tradizionale istituita con i matrimonio.. \u00c8 questo il risultato ottenuto dal provvedimento che porta la firma di Imma Battaglia (Sel), Riccardo Magi (radicale eletto con la Lista Marino), Virginia Raggi (M5S), Giulia...","og_url":"https:\/\/www.renzoelucio.it\/?p=1002","og_site_name":"LGBT+diritti RENZO E LUCIO","article_published_time":"2015-02-13T22:31:59+00:00","article_modified_time":"2022-11-10T21:20:26+00:00","og_image":[{"width":960,"height":559,"url":"https:\/\/www.renzoelucio.it\/public\/wordpress\/renzoelucio\/wp-content\/uploads\/2015\/02\/unioni-civili-4.jpg","type":"image\/jpeg"}],"author":"Mauro Pirovano","twitter_card":"summary_large_image","twitter_misc":{"Scritto da":"Mauro Pirovano","Tempo di lettura stimato":"2 minuti"},"schema":{"@context":"https:\/\/schema.org","@graph":[{"@type":"WebPage","@id":"https:\/\/www.renzoelucio.it\/?p=1002","url":"https:\/\/www.renzoelucio.it\/?p=1002","name":"28\/01\/15 A ROMA IL REGISTRO DELLE UNIONI CIVILI - LGBT+diritti RENZO E LUCIO","isPartOf":{"@id":"https:\/\/www.renzoelucio.it\/#website"},"primaryImageOfPage":{"@id":"https:\/\/www.renzoelucio.it\/?p=1002#primaryimage"},"image":{"@id":"https:\/\/www.renzoelucio.it\/?p=1002#primaryimage"},"thumbnailUrl":"https:\/\/www.renzoelucio.it\/public\/wordpress\/renzoelucio\/wp-content\/uploads\/2015\/02\/unioni-civili-4.jpg","datePublished":"2015-02-13T22:31:59+00:00","dateModified":"2022-11-10T21:20:26+00:00","author":{"@id":"https:\/\/www.renzoelucio.it\/#\/schema\/person\/0ecd8a1144e9dbb57b99cf93bcce77da"},"breadcrumb":{"@id":"https:\/\/www.renzoelucio.it\/?p=1002#breadcrumb"},"inLanguage":"it-IT","potentialAction":[{"@type":"ReadAction","target":["https:\/\/www.renzoelucio.it\/?p=1002"]}]},{"@type":"ImageObject","inLanguage":"it-IT","@id":"https:\/\/www.renzoelucio.it\/?p=1002#primaryimage","url":"https:\/\/www.renzoelucio.it\/public\/wordpress\/renzoelucio\/wp-content\/uploads\/2015\/02\/unioni-civili-4.jpg","contentUrl":"https:\/\/www.renzoelucio.it\/public\/wordpress\/renzoelucio\/wp-content\/uploads\/2015\/02\/unioni-civili-4.jpg","width":960,"height":559},{"@type":"BreadcrumbList","@id":"https:\/\/www.renzoelucio.it\/?p=1002#breadcrumb","itemListElement":[{"@type":"ListItem","position":1,"name":"Home","item":"https:\/\/www.renzoelucio.it\/"},{"@type":"ListItem","position":2,"name":"28\/01\/15 A ROMA IL REGISTRO DELLE UNIONI CIVILI"}]},{"@type":"WebSite","@id":"https:\/\/www.renzoelucio.it\/#website","url":"https:\/\/www.renzoelucio.it\/","name":"LGBT+diritti RENZO E LUCIO","description":"","potentialAction":[{"@type":"SearchAction","target":{"@type":"EntryPoint","urlTemplate":"https:\/\/www.renzoelucio.it\/?s={search_term_string}"},"query-input":{"@type":"PropertyValueSpecification","valueRequired":true,"valueName":"search_term_string"}}],"inLanguage":"it-IT"},{"@type":"Person","@id":"https:\/\/www.renzoelucio.it\/#\/schema\/person\/0ecd8a1144e9dbb57b99cf93bcce77da","name":"Mauro Pirovano","image":{"@type":"ImageObject","inLanguage":"it-IT","@id":"https:\/\/www.renzoelucio.it\/#\/schema\/person\/image\/","url":"https:\/\/secure.gravatar.com\/avatar\/98cdd444e02881ccfbbeb7860292420827bf54eea54779821111b0fb5476459b?s=96&d=mm&r=g","contentUrl":"https:\/\/secure.gravatar.com\/avatar\/98cdd444e02881ccfbbeb7860292420827bf54eea54779821111b0fb5476459b?s=96&d=mm&r=g","caption":"Mauro Pirovano"},"url":"https:\/\/www.renzoelucio.it\/?author=2"}]}},"_links":{"self":[{"href":"https:\/\/www.renzoelucio.it\/index.php?rest_route=\/wp\/v2\/posts\/1002","targetHints":{"allow":["GET"]}}],"collection":[{"href":"https:\/\/www.renzoelucio.it\/index.php?rest_route=\/wp\/v2\/posts"}],"about":[{"href":"https:\/\/www.renzoelucio.it\/index.php?rest_route=\/wp\/v2\/types\/post"}],"author":[{"embeddable":true,"href":"https:\/\/www.renzoelucio.it\/index.php?rest_route=\/wp\/v2\/users\/2"}],"replies":[{"embeddable":true,"href":"https:\/\/www.renzoelucio.it\/index.php?rest_route=%2Fwp%2Fv2%2Fcomments&post=1002"}],"version-history":[{"count":1,"href":"https:\/\/www.renzoelucio.it\/index.php?rest_route=\/wp\/v2\/posts\/1002\/revisions"}],"predecessor-version":[{"id":1004,"href":"https:\/\/www.renzoelucio.it\/index.php?rest_route=\/wp\/v2\/posts\/1002\/revisions\/1004"}],"wp:featuredmedia":[{"embeddable":true,"href":"https:\/\/www.renzoelucio.it\/index.php?rest_route=\/wp\/v2\/media\/1003"}],"wp:attachment":[{"href":"https:\/\/www.renzoelucio.it\/index.php?rest_route=%2Fwp%2Fv2%2Fmedia&parent=1002"}],"wp:term":[{"taxonomy":"category","embeddable":true,"href":"https:\/\/www.renzoelucio.it\/index.php?rest_route=%2Fwp%2Fv2%2Fcategories&post=1002"},{"taxonomy":"post_tag","embeddable":true,"href":"https:\/\/www.renzoelucio.it\/index.php?rest_route=%2Fwp%2Fv2%2Ftags&post=1002"}],"curies":[{"name":"wp","href":"https:\/\/api.w.org\/{rel}","templated":true}]}}