{"id":1034,"date":"2015-03-08T20:02:47","date_gmt":"2015-03-08T19:02:47","guid":{"rendered":"http:\/\/www.renzoelucio.it\/?p=1034"},"modified":"2015-03-08T20:02:47","modified_gmt":"2015-03-08T19:02:47","slug":"06032015-parroco-di-arosio-i-gay-piu-pericolosi-dellisis","status":"publish","type":"post","link":"https:\/\/www.renzoelucio.it\/?p=1034","title":{"rendered":"06\/03\/2015 PARROCO DI AROSIO : &#8221;  I GAY PIU&#8217; PERICOLOSI DELL&#8217;ISIS"},"content":{"rendered":"<div class=\"photo\">Si chiama don Angelo Perego, parroco di Arosio, un paesino del comasco. Alla fine della messa per presentare ai suoi parrocchiani un incontro che a breve si terr\u00e0 nella sua parrocchia per illustrare l&#8217;dentit\u00e0 di genere afferma &#8220;l&#8217;ideologia gender \u00e8 pi\u00f9 pericolosa dell&#8217;Isis. La prima ci attacca dall&#8217;interno, la seconda dall&#8217;esterno&#8221;.<\/div>\n<div class=\"photo\"><\/div>\n<div class=\"photo\">Un omosessuale presente alla messa chiede poi spiegazioni e vuole capire ma a fatica il prete sa spiegare allora posta su FB quanto accaduto e la notizia fa il giro del paese e finisce sulla stampa locale. Un putiferio, con Arosio diviso fra chi difende il sacerdote e chi lo condanna per quanto detto. Contattato, don Angelo ripete continuamente: &#8220;Io non sono omofobo, per nulla. E&#8217; una sciocchezza quella di cui mi chiedete conto, \u00e8 una piccola cosa. Non sono contro l&#8217;omosessualit\u00e0, ho parlato di ideologia gender e ho detto che \u00e8 pi\u00f9 pericolosa del terrorismo Isis o islamico&#8221;.<\/div>\n<div class=\"articleBody\">\n<p>Un giornalista di Repubblica lo contatta\u00a0, don Angelo ripete continuamente: &#8220;Io non sono omofobo, per nulla. E&#8217; una sciocchezza quella di cui mi chiedete conto, \u00e8 una piccola cosa. Non sono contro l&#8217;omosessualit\u00e0, ho parlato di ideologia gender e ho detto che \u00e8 pi\u00f9 pericolosa del terrorismo Isis o islamico&#8221;.<\/p>\n<p>Incalzato dal giornalista il parroco non sa spiegare molto di cosa sia &#8220;L&#8217;ideologia gender&#8221; e rimanda all&#8217;incontro per approfondire, poi il giornalista ripete al parroco le sue parole \u00a0&#8220;L&#8217;ideologia gender \u00e8 pi\u00f9 pericolosa dell&#8217;Isis. E&#8217; corretto?&#8221;. &#8220;Si. Ma non capisco perch\u00e9 la cosa interessi tanto&#8221;.<\/p>\n<p>Intanto il giornale di Cant\u00f9 riporta nel sottotitolo la reazione del paese e le frasi di chi difende il parroco ed improvvisamente l&#8217;Ideologia gender diventa l&#8217;ideologia transgender.<\/p>\n<p>Dare colpa ai parrocchiani poco informati \u00a0o dare colpa a chi da mesi, dopo essersi inventata di sana pianta l&#8217;ideologia gender, diffonde paura malafede ed ignoranza dentro e fuori dalla chiesa?<\/p>\n<\/div>\n","protected":false},"excerpt":{"rendered":"<p>Si chiama don Angelo Perego, parroco di Arosio, un paesino del comasco. Alla fine della messa per presentare ai suoi parrocchiani un incontro che a breve si terr\u00e0 nella sua parrocchia per illustrare l&#8217;dentit\u00e0 di genere afferma &#8220;l&#8217;ideologia gender \u00e8 pi\u00f9 pericolosa dell&#8217;Isis. La prima ci attacca dall&#8217;interno, la seconda dall&#8217;esterno&#8221;. Un omosessuale presente alla&#8230;<\/p>\n","protected":false},"author":2,"featured_media":1035,"comment_status":"open","ping_status":"open","sticky":false,"template":"","format":"standard","meta":{"footnotes":""},"categories":[36,38],"tags":[267,218,266,269,231,728,268,103],"class_list":["post-1034","post","type-post","status-publish","format-standard","has-post-thumbnail","hentry","category-omofobia","category-unioni-civili","tag-arosio","tag-chiesa-ed-omofobia","tag-ideologia-gender","tag-ignoranza","tag-nuovo-medioevo","tag-omofobia","tag-parroco-di-arosio","tag-sentinelle-in-piedi"],"yoast_head":"<!-- This site is optimized with the Yoast SEO plugin v24.5 - https:\/\/yoast.com\/wordpress\/plugins\/seo\/ -->\r\n<title>06\/03\/2015 PARROCO DI AROSIO : &quot; I GAY PIU&#039; PERICOLOSI DELL&#039;ISIS - LGBT+diritti RENZO E LUCIO<\/title>\r\n<meta name=\"robots\" content=\"index, follow, max-snippet:-1, max-image-preview:large, max-video-preview:-1\" \/>\r\n<link rel=\"canonical\" href=\"https:\/\/www.renzoelucio.it\/?p=1034\" \/>\r\n<meta property=\"og:locale\" content=\"it_IT\" \/>\r\n<meta property=\"og:type\" content=\"article\" \/>\r\n<meta property=\"og:title\" content=\"06\/03\/2015 PARROCO DI AROSIO : &quot; I GAY PIU&#039; PERICOLOSI DELL&#039;ISIS - LGBT+diritti RENZO E LUCIO\" \/>\r\n<meta property=\"og:description\" content=\"Si chiama don Angelo Perego, parroco di Arosio, un paesino del comasco. Alla fine della messa per presentare ai suoi parrocchiani un incontro che a breve si terr\u00e0 nella sua parrocchia per illustrare l&#8217;dentit\u00e0 di genere afferma &#8220;l&#8217;ideologia gender \u00e8 pi\u00f9 pericolosa dell&#8217;Isis. La prima ci attacca dall&#8217;interno, la seconda dall&#8217;esterno&#8221;. Un omosessuale presente alla...\" \/>\r\n<meta property=\"og:url\" content=\"https:\/\/www.renzoelucio.it\/?p=1034\" \/>\r\n<meta property=\"og:site_name\" content=\"LGBT+diritti RENZO E LUCIO\" \/>\r\n<meta property=\"article:published_time\" content=\"2015-03-08T19:02:47+00:00\" \/>\r\n<meta property=\"og:image\" content=\"https:\/\/www.renzoelucio.it\/public\/wordpress\/renzoelucio\/wp-content\/uploads\/2015\/03\/11023210_10206595018942174_1713310026_n.jpg\" \/>\r\n\t<meta property=\"og:image:width\" content=\"444\" \/>\r\n\t<meta property=\"og:image:height\" content=\"315\" \/>\r\n\t<meta property=\"og:image:type\" content=\"image\/jpeg\" \/>\r\n<meta name=\"author\" content=\"Mauro Pirovano\" \/>\r\n<meta name=\"twitter:card\" content=\"summary_large_image\" \/>\r\n<meta name=\"twitter:label1\" content=\"Scritto da\" \/>\n\t<meta name=\"twitter:data1\" content=\"Mauro Pirovano\" \/>\n\t<meta name=\"twitter:label2\" content=\"Tempo di lettura stimato\" \/>\n\t<meta name=\"twitter:data2\" content=\"2 minuti\" \/>\r\n<script type=\"application\/ld+json\" class=\"yoast-schema-graph\">{\"@context\":\"https:\/\/schema.org\",\"@graph\":[{\"@type\":\"WebPage\",\"@id\":\"https:\/\/www.renzoelucio.it\/?p=1034\",\"url\":\"https:\/\/www.renzoelucio.it\/?p=1034\",\"name\":\"06\/03\/2015 PARROCO DI AROSIO : \\\" I GAY PIU' PERICOLOSI DELL'ISIS - LGBT+diritti RENZO E LUCIO\",\"isPartOf\":{\"@id\":\"https:\/\/www.renzoelucio.it\/#website\"},\"primaryImageOfPage\":{\"@id\":\"https:\/\/www.renzoelucio.it\/?p=1034#primaryimage\"},\"image\":{\"@id\":\"https:\/\/www.renzoelucio.it\/?p=1034#primaryimage\"},\"thumbnailUrl\":\"https:\/\/www.renzoelucio.it\/public\/wordpress\/renzoelucio\/wp-content\/uploads\/2015\/03\/11023210_10206595018942174_1713310026_n.jpg\",\"datePublished\":\"2015-03-08T19:02:47+00:00\",\"author\":{\"@id\":\"https:\/\/www.renzoelucio.it\/#\/schema\/person\/0ecd8a1144e9dbb57b99cf93bcce77da\"},\"breadcrumb\":{\"@id\":\"https:\/\/www.renzoelucio.it\/?p=1034#breadcrumb\"},\"inLanguage\":\"it-IT\",\"potentialAction\":[{\"@type\":\"ReadAction\",\"target\":[\"https:\/\/www.renzoelucio.it\/?p=1034\"]}]},{\"@type\":\"ImageObject\",\"inLanguage\":\"it-IT\",\"@id\":\"https:\/\/www.renzoelucio.it\/?p=1034#primaryimage\",\"url\":\"https:\/\/www.renzoelucio.it\/public\/wordpress\/renzoelucio\/wp-content\/uploads\/2015\/03\/11023210_10206595018942174_1713310026_n.jpg\",\"contentUrl\":\"https:\/\/www.renzoelucio.it\/public\/wordpress\/renzoelucio\/wp-content\/uploads\/2015\/03\/11023210_10206595018942174_1713310026_n.jpg\",\"width\":444,\"height\":315},{\"@type\":\"BreadcrumbList\",\"@id\":\"https:\/\/www.renzoelucio.it\/?p=1034#breadcrumb\",\"itemListElement\":[{\"@type\":\"ListItem\",\"position\":1,\"name\":\"Home\",\"item\":\"https:\/\/www.renzoelucio.it\/\"},{\"@type\":\"ListItem\",\"position\":2,\"name\":\"06\/03\/2015 PARROCO DI AROSIO : &#8221; I GAY PIU&#8217; PERICOLOSI DELL&#8217;ISIS\"}]},{\"@type\":\"WebSite\",\"@id\":\"https:\/\/www.renzoelucio.it\/#website\",\"url\":\"https:\/\/www.renzoelucio.it\/\",\"name\":\"LGBT+diritti RENZO E LUCIO\",\"description\":\"\",\"potentialAction\":[{\"@type\":\"SearchAction\",\"target\":{\"@type\":\"EntryPoint\",\"urlTemplate\":\"https:\/\/www.renzoelucio.it\/?s={search_term_string}\"},\"query-input\":{\"@type\":\"PropertyValueSpecification\",\"valueRequired\":true,\"valueName\":\"search_term_string\"}}],\"inLanguage\":\"it-IT\"},{\"@type\":\"Person\",\"@id\":\"https:\/\/www.renzoelucio.it\/#\/schema\/person\/0ecd8a1144e9dbb57b99cf93bcce77da\",\"name\":\"Mauro Pirovano\",\"image\":{\"@type\":\"ImageObject\",\"inLanguage\":\"it-IT\",\"@id\":\"https:\/\/www.renzoelucio.it\/#\/schema\/person\/image\/\",\"url\":\"https:\/\/secure.gravatar.com\/avatar\/98cdd444e02881ccfbbeb7860292420827bf54eea54779821111b0fb5476459b?s=96&d=mm&r=g\",\"contentUrl\":\"https:\/\/secure.gravatar.com\/avatar\/98cdd444e02881ccfbbeb7860292420827bf54eea54779821111b0fb5476459b?s=96&d=mm&r=g\",\"caption\":\"Mauro Pirovano\"},\"url\":\"https:\/\/www.renzoelucio.it\/?author=2\"}]}<\/script>\r\n<!-- \/ Yoast SEO plugin. -->","yoast_head_json":{"title":"06\/03\/2015 PARROCO DI AROSIO : \" I GAY PIU' PERICOLOSI DELL'ISIS - LGBT+diritti RENZO E LUCIO","robots":{"index":"index","follow":"follow","max-snippet":"max-snippet:-1","max-image-preview":"max-image-preview:large","max-video-preview":"max-video-preview:-1"},"canonical":"https:\/\/www.renzoelucio.it\/?p=1034","og_locale":"it_IT","og_type":"article","og_title":"06\/03\/2015 PARROCO DI AROSIO : \" I GAY PIU' PERICOLOSI DELL'ISIS - LGBT+diritti RENZO E LUCIO","og_description":"Si chiama don Angelo Perego, parroco di Arosio, un paesino del comasco. Alla fine della messa per presentare ai suoi parrocchiani un incontro che a breve si terr\u00e0 nella sua parrocchia per illustrare l&#8217;dentit\u00e0 di genere afferma &#8220;l&#8217;ideologia gender \u00e8 pi\u00f9 pericolosa dell&#8217;Isis. La prima ci attacca dall&#8217;interno, la seconda dall&#8217;esterno&#8221;. Un omosessuale presente alla...","og_url":"https:\/\/www.renzoelucio.it\/?p=1034","og_site_name":"LGBT+diritti RENZO E LUCIO","article_published_time":"2015-03-08T19:02:47+00:00","og_image":[{"width":444,"height":315,"url":"https:\/\/www.renzoelucio.it\/public\/wordpress\/renzoelucio\/wp-content\/uploads\/2015\/03\/11023210_10206595018942174_1713310026_n.jpg","type":"image\/jpeg"}],"author":"Mauro Pirovano","twitter_card":"summary_large_image","twitter_misc":{"Scritto da":"Mauro Pirovano","Tempo di lettura stimato":"2 minuti"},"schema":{"@context":"https:\/\/schema.org","@graph":[{"@type":"WebPage","@id":"https:\/\/www.renzoelucio.it\/?p=1034","url":"https:\/\/www.renzoelucio.it\/?p=1034","name":"06\/03\/2015 PARROCO DI AROSIO : \" I GAY PIU' PERICOLOSI DELL'ISIS - LGBT+diritti RENZO E LUCIO","isPartOf":{"@id":"https:\/\/www.renzoelucio.it\/#website"},"primaryImageOfPage":{"@id":"https:\/\/www.renzoelucio.it\/?p=1034#primaryimage"},"image":{"@id":"https:\/\/www.renzoelucio.it\/?p=1034#primaryimage"},"thumbnailUrl":"https:\/\/www.renzoelucio.it\/public\/wordpress\/renzoelucio\/wp-content\/uploads\/2015\/03\/11023210_10206595018942174_1713310026_n.jpg","datePublished":"2015-03-08T19:02:47+00:00","author":{"@id":"https:\/\/www.renzoelucio.it\/#\/schema\/person\/0ecd8a1144e9dbb57b99cf93bcce77da"},"breadcrumb":{"@id":"https:\/\/www.renzoelucio.it\/?p=1034#breadcrumb"},"inLanguage":"it-IT","potentialAction":[{"@type":"ReadAction","target":["https:\/\/www.renzoelucio.it\/?p=1034"]}]},{"@type":"ImageObject","inLanguage":"it-IT","@id":"https:\/\/www.renzoelucio.it\/?p=1034#primaryimage","url":"https:\/\/www.renzoelucio.it\/public\/wordpress\/renzoelucio\/wp-content\/uploads\/2015\/03\/11023210_10206595018942174_1713310026_n.jpg","contentUrl":"https:\/\/www.renzoelucio.it\/public\/wordpress\/renzoelucio\/wp-content\/uploads\/2015\/03\/11023210_10206595018942174_1713310026_n.jpg","width":444,"height":315},{"@type":"BreadcrumbList","@id":"https:\/\/www.renzoelucio.it\/?p=1034#breadcrumb","itemListElement":[{"@type":"ListItem","position":1,"name":"Home","item":"https:\/\/www.renzoelucio.it\/"},{"@type":"ListItem","position":2,"name":"06\/03\/2015 PARROCO DI AROSIO : &#8221; I GAY PIU&#8217; PERICOLOSI DELL&#8217;ISIS"}]},{"@type":"WebSite","@id":"https:\/\/www.renzoelucio.it\/#website","url":"https:\/\/www.renzoelucio.it\/","name":"LGBT+diritti RENZO E LUCIO","description":"","potentialAction":[{"@type":"SearchAction","target":{"@type":"EntryPoint","urlTemplate":"https:\/\/www.renzoelucio.it\/?s={search_term_string}"},"query-input":{"@type":"PropertyValueSpecification","valueRequired":true,"valueName":"search_term_string"}}],"inLanguage":"it-IT"},{"@type":"Person","@id":"https:\/\/www.renzoelucio.it\/#\/schema\/person\/0ecd8a1144e9dbb57b99cf93bcce77da","name":"Mauro Pirovano","image":{"@type":"ImageObject","inLanguage":"it-IT","@id":"https:\/\/www.renzoelucio.it\/#\/schema\/person\/image\/","url":"https:\/\/secure.gravatar.com\/avatar\/98cdd444e02881ccfbbeb7860292420827bf54eea54779821111b0fb5476459b?s=96&d=mm&r=g","contentUrl":"https:\/\/secure.gravatar.com\/avatar\/98cdd444e02881ccfbbeb7860292420827bf54eea54779821111b0fb5476459b?s=96&d=mm&r=g","caption":"Mauro Pirovano"},"url":"https:\/\/www.renzoelucio.it\/?author=2"}]}},"_links":{"self":[{"href":"https:\/\/www.renzoelucio.it\/index.php?rest_route=\/wp\/v2\/posts\/1034","targetHints":{"allow":["GET"]}}],"collection":[{"href":"https:\/\/www.renzoelucio.it\/index.php?rest_route=\/wp\/v2\/posts"}],"about":[{"href":"https:\/\/www.renzoelucio.it\/index.php?rest_route=\/wp\/v2\/types\/post"}],"author":[{"embeddable":true,"href":"https:\/\/www.renzoelucio.it\/index.php?rest_route=\/wp\/v2\/users\/2"}],"replies":[{"embeddable":true,"href":"https:\/\/www.renzoelucio.it\/index.php?rest_route=%2Fwp%2Fv2%2Fcomments&post=1034"}],"version-history":[{"count":1,"href":"https:\/\/www.renzoelucio.it\/index.php?rest_route=\/wp\/v2\/posts\/1034\/revisions"}],"predecessor-version":[{"id":1036,"href":"https:\/\/www.renzoelucio.it\/index.php?rest_route=\/wp\/v2\/posts\/1034\/revisions\/1036"}],"wp:featuredmedia":[{"embeddable":true,"href":"https:\/\/www.renzoelucio.it\/index.php?rest_route=\/wp\/v2\/media\/1035"}],"wp:attachment":[{"href":"https:\/\/www.renzoelucio.it\/index.php?rest_route=%2Fwp%2Fv2%2Fmedia&parent=1034"}],"wp:term":[{"taxonomy":"category","embeddable":true,"href":"https:\/\/www.renzoelucio.it\/index.php?rest_route=%2Fwp%2Fv2%2Fcategories&post=1034"},{"taxonomy":"post_tag","embeddable":true,"href":"https:\/\/www.renzoelucio.it\/index.php?rest_route=%2Fwp%2Fv2%2Ftags&post=1034"}],"curies":[{"name":"wp","href":"https:\/\/api.w.org\/{rel}","templated":true}]}}