{"id":1046,"date":"2015-03-14T15:56:08","date_gmt":"2015-03-14T14:56:08","guid":{"rendered":"http:\/\/www.renzoelucio.it\/?p=1046"},"modified":"2022-11-10T22:19:51","modified_gmt":"2022-11-10T21:19:51","slug":"21032015-tagliatelle-in-piedi-renzo-e-lucio-in-piazza","status":"publish","type":"post","link":"https:\/\/www.renzoelucio.it\/?p=1046","title":{"rendered":"21\/03\/2015 TAGLIATELLE IN PIEDI : RENZO E LUCIO IN PIAZZA"},"content":{"rendered":"<p>TAGLIATELLE IN PIEDI A LECCO<\/p>\n<p>21 MARZO PIAZZA GARIBALDI<br \/>\nDalle 16 alle 17,15<\/p>\n<p>&nbsp;<\/p>\n<p>L\u2019associazione Renzo e Lucio in collaborazione con la Chiesa Pastafariana Italiana, organizzano una manifestazione attiva contro l\u2019intolleranza e la discriminazione denominata \u201cTagliatelle in piedi\u201d.<br \/>\nLe Tagliatelle in Piedi sono scese in piazza la prima volta a Torino nel gennaio 2015 per mangiare pacificamente il proprio\u00a0piatto di pasta, simbolo della tolleranza e della convivenza pacifica.<br \/>\nSabato 21 marzo in piazza Garibaldi a Lecco le Tagliatelle in piedi manifestano in un religioso ed allegro baccano per ribadire che le tagliatelle ognuno le mangia come vuole, e nessuno pu\u00f2 giudicare il condimento degli altri. Nessun piatto di tagliatelle ha cattivo gusto o \u00e8 malato e nessuno pu\u00f2 giudicare quale sia il vero condimento che risponde alla vera tradizione della grande cucina italiana. Nessuno, neppure Masterchef,\u00a0 pu\u00f2 impedire ad un piatto di tagliatelle di non avere il Diritto di essere considerato un primo piatto come tutti gli altri.<br \/>\n<span style=\"color: #ff6600;\">\u201cVogliamo affermare che esistono vari condimenti e tutti sono dignitosi e degni di rispetto sulla sana tavola laica.&#8221;<\/span><\/p>\n<p>Non \u00e8 vero, nonostante qualcuno lo sostenga, che il piatto tradizionale della cucina italiana sono solo le tagliatelle al rag\u00f9, esistono anche le tagliatelle alla panna, addirittura a qualcuno piace anche panna e funghi.\u201d<\/p>\n<p>Chiunque condivida idee di libert\u00e0 e di rispetto per i gusti di tutti, e della persona umana, \u00e8 invitato in piazza a mangiare con noi le tagliatelle con il condimento che preferisce.<\/p>\n<p>I commensali porteranno da casa le loro tagliatelle cucinate con il condimento che preferisco ed insieme faremo le\u201d tagliatelle in piedi\u201d stando ciascuno ad un metro di distanza per far si che ogni condimento abbia la sua visibilit\u00e0 e dignit\u00e0.<br \/>\nSe qualcuno vuole partecipare ma ha difficolt\u00e0 a cucinare le sue tagliatelle e portarle in piazza pu\u00f2 contattare il nostro chef (348.7767090) che dalla sua cucina laica e democratica carotevolmente preparer\u00e0 per lui il piatto.<\/p>\n<p>La Chiesa Pastafariana Italiana invita i fedeli ad indossare per la cerimonia un colorato scolapasta in testa, sacro copricapo in testimonianza del Prodigioso Spaghetto Volante, creatore dell&#8217;universo, e dei suoi otto condimenti che guidano i fedeli nella tolleranza che li contraddistingue.<\/p>\n<p>&nbsp;<\/p>\n<p>&nbsp;<\/p>\n<p>La Chiesa Pastafariana e Renzo e Lucio<\/p>\n<p>pagine FB:<\/p>\n<p><a href=\"https:\/\/www.facebook.com\/tagliatelleinpiediitalia?ref=ts&amp;fref=ts\">https:\/\/www.facebook.com\/tagliatelleinpiediitalia?ref=ts&amp;fref=ts<\/a><\/p>\n<p><a href=\"https:\/\/www.facebook.com\/events\/645856742227081\/\">https:\/\/www.facebook.com\/events\/645856742227081\/<\/a><\/p>\n<p>siti di riferimento:<\/p>\n<p><a href=\"http:\/\/www.renzoelucio.it\">www.renzoelucio.it<\/a><\/p>\n<p><a href=\"http:\/\/chiesapastafarianaitaliana.it\/\">http:\/\/chiesapastafarianaitaliana.it\/<\/a><\/p>\n<p>&nbsp;<\/p>\n","protected":false},"excerpt":{"rendered":"<p>TAGLIATELLE IN PIEDI A LECCO 21 MARZO PIAZZA GARIBALDI Dalle 16 alle 17,15 &nbsp; L\u2019associazione Renzo e Lucio in collaborazione con la Chiesa Pastafariana Italiana, organizzano una manifestazione attiva contro l\u2019intolleranza e la discriminazione denominata \u201cTagliatelle in piedi\u201d. Le Tagliatelle in Piedi sono scese in piazza la prima volta a Torino nel gennaio 2015 per&#8230;<\/p>\n","protected":false},"author":2,"featured_media":1047,"comment_status":"open","ping_status":"open","sticky":false,"template":"","format":"standard","meta":{"footnotes":""},"categories":[36],"tags":[272,162,184,273,274],"class_list":["post-1046","post","type-post","status-publish","format-standard","has-post-thumbnail","hentry","category-omofobia","tag-ciesa-pastafariana","tag-gay-lecco","tag-renzo-e-lucio-lecco","tag-tagliatelle-in-piedi","tag-tagliatelle-in-piedi-lecco"],"yoast_head":"<!-- This site is optimized with the Yoast SEO plugin v24.5 - https:\/\/yoast.com\/wordpress\/plugins\/seo\/ -->\r\n<title>21\/03\/2015 TAGLIATELLE IN PIEDI : RENZO E LUCIO IN PIAZZA - LGBT+diritti RENZO E LUCIO<\/title>\r\n<meta name=\"robots\" content=\"index, follow, max-snippet:-1, max-image-preview:large, max-video-preview:-1\" \/>\r\n<link rel=\"canonical\" href=\"https:\/\/www.renzoelucio.it\/?p=1046\" \/>\r\n<meta property=\"og:locale\" content=\"it_IT\" \/>\r\n<meta property=\"og:type\" content=\"article\" \/>\r\n<meta property=\"og:title\" content=\"21\/03\/2015 TAGLIATELLE IN PIEDI : RENZO E LUCIO IN PIAZZA - LGBT+diritti RENZO E LUCIO\" \/>\r\n<meta property=\"og:description\" content=\"TAGLIATELLE IN PIEDI A LECCO 21 MARZO PIAZZA GARIBALDI Dalle 16 alle 17,15 &nbsp; L\u2019associazione Renzo e Lucio in collaborazione con la Chiesa Pastafariana Italiana, organizzano una manifestazione attiva contro l\u2019intolleranza e la discriminazione denominata \u201cTagliatelle in piedi\u201d. Le Tagliatelle in Piedi sono scese in piazza la prima volta a Torino nel gennaio 2015 per...\" \/>\r\n<meta property=\"og:url\" content=\"https:\/\/www.renzoelucio.it\/?p=1046\" \/>\r\n<meta property=\"og:site_name\" content=\"LGBT+diritti RENZO E LUCIO\" \/>\r\n<meta property=\"article:published_time\" content=\"2015-03-14T14:56:08+00:00\" \/>\r\n<meta property=\"article:modified_time\" content=\"2022-11-10T21:19:51+00:00\" \/>\r\n<meta property=\"og:image\" content=\"https:\/\/www.renzoelucio.it\/public\/wordpress\/renzoelucio\/wp-content\/uploads\/2015\/03\/11028689_10152763732385665_1841212645_o.jpg\" \/>\r\n\t<meta property=\"og:image:width\" content=\"2048\" \/>\r\n\t<meta property=\"og:image:height\" content=\"757\" \/>\r\n\t<meta property=\"og:image:type\" content=\"image\/jpeg\" \/>\r\n<meta name=\"author\" content=\"Mauro Pirovano\" \/>\r\n<meta name=\"twitter:card\" content=\"summary_large_image\" \/>\r\n<meta name=\"twitter:label1\" content=\"Scritto da\" \/>\n\t<meta name=\"twitter:data1\" content=\"Mauro Pirovano\" \/>\n\t<meta name=\"twitter:label2\" content=\"Tempo di lettura stimato\" \/>\n\t<meta name=\"twitter:data2\" content=\"2 minuti\" \/>\r\n<script type=\"application\/ld+json\" class=\"yoast-schema-graph\">{\"@context\":\"https:\/\/schema.org\",\"@graph\":[{\"@type\":\"WebPage\",\"@id\":\"https:\/\/www.renzoelucio.it\/?p=1046\",\"url\":\"https:\/\/www.renzoelucio.it\/?p=1046\",\"name\":\"21\/03\/2015 TAGLIATELLE IN PIEDI : RENZO E LUCIO IN PIAZZA - LGBT+diritti RENZO E LUCIO\",\"isPartOf\":{\"@id\":\"https:\/\/www.renzoelucio.it\/#website\"},\"primaryImageOfPage\":{\"@id\":\"https:\/\/www.renzoelucio.it\/?p=1046#primaryimage\"},\"image\":{\"@id\":\"https:\/\/www.renzoelucio.it\/?p=1046#primaryimage\"},\"thumbnailUrl\":\"https:\/\/www.renzoelucio.it\/public\/wordpress\/renzoelucio\/wp-content\/uploads\/2015\/03\/11028689_10152763732385665_1841212645_o.jpg\",\"datePublished\":\"2015-03-14T14:56:08+00:00\",\"dateModified\":\"2022-11-10T21:19:51+00:00\",\"author\":{\"@id\":\"https:\/\/www.renzoelucio.it\/#\/schema\/person\/0ecd8a1144e9dbb57b99cf93bcce77da\"},\"breadcrumb\":{\"@id\":\"https:\/\/www.renzoelucio.it\/?p=1046#breadcrumb\"},\"inLanguage\":\"it-IT\",\"potentialAction\":[{\"@type\":\"ReadAction\",\"target\":[\"https:\/\/www.renzoelucio.it\/?p=1046\"]}]},{\"@type\":\"ImageObject\",\"inLanguage\":\"it-IT\",\"@id\":\"https:\/\/www.renzoelucio.it\/?p=1046#primaryimage\",\"url\":\"https:\/\/www.renzoelucio.it\/public\/wordpress\/renzoelucio\/wp-content\/uploads\/2015\/03\/11028689_10152763732385665_1841212645_o.jpg\",\"contentUrl\":\"https:\/\/www.renzoelucio.it\/public\/wordpress\/renzoelucio\/wp-content\/uploads\/2015\/03\/11028689_10152763732385665_1841212645_o.jpg\",\"width\":2048,\"height\":757},{\"@type\":\"BreadcrumbList\",\"@id\":\"https:\/\/www.renzoelucio.it\/?p=1046#breadcrumb\",\"itemListElement\":[{\"@type\":\"ListItem\",\"position\":1,\"name\":\"Home\",\"item\":\"https:\/\/www.renzoelucio.it\/\"},{\"@type\":\"ListItem\",\"position\":2,\"name\":\"21\/03\/2015 TAGLIATELLE IN PIEDI : RENZO E LUCIO IN PIAZZA\"}]},{\"@type\":\"WebSite\",\"@id\":\"https:\/\/www.renzoelucio.it\/#website\",\"url\":\"https:\/\/www.renzoelucio.it\/\",\"name\":\"LGBT+diritti RENZO E LUCIO\",\"description\":\"\",\"potentialAction\":[{\"@type\":\"SearchAction\",\"target\":{\"@type\":\"EntryPoint\",\"urlTemplate\":\"https:\/\/www.renzoelucio.it\/?s={search_term_string}\"},\"query-input\":{\"@type\":\"PropertyValueSpecification\",\"valueRequired\":true,\"valueName\":\"search_term_string\"}}],\"inLanguage\":\"it-IT\"},{\"@type\":\"Person\",\"@id\":\"https:\/\/www.renzoelucio.it\/#\/schema\/person\/0ecd8a1144e9dbb57b99cf93bcce77da\",\"name\":\"Mauro Pirovano\",\"image\":{\"@type\":\"ImageObject\",\"inLanguage\":\"it-IT\",\"@id\":\"https:\/\/www.renzoelucio.it\/#\/schema\/person\/image\/\",\"url\":\"https:\/\/secure.gravatar.com\/avatar\/98cdd444e02881ccfbbeb7860292420827bf54eea54779821111b0fb5476459b?s=96&d=mm&r=g\",\"contentUrl\":\"https:\/\/secure.gravatar.com\/avatar\/98cdd444e02881ccfbbeb7860292420827bf54eea54779821111b0fb5476459b?s=96&d=mm&r=g\",\"caption\":\"Mauro Pirovano\"},\"url\":\"https:\/\/www.renzoelucio.it\/?author=2\"}]}<\/script>\r\n<!-- \/ Yoast SEO plugin. -->","yoast_head_json":{"title":"21\/03\/2015 TAGLIATELLE IN PIEDI : RENZO E LUCIO IN PIAZZA - LGBT+diritti RENZO E LUCIO","robots":{"index":"index","follow":"follow","max-snippet":"max-snippet:-1","max-image-preview":"max-image-preview:large","max-video-preview":"max-video-preview:-1"},"canonical":"https:\/\/www.renzoelucio.it\/?p=1046","og_locale":"it_IT","og_type":"article","og_title":"21\/03\/2015 TAGLIATELLE IN PIEDI : RENZO E LUCIO IN PIAZZA - LGBT+diritti RENZO E LUCIO","og_description":"TAGLIATELLE IN PIEDI A LECCO 21 MARZO PIAZZA GARIBALDI Dalle 16 alle 17,15 &nbsp; L\u2019associazione Renzo e Lucio in collaborazione con la Chiesa Pastafariana Italiana, organizzano una manifestazione attiva contro l\u2019intolleranza e la discriminazione denominata \u201cTagliatelle in piedi\u201d. Le Tagliatelle in Piedi sono scese in piazza la prima volta a Torino nel gennaio 2015 per...","og_url":"https:\/\/www.renzoelucio.it\/?p=1046","og_site_name":"LGBT+diritti RENZO E LUCIO","article_published_time":"2015-03-14T14:56:08+00:00","article_modified_time":"2022-11-10T21:19:51+00:00","og_image":[{"width":2048,"height":757,"url":"https:\/\/www.renzoelucio.it\/public\/wordpress\/renzoelucio\/wp-content\/uploads\/2015\/03\/11028689_10152763732385665_1841212645_o.jpg","type":"image\/jpeg"}],"author":"Mauro Pirovano","twitter_card":"summary_large_image","twitter_misc":{"Scritto da":"Mauro Pirovano","Tempo di lettura stimato":"2 minuti"},"schema":{"@context":"https:\/\/schema.org","@graph":[{"@type":"WebPage","@id":"https:\/\/www.renzoelucio.it\/?p=1046","url":"https:\/\/www.renzoelucio.it\/?p=1046","name":"21\/03\/2015 TAGLIATELLE IN PIEDI : RENZO E LUCIO IN PIAZZA - LGBT+diritti RENZO E LUCIO","isPartOf":{"@id":"https:\/\/www.renzoelucio.it\/#website"},"primaryImageOfPage":{"@id":"https:\/\/www.renzoelucio.it\/?p=1046#primaryimage"},"image":{"@id":"https:\/\/www.renzoelucio.it\/?p=1046#primaryimage"},"thumbnailUrl":"https:\/\/www.renzoelucio.it\/public\/wordpress\/renzoelucio\/wp-content\/uploads\/2015\/03\/11028689_10152763732385665_1841212645_o.jpg","datePublished":"2015-03-14T14:56:08+00:00","dateModified":"2022-11-10T21:19:51+00:00","author":{"@id":"https:\/\/www.renzoelucio.it\/#\/schema\/person\/0ecd8a1144e9dbb57b99cf93bcce77da"},"breadcrumb":{"@id":"https:\/\/www.renzoelucio.it\/?p=1046#breadcrumb"},"inLanguage":"it-IT","potentialAction":[{"@type":"ReadAction","target":["https:\/\/www.renzoelucio.it\/?p=1046"]}]},{"@type":"ImageObject","inLanguage":"it-IT","@id":"https:\/\/www.renzoelucio.it\/?p=1046#primaryimage","url":"https:\/\/www.renzoelucio.it\/public\/wordpress\/renzoelucio\/wp-content\/uploads\/2015\/03\/11028689_10152763732385665_1841212645_o.jpg","contentUrl":"https:\/\/www.renzoelucio.it\/public\/wordpress\/renzoelucio\/wp-content\/uploads\/2015\/03\/11028689_10152763732385665_1841212645_o.jpg","width":2048,"height":757},{"@type":"BreadcrumbList","@id":"https:\/\/www.renzoelucio.it\/?p=1046#breadcrumb","itemListElement":[{"@type":"ListItem","position":1,"name":"Home","item":"https:\/\/www.renzoelucio.it\/"},{"@type":"ListItem","position":2,"name":"21\/03\/2015 TAGLIATELLE IN PIEDI : RENZO E LUCIO IN PIAZZA"}]},{"@type":"WebSite","@id":"https:\/\/www.renzoelucio.it\/#website","url":"https:\/\/www.renzoelucio.it\/","name":"LGBT+diritti RENZO E LUCIO","description":"","potentialAction":[{"@type":"SearchAction","target":{"@type":"EntryPoint","urlTemplate":"https:\/\/www.renzoelucio.it\/?s={search_term_string}"},"query-input":{"@type":"PropertyValueSpecification","valueRequired":true,"valueName":"search_term_string"}}],"inLanguage":"it-IT"},{"@type":"Person","@id":"https:\/\/www.renzoelucio.it\/#\/schema\/person\/0ecd8a1144e9dbb57b99cf93bcce77da","name":"Mauro Pirovano","image":{"@type":"ImageObject","inLanguage":"it-IT","@id":"https:\/\/www.renzoelucio.it\/#\/schema\/person\/image\/","url":"https:\/\/secure.gravatar.com\/avatar\/98cdd444e02881ccfbbeb7860292420827bf54eea54779821111b0fb5476459b?s=96&d=mm&r=g","contentUrl":"https:\/\/secure.gravatar.com\/avatar\/98cdd444e02881ccfbbeb7860292420827bf54eea54779821111b0fb5476459b?s=96&d=mm&r=g","caption":"Mauro Pirovano"},"url":"https:\/\/www.renzoelucio.it\/?author=2"}]}},"_links":{"self":[{"href":"https:\/\/www.renzoelucio.it\/index.php?rest_route=\/wp\/v2\/posts\/1046","targetHints":{"allow":["GET"]}}],"collection":[{"href":"https:\/\/www.renzoelucio.it\/index.php?rest_route=\/wp\/v2\/posts"}],"about":[{"href":"https:\/\/www.renzoelucio.it\/index.php?rest_route=\/wp\/v2\/types\/post"}],"author":[{"embeddable":true,"href":"https:\/\/www.renzoelucio.it\/index.php?rest_route=\/wp\/v2\/users\/2"}],"replies":[{"embeddable":true,"href":"https:\/\/www.renzoelucio.it\/index.php?rest_route=%2Fwp%2Fv2%2Fcomments&post=1046"}],"version-history":[{"count":1,"href":"https:\/\/www.renzoelucio.it\/index.php?rest_route=\/wp\/v2\/posts\/1046\/revisions"}],"predecessor-version":[{"id":1048,"href":"https:\/\/www.renzoelucio.it\/index.php?rest_route=\/wp\/v2\/posts\/1046\/revisions\/1048"}],"wp:featuredmedia":[{"embeddable":true,"href":"https:\/\/www.renzoelucio.it\/index.php?rest_route=\/wp\/v2\/media\/1047"}],"wp:attachment":[{"href":"https:\/\/www.renzoelucio.it\/index.php?rest_route=%2Fwp%2Fv2%2Fmedia&parent=1046"}],"wp:term":[{"taxonomy":"category","embeddable":true,"href":"https:\/\/www.renzoelucio.it\/index.php?rest_route=%2Fwp%2Fv2%2Fcategories&post=1046"},{"taxonomy":"post_tag","embeddable":true,"href":"https:\/\/www.renzoelucio.it\/index.php?rest_route=%2Fwp%2Fv2%2Ftags&post=1046"}],"curies":[{"name":"wp","href":"https:\/\/api.w.org\/{rel}","templated":true}]}}