{"id":1117,"date":"2015-05-14T01:01:04","date_gmt":"2015-05-13T23:01:04","guid":{"rendered":"http:\/\/www.renzoelucio.it\/?p=1117"},"modified":"2015-05-14T01:01:04","modified_gmt":"2015-05-13T23:01:04","slug":"14052015-il-nostro-nuovo-spot-contro-omofobia","status":"publish","type":"post","link":"https:\/\/www.renzoelucio.it\/?p=1117","title":{"rendered":"14\/05\/2015 IL NOSTRO NUOVO SPOT CONTRO OMOFOBIA"},"content":{"rendered":"<p>Uno spot al femminile contro l\u2019omofobia<\/p>\n<p>In occasione della Giornata Internazionale di lotta contro\u00a0 l\u2019omo-transfobia che si celebrer\u00e0 il 17 maggio, le associazioni <strong>Arcilesbica XX Bergamo e \u00a0Renzo e Lucio GLBTS di Lecco<\/strong> in collaborazione con la <strong>Tv locale Teleunica<\/strong> , con il patrocinio dei comuni di <strong>Lecco, Mandello del Lario e Valgregentino,<\/strong> presentano lo spot \u201c Forse non lo sai ma anche questo \u00e8 amore\u201d .<\/p>\n<p>Lo spot contro l\u2019omofobia che abbiamo realizzato mette a tema un elemento spesso dimenticato nella comunicazione corrente e spesso censurato dall\u2019immaginario collettivo: la presenza e la realt\u00e0 del mondo femminile omosessuale.<\/p>\n<p>Spesso le donne omosessuali subiscono una duplice discriminazione, sia in quanto donne sia in quanto lesbiche;\u00a0\u00a0di loro si parla poco, a fatica si nominano nei dibattiti e raramente\u00a0 riescono ad avere visibilit\u00e0.<\/p>\n<p>Partiamo semplicemente da una constatazione linguistica: in Italia si parla di diritti\u00a0<em>gay<\/em>, di\u00a0<em>gay<\/em>\u00a0Pride, di matrimonio\u00a0<em>gay<\/em>, mentre\u00a0\u00a0le lesbiche sono sempre\u00a0<em>taciute<\/em>, non solo nei dibattiti e non sono presenti nel vocabolario corrente.<\/p>\n<p>Per assurdo anche sul fronte dell\u2019insulto omofobo sono presenti solo termini collegati al maschile. Questa assenza \u00e8 sintomo di un\u2019identit\u00e0 negata, nascosta.<\/p>\n<p>Da sempre la realt\u00e0 femminile costruisce con fatica la sua dignit\u00e0 e libert\u00e0, l\u2019immagine della donna \u00e8 spesso rinchiusa dall\u2019imposizione del genere che la lega ad una visone stereotipa di madre e custode delle mura domestiche\u00a0 o,\u00a0 ancor peggio, ad essere solo considerata un oggetto del desiderio.<\/p>\n<p>Per questo motivo abbiamo scelto di dare voce e volti alle donne lesbiche, per ricordare la loro presenza e la loro dignit\u00e0, spesso negata.<\/p>\n<p>Lo spot , realizzato con la regia di Katia Sala, direttrice di Teleunica, vede come protagoniste \u00a0ragazze e donne delle nostre associazioni, che si mettono in gioco personalmente, per cercare di abbattere i luoghi comuni e sconfiggere il muro di silenzio che spesso mette in secondo piano o trascura il mondo lesbico.<\/p>\n<p>Uno spot, realizzato in occasione della Giornata Mondiale contro l\u2019omotransfobia, deve aiutare a far capire, a conoscere, perch\u00e9 l\u2019omofobia \u00e8 prima di tutto generata dall\u2019ignoranza.<\/p>\n<p>&nbsp;<\/p>\n<p><span style=\"color: #ff0000;\"><strong>Associazioni: \u00a0Arcilesbica XX Bergamo \u00a0e Renzo e Lucio GLBTS Lecco.<\/strong><\/span><\/p>\n","protected":false},"excerpt":{"rendered":"<p>Uno spot al femminile contro l\u2019omofobia In occasione della Giornata Internazionale di lotta contro\u00a0 l\u2019omo-transfobia che si celebrer\u00e0 il 17 maggio, le associazioni Arcilesbica XX Bergamo e \u00a0Renzo e Lucio GLBTS di Lecco in collaborazione con la Tv locale Teleunica , con il patrocinio dei comuni di Lecco, Mandello del Lario e Valgregentino, presentano lo&#8230;<\/p>\n","protected":false},"author":2,"featured_media":0,"comment_status":"open","ping_status":"open","sticky":false,"template":"","format":"video","meta":{"footnotes":""},"categories":[53,36,202],"tags":[734,296,288,289,290,298,299,302,184,303,300,301],"class_list":["post-1117","post","type-post","status-publish","format-video","hentry","category-17-maggio-giornata-omotransfobia","category-omofobia","category-renzo-e-lucio-2","tag-17-maggio","tag-arcilesbica-xx-bergamo","tag-comune-di-lecco","tag-comune-di-mandello-del-lario","tag-comune-di-valgreghentino","tag-diho","tag-giornata-internazione-contro-omotransfobia","tag-pranzo-di-famiglia-spot","tag-renzo-e-lucio-lecco","tag-spot-basta-andare-avanti","tag-spot-omofobia","tag-teleunica","post_format-post-format-video"],"yoast_head":"<!-- This site is optimized with the Yoast SEO plugin v24.5 - https:\/\/yoast.com\/wordpress\/plugins\/seo\/ -->\r\n<title>14\/05\/2015 IL NOSTRO NUOVO SPOT CONTRO OMOFOBIA - LGBT+diritti RENZO E LUCIO<\/title>\r\n<meta name=\"robots\" content=\"index, follow, max-snippet:-1, max-image-preview:large, max-video-preview:-1\" \/>\r\n<link rel=\"canonical\" href=\"https:\/\/www.renzoelucio.it\/?p=1117\" \/>\r\n<meta property=\"og:locale\" content=\"it_IT\" \/>\r\n<meta property=\"og:type\" content=\"article\" \/>\r\n<meta property=\"og:title\" content=\"14\/05\/2015 IL NOSTRO NUOVO SPOT CONTRO OMOFOBIA - LGBT+diritti RENZO E LUCIO\" \/>\r\n<meta property=\"og:description\" content=\"Uno spot al femminile contro l\u2019omofobia In occasione della Giornata Internazionale di lotta contro\u00a0 l\u2019omo-transfobia che si celebrer\u00e0 il 17 maggio, le associazioni Arcilesbica XX Bergamo e \u00a0Renzo e Lucio GLBTS di Lecco in collaborazione con la Tv locale Teleunica , con il patrocinio dei comuni di Lecco, Mandello del Lario e Valgregentino, presentano lo...\" \/>\r\n<meta property=\"og:url\" content=\"https:\/\/www.renzoelucio.it\/?p=1117\" \/>\r\n<meta property=\"og:site_name\" content=\"LGBT+diritti RENZO E LUCIO\" \/>\r\n<meta property=\"article:published_time\" content=\"2015-05-13T23:01:04+00:00\" \/>\r\n<meta name=\"author\" content=\"Mauro Pirovano\" \/>\r\n<meta name=\"twitter:card\" content=\"summary_large_image\" \/>\r\n<meta name=\"twitter:label1\" content=\"Scritto da\" \/>\n\t<meta name=\"twitter:data1\" content=\"Mauro Pirovano\" \/>\n\t<meta name=\"twitter:label2\" content=\"Tempo di lettura stimato\" \/>\n\t<meta name=\"twitter:data2\" content=\"2 minuti\" \/>\r\n<script type=\"application\/ld+json\" class=\"yoast-schema-graph\">{\"@context\":\"https:\/\/schema.org\",\"@graph\":[{\"@type\":\"WebPage\",\"@id\":\"https:\/\/www.renzoelucio.it\/?p=1117\",\"url\":\"https:\/\/www.renzoelucio.it\/?p=1117\",\"name\":\"14\/05\/2015 IL NOSTRO NUOVO SPOT CONTRO OMOFOBIA - LGBT+diritti RENZO E LUCIO\",\"isPartOf\":{\"@id\":\"https:\/\/www.renzoelucio.it\/#website\"},\"datePublished\":\"2015-05-13T23:01:04+00:00\",\"author\":{\"@id\":\"https:\/\/www.renzoelucio.it\/#\/schema\/person\/0ecd8a1144e9dbb57b99cf93bcce77da\"},\"breadcrumb\":{\"@id\":\"https:\/\/www.renzoelucio.it\/?p=1117#breadcrumb\"},\"inLanguage\":\"it-IT\",\"potentialAction\":[{\"@type\":\"ReadAction\",\"target\":[\"https:\/\/www.renzoelucio.it\/?p=1117\"]}]},{\"@type\":\"BreadcrumbList\",\"@id\":\"https:\/\/www.renzoelucio.it\/?p=1117#breadcrumb\",\"itemListElement\":[{\"@type\":\"ListItem\",\"position\":1,\"name\":\"Home\",\"item\":\"https:\/\/www.renzoelucio.it\/\"},{\"@type\":\"ListItem\",\"position\":2,\"name\":\"14\/05\/2015 IL NOSTRO NUOVO SPOT CONTRO OMOFOBIA\"}]},{\"@type\":\"WebSite\",\"@id\":\"https:\/\/www.renzoelucio.it\/#website\",\"url\":\"https:\/\/www.renzoelucio.it\/\",\"name\":\"LGBT+diritti RENZO E LUCIO\",\"description\":\"\",\"potentialAction\":[{\"@type\":\"SearchAction\",\"target\":{\"@type\":\"EntryPoint\",\"urlTemplate\":\"https:\/\/www.renzoelucio.it\/?s={search_term_string}\"},\"query-input\":{\"@type\":\"PropertyValueSpecification\",\"valueRequired\":true,\"valueName\":\"search_term_string\"}}],\"inLanguage\":\"it-IT\"},{\"@type\":\"Person\",\"@id\":\"https:\/\/www.renzoelucio.it\/#\/schema\/person\/0ecd8a1144e9dbb57b99cf93bcce77da\",\"name\":\"Mauro Pirovano\",\"image\":{\"@type\":\"ImageObject\",\"inLanguage\":\"it-IT\",\"@id\":\"https:\/\/www.renzoelucio.it\/#\/schema\/person\/image\/\",\"url\":\"https:\/\/secure.gravatar.com\/avatar\/98cdd444e02881ccfbbeb7860292420827bf54eea54779821111b0fb5476459b?s=96&d=mm&r=g\",\"contentUrl\":\"https:\/\/secure.gravatar.com\/avatar\/98cdd444e02881ccfbbeb7860292420827bf54eea54779821111b0fb5476459b?s=96&d=mm&r=g\",\"caption\":\"Mauro Pirovano\"},\"url\":\"https:\/\/www.renzoelucio.it\/?author=2\"}]}<\/script>\r\n<!-- \/ Yoast SEO plugin. -->","yoast_head_json":{"title":"14\/05\/2015 IL NOSTRO NUOVO SPOT CONTRO OMOFOBIA - LGBT+diritti RENZO E LUCIO","robots":{"index":"index","follow":"follow","max-snippet":"max-snippet:-1","max-image-preview":"max-image-preview:large","max-video-preview":"max-video-preview:-1"},"canonical":"https:\/\/www.renzoelucio.it\/?p=1117","og_locale":"it_IT","og_type":"article","og_title":"14\/05\/2015 IL NOSTRO NUOVO SPOT CONTRO OMOFOBIA - LGBT+diritti RENZO E LUCIO","og_description":"Uno spot al femminile contro l\u2019omofobia In occasione della Giornata Internazionale di lotta contro\u00a0 l\u2019omo-transfobia che si celebrer\u00e0 il 17 maggio, le associazioni Arcilesbica XX Bergamo e \u00a0Renzo e Lucio GLBTS di Lecco in collaborazione con la Tv locale Teleunica , con il patrocinio dei comuni di Lecco, Mandello del Lario e Valgregentino, presentano lo...","og_url":"https:\/\/www.renzoelucio.it\/?p=1117","og_site_name":"LGBT+diritti RENZO E LUCIO","article_published_time":"2015-05-13T23:01:04+00:00","author":"Mauro Pirovano","twitter_card":"summary_large_image","twitter_misc":{"Scritto da":"Mauro Pirovano","Tempo di lettura stimato":"2 minuti"},"schema":{"@context":"https:\/\/schema.org","@graph":[{"@type":"WebPage","@id":"https:\/\/www.renzoelucio.it\/?p=1117","url":"https:\/\/www.renzoelucio.it\/?p=1117","name":"14\/05\/2015 IL NOSTRO NUOVO SPOT CONTRO OMOFOBIA - LGBT+diritti RENZO E LUCIO","isPartOf":{"@id":"https:\/\/www.renzoelucio.it\/#website"},"datePublished":"2015-05-13T23:01:04+00:00","author":{"@id":"https:\/\/www.renzoelucio.it\/#\/schema\/person\/0ecd8a1144e9dbb57b99cf93bcce77da"},"breadcrumb":{"@id":"https:\/\/www.renzoelucio.it\/?p=1117#breadcrumb"},"inLanguage":"it-IT","potentialAction":[{"@type":"ReadAction","target":["https:\/\/www.renzoelucio.it\/?p=1117"]}]},{"@type":"BreadcrumbList","@id":"https:\/\/www.renzoelucio.it\/?p=1117#breadcrumb","itemListElement":[{"@type":"ListItem","position":1,"name":"Home","item":"https:\/\/www.renzoelucio.it\/"},{"@type":"ListItem","position":2,"name":"14\/05\/2015 IL NOSTRO NUOVO SPOT CONTRO OMOFOBIA"}]},{"@type":"WebSite","@id":"https:\/\/www.renzoelucio.it\/#website","url":"https:\/\/www.renzoelucio.it\/","name":"LGBT+diritti RENZO E LUCIO","description":"","potentialAction":[{"@type":"SearchAction","target":{"@type":"EntryPoint","urlTemplate":"https:\/\/www.renzoelucio.it\/?s={search_term_string}"},"query-input":{"@type":"PropertyValueSpecification","valueRequired":true,"valueName":"search_term_string"}}],"inLanguage":"it-IT"},{"@type":"Person","@id":"https:\/\/www.renzoelucio.it\/#\/schema\/person\/0ecd8a1144e9dbb57b99cf93bcce77da","name":"Mauro Pirovano","image":{"@type":"ImageObject","inLanguage":"it-IT","@id":"https:\/\/www.renzoelucio.it\/#\/schema\/person\/image\/","url":"https:\/\/secure.gravatar.com\/avatar\/98cdd444e02881ccfbbeb7860292420827bf54eea54779821111b0fb5476459b?s=96&d=mm&r=g","contentUrl":"https:\/\/secure.gravatar.com\/avatar\/98cdd444e02881ccfbbeb7860292420827bf54eea54779821111b0fb5476459b?s=96&d=mm&r=g","caption":"Mauro Pirovano"},"url":"https:\/\/www.renzoelucio.it\/?author=2"}]}},"_links":{"self":[{"href":"https:\/\/www.renzoelucio.it\/index.php?rest_route=\/wp\/v2\/posts\/1117","targetHints":{"allow":["GET"]}}],"collection":[{"href":"https:\/\/www.renzoelucio.it\/index.php?rest_route=\/wp\/v2\/posts"}],"about":[{"href":"https:\/\/www.renzoelucio.it\/index.php?rest_route=\/wp\/v2\/types\/post"}],"author":[{"embeddable":true,"href":"https:\/\/www.renzoelucio.it\/index.php?rest_route=\/wp\/v2\/users\/2"}],"replies":[{"embeddable":true,"href":"https:\/\/www.renzoelucio.it\/index.php?rest_route=%2Fwp%2Fv2%2Fcomments&post=1117"}],"version-history":[{"count":1,"href":"https:\/\/www.renzoelucio.it\/index.php?rest_route=\/wp\/v2\/posts\/1117\/revisions"}],"predecessor-version":[{"id":1118,"href":"https:\/\/www.renzoelucio.it\/index.php?rest_route=\/wp\/v2\/posts\/1117\/revisions\/1118"}],"wp:attachment":[{"href":"https:\/\/www.renzoelucio.it\/index.php?rest_route=%2Fwp%2Fv2%2Fmedia&parent=1117"}],"wp:term":[{"taxonomy":"category","embeddable":true,"href":"https:\/\/www.renzoelucio.it\/index.php?rest_route=%2Fwp%2Fv2%2Fcategories&post=1117"},{"taxonomy":"post_tag","embeddable":true,"href":"https:\/\/www.renzoelucio.it\/index.php?rest_route=%2Fwp%2Fv2%2Ftags&post=1117"}],"curies":[{"name":"wp","href":"https:\/\/api.w.org\/{rel}","templated":true}]}}