{"id":1139,"date":"2015-05-17T17:13:46","date_gmt":"2015-05-17T15:13:46","guid":{"rendered":"http:\/\/www.renzoelucio.it\/?p=1139"},"modified":"2015-08-21T13:35:41","modified_gmt":"2015-08-21T11:35:41","slug":"170515-a-lecco-la-biblioteca-vivente-contro-lomotransfobia","status":"publish","type":"post","link":"https:\/\/www.renzoelucio.it\/?p=1139","title":{"rendered":"17\/05\/2015 A LECCO LA BIBLIOTECA VIVENTE CONTRO L&#8217;OMOTRANSFOBIA"},"content":{"rendered":"<p>In occasione della Giornata Mondiale contro l&#8217;Omotransfobia Renzo e Lucio \u00e8 scesa in piazza a Lecco con l&#8217;iniziativa la Biblioteca Vivente. Quattro libri giganti in piazza XX settembre hanno fatto da contorno all&#8217;iniziativa, sotto ogni libro alcune persone hanno raccontato la loro loro storia, la loro vita. Il libro del Coming out ha ospitato due giovani un gay ed una lesbica che hanno raccontato come hanno scoperto la loro realt\u00e0 e quale sono state le loro azioni per farsi conoscere in famiglia, fra amici a scuola. Il libro dei genitori ha raccontato cosa accade nella vita di pap\u00e0 e mamma quando il loro figlio gay racconta la sua realt\u00e0. Il libro della transizione ha raccontato la realt\u00e0 di persone trans che sono nate in un corpo che non sentivano il loro e per questo hanno lo hanno modificato per essere pienamente se stesse. Infine il libro delle famiglie arcobaleno, quelle fatte da due padri e due madri, ha raccontato cosa vuol dire essere famiglia.<\/p>\n<p>Un esperienza entusiasmante che ha coinvolto parecchie persone che circolavano domenica in piazza e che si sono fermate ad ascoltare, a chiedere, a capire. Il modo migliore per abbattere pregiudizi e luoghi comuni.<\/p>\n<p><a href=\"http:\/\/www.renzoelucio.it\/public\/wordpress\/renzoelucio\/wp-content\/uploads\/2015\/08\/renzo_lucio4.jpg\"><img loading=\"lazy\" decoding=\"async\" class=\"alignnone size-medium wp-image-1141\" src=\"http:\/\/www.renzoelucio.it\/public\/wordpress\/renzoelucio\/wp-content\/uploads\/2015\/08\/renzo_lucio4-300x180.jpg\" alt=\"renzo_lucio4\" width=\"300\" height=\"180\" srcset=\"https:\/\/www.renzoelucio.it\/public\/wordpress\/renzoelucio\/wp-content\/uploads\/2015\/08\/renzo_lucio4-300x180.jpg 300w, https:\/\/www.renzoelucio.it\/public\/wordpress\/renzoelucio\/wp-content\/uploads\/2015\/08\/renzo_lucio4.jpg 625w\" sizes=\"auto, (max-width: 300px) 100vw, 300px\" \/><\/a><a href=\"http:\/\/www.renzoelucio.it\/public\/wordpress\/renzoelucio\/wp-content\/uploads\/2015\/08\/renzo_lucio2.jpg\"><img loading=\"lazy\" decoding=\"async\" class=\"alignnone size-medium wp-image-1142\" src=\"http:\/\/www.renzoelucio.it\/public\/wordpress\/renzoelucio\/wp-content\/uploads\/2015\/08\/renzo_lucio2-300x225.jpg\" alt=\"renzo_lucio2\" width=\"300\" height=\"225\" srcset=\"https:\/\/www.renzoelucio.it\/public\/wordpress\/renzoelucio\/wp-content\/uploads\/2015\/08\/renzo_lucio2-300x225.jpg 300w, https:\/\/www.renzoelucio.it\/public\/wordpress\/renzoelucio\/wp-content\/uploads\/2015\/08\/renzo_lucio2.jpg 625w\" sizes=\"auto, (max-width: 300px) 100vw, 300px\" \/><\/a> <a href=\"http:\/\/www.renzoelucio.it\/public\/wordpress\/renzoelucio\/wp-content\/uploads\/2015\/08\/renzo_lucio3-11.jpg\"><img loading=\"lazy\" decoding=\"async\" class=\"alignnone size-medium wp-image-1143\" src=\"http:\/\/www.renzoelucio.it\/public\/wordpress\/renzoelucio\/wp-content\/uploads\/2015\/08\/renzo_lucio3-11-300x198.jpg\" alt=\"renzo_lucio3 (1)\" width=\"300\" height=\"198\" srcset=\"https:\/\/www.renzoelucio.it\/public\/wordpress\/renzoelucio\/wp-content\/uploads\/2015\/08\/renzo_lucio3-11-300x198.jpg 300w, https:\/\/www.renzoelucio.it\/public\/wordpress\/renzoelucio\/wp-content\/uploads\/2015\/08\/renzo_lucio3-11.jpg 625w\" sizes=\"auto, (max-width: 300px) 100vw, 300px\" \/><\/a><\/p>\n","protected":false},"excerpt":{"rendered":"<p>In occasione della Giornata Mondiale contro l&#8217;Omotransfobia Renzo e Lucio \u00e8 scesa in piazza a Lecco con l&#8217;iniziativa la Biblioteca Vivente. Quattro libri giganti in piazza XX settembre hanno fatto da contorno all&#8217;iniziativa, sotto ogni libro alcune persone hanno raccontato la loro loro storia, la loro vita. Il libro del Coming out ha ospitato due&#8230;<\/p>\n","protected":false},"author":2,"featured_media":1145,"comment_status":"open","ping_status":"open","sticky":false,"template":"","format":"standard","meta":{"footnotes":""},"categories":[53,202],"tags":[734,288,162,299,295,725,91,184],"class_list":["post-1139","post","type-post","status-publish","format-standard","has-post-thumbnail","hentry","category-17-maggio-giornata-omotransfobia","category-renzo-e-lucio-2","tag-17-maggio","tag-comune-di-lecco","tag-gay-lecco","tag-giornata-internazione-contro-omotransfobia","tag-giornata-omotransfobia","tag-lecco","tag-renzo-e-lucio","tag-renzo-e-lucio-lecco"],"yoast_head":"<!-- This site is optimized with the Yoast SEO plugin v24.5 - https:\/\/yoast.com\/wordpress\/plugins\/seo\/ -->\r\n<title>17\/05\/2015 A LECCO LA BIBLIOTECA VIVENTE CONTRO L&#039;OMOTRANSFOBIA - LGBT+diritti RENZO E LUCIO<\/title>\r\n<meta name=\"robots\" content=\"index, follow, max-snippet:-1, max-image-preview:large, max-video-preview:-1\" \/>\r\n<link rel=\"canonical\" href=\"https:\/\/www.renzoelucio.it\/?p=1139\" \/>\r\n<meta property=\"og:locale\" content=\"it_IT\" \/>\r\n<meta property=\"og:type\" content=\"article\" \/>\r\n<meta property=\"og:title\" content=\"17\/05\/2015 A LECCO LA BIBLIOTECA VIVENTE CONTRO L&#039;OMOTRANSFOBIA - LGBT+diritti RENZO E LUCIO\" \/>\r\n<meta property=\"og:description\" content=\"In occasione della Giornata Mondiale contro l&#8217;Omotransfobia Renzo e Lucio \u00e8 scesa in piazza a Lecco con l&#8217;iniziativa la Biblioteca Vivente. Quattro libri giganti in piazza XX settembre hanno fatto da contorno all&#8217;iniziativa, sotto ogni libro alcune persone hanno raccontato la loro loro storia, la loro vita. Il libro del Coming out ha ospitato due...\" \/>\r\n<meta property=\"og:url\" content=\"https:\/\/www.renzoelucio.it\/?p=1139\" \/>\r\n<meta property=\"og:site_name\" content=\"LGBT+diritti RENZO E LUCIO\" \/>\r\n<meta property=\"article:published_time\" content=\"2015-05-17T15:13:46+00:00\" \/>\r\n<meta property=\"article:modified_time\" content=\"2015-08-21T11:35:41+00:00\" \/>\r\n<meta property=\"og:image\" content=\"https:\/\/www.renzoelucio.it\/public\/wordpress\/renzoelucio\/wp-content\/uploads\/2015\/08\/11224861_10154152366514368_2647725208637011060_n.jpg\" \/>\r\n\t<meta property=\"og:image:width\" content=\"960\" \/>\r\n\t<meta property=\"og:image:height\" content=\"720\" \/>\r\n\t<meta property=\"og:image:type\" content=\"image\/jpeg\" \/>\r\n<meta name=\"author\" content=\"Mauro Pirovano\" \/>\r\n<meta name=\"twitter:card\" content=\"summary_large_image\" \/>\r\n<meta name=\"twitter:label1\" content=\"Scritto da\" \/>\n\t<meta name=\"twitter:data1\" content=\"Mauro Pirovano\" \/>\n\t<meta name=\"twitter:label2\" content=\"Tempo di lettura stimato\" \/>\n\t<meta name=\"twitter:data2\" content=\"1 minuto\" \/>\r\n<script type=\"application\/ld+json\" class=\"yoast-schema-graph\">{\"@context\":\"https:\/\/schema.org\",\"@graph\":[{\"@type\":\"WebPage\",\"@id\":\"https:\/\/www.renzoelucio.it\/?p=1139\",\"url\":\"https:\/\/www.renzoelucio.it\/?p=1139\",\"name\":\"17\/05\/2015 A LECCO LA BIBLIOTECA VIVENTE CONTRO L'OMOTRANSFOBIA - LGBT+diritti RENZO E LUCIO\",\"isPartOf\":{\"@id\":\"https:\/\/www.renzoelucio.it\/#website\"},\"primaryImageOfPage\":{\"@id\":\"https:\/\/www.renzoelucio.it\/?p=1139#primaryimage\"},\"image\":{\"@id\":\"https:\/\/www.renzoelucio.it\/?p=1139#primaryimage\"},\"thumbnailUrl\":\"https:\/\/www.renzoelucio.it\/public\/wordpress\/renzoelucio\/wp-content\/uploads\/2015\/08\/11224861_10154152366514368_2647725208637011060_n.jpg\",\"datePublished\":\"2015-05-17T15:13:46+00:00\",\"dateModified\":\"2015-08-21T11:35:41+00:00\",\"author\":{\"@id\":\"https:\/\/www.renzoelucio.it\/#\/schema\/person\/0ecd8a1144e9dbb57b99cf93bcce77da\"},\"breadcrumb\":{\"@id\":\"https:\/\/www.renzoelucio.it\/?p=1139#breadcrumb\"},\"inLanguage\":\"it-IT\",\"potentialAction\":[{\"@type\":\"ReadAction\",\"target\":[\"https:\/\/www.renzoelucio.it\/?p=1139\"]}]},{\"@type\":\"ImageObject\",\"inLanguage\":\"it-IT\",\"@id\":\"https:\/\/www.renzoelucio.it\/?p=1139#primaryimage\",\"url\":\"https:\/\/www.renzoelucio.it\/public\/wordpress\/renzoelucio\/wp-content\/uploads\/2015\/08\/11224861_10154152366514368_2647725208637011060_n.jpg\",\"contentUrl\":\"https:\/\/www.renzoelucio.it\/public\/wordpress\/renzoelucio\/wp-content\/uploads\/2015\/08\/11224861_10154152366514368_2647725208637011060_n.jpg\",\"width\":960,\"height\":720},{\"@type\":\"BreadcrumbList\",\"@id\":\"https:\/\/www.renzoelucio.it\/?p=1139#breadcrumb\",\"itemListElement\":[{\"@type\":\"ListItem\",\"position\":1,\"name\":\"Home\",\"item\":\"https:\/\/www.renzoelucio.it\/\"},{\"@type\":\"ListItem\",\"position\":2,\"name\":\"17\/05\/2015 A LECCO LA BIBLIOTECA VIVENTE CONTRO L&#8217;OMOTRANSFOBIA\"}]},{\"@type\":\"WebSite\",\"@id\":\"https:\/\/www.renzoelucio.it\/#website\",\"url\":\"https:\/\/www.renzoelucio.it\/\",\"name\":\"LGBT+diritti RENZO E LUCIO\",\"description\":\"\",\"potentialAction\":[{\"@type\":\"SearchAction\",\"target\":{\"@type\":\"EntryPoint\",\"urlTemplate\":\"https:\/\/www.renzoelucio.it\/?s={search_term_string}\"},\"query-input\":{\"@type\":\"PropertyValueSpecification\",\"valueRequired\":true,\"valueName\":\"search_term_string\"}}],\"inLanguage\":\"it-IT\"},{\"@type\":\"Person\",\"@id\":\"https:\/\/www.renzoelucio.it\/#\/schema\/person\/0ecd8a1144e9dbb57b99cf93bcce77da\",\"name\":\"Mauro Pirovano\",\"image\":{\"@type\":\"ImageObject\",\"inLanguage\":\"it-IT\",\"@id\":\"https:\/\/www.renzoelucio.it\/#\/schema\/person\/image\/\",\"url\":\"https:\/\/secure.gravatar.com\/avatar\/98cdd444e02881ccfbbeb7860292420827bf54eea54779821111b0fb5476459b?s=96&d=mm&r=g\",\"contentUrl\":\"https:\/\/secure.gravatar.com\/avatar\/98cdd444e02881ccfbbeb7860292420827bf54eea54779821111b0fb5476459b?s=96&d=mm&r=g\",\"caption\":\"Mauro Pirovano\"},\"url\":\"https:\/\/www.renzoelucio.it\/?author=2\"}]}<\/script>\r\n<!-- \/ Yoast SEO plugin. -->","yoast_head_json":{"title":"17\/05\/2015 A LECCO LA BIBLIOTECA VIVENTE CONTRO L'OMOTRANSFOBIA - LGBT+diritti RENZO E LUCIO","robots":{"index":"index","follow":"follow","max-snippet":"max-snippet:-1","max-image-preview":"max-image-preview:large","max-video-preview":"max-video-preview:-1"},"canonical":"https:\/\/www.renzoelucio.it\/?p=1139","og_locale":"it_IT","og_type":"article","og_title":"17\/05\/2015 A LECCO LA BIBLIOTECA VIVENTE CONTRO L'OMOTRANSFOBIA - LGBT+diritti RENZO E LUCIO","og_description":"In occasione della Giornata Mondiale contro l&#8217;Omotransfobia Renzo e Lucio \u00e8 scesa in piazza a Lecco con l&#8217;iniziativa la Biblioteca Vivente. Quattro libri giganti in piazza XX settembre hanno fatto da contorno all&#8217;iniziativa, sotto ogni libro alcune persone hanno raccontato la loro loro storia, la loro vita. Il libro del Coming out ha ospitato due...","og_url":"https:\/\/www.renzoelucio.it\/?p=1139","og_site_name":"LGBT+diritti RENZO E LUCIO","article_published_time":"2015-05-17T15:13:46+00:00","article_modified_time":"2015-08-21T11:35:41+00:00","og_image":[{"width":960,"height":720,"url":"https:\/\/www.renzoelucio.it\/public\/wordpress\/renzoelucio\/wp-content\/uploads\/2015\/08\/11224861_10154152366514368_2647725208637011060_n.jpg","type":"image\/jpeg"}],"author":"Mauro Pirovano","twitter_card":"summary_large_image","twitter_misc":{"Scritto da":"Mauro Pirovano","Tempo di lettura stimato":"1 minuto"},"schema":{"@context":"https:\/\/schema.org","@graph":[{"@type":"WebPage","@id":"https:\/\/www.renzoelucio.it\/?p=1139","url":"https:\/\/www.renzoelucio.it\/?p=1139","name":"17\/05\/2015 A LECCO LA BIBLIOTECA VIVENTE CONTRO L'OMOTRANSFOBIA - LGBT+diritti RENZO E LUCIO","isPartOf":{"@id":"https:\/\/www.renzoelucio.it\/#website"},"primaryImageOfPage":{"@id":"https:\/\/www.renzoelucio.it\/?p=1139#primaryimage"},"image":{"@id":"https:\/\/www.renzoelucio.it\/?p=1139#primaryimage"},"thumbnailUrl":"https:\/\/www.renzoelucio.it\/public\/wordpress\/renzoelucio\/wp-content\/uploads\/2015\/08\/11224861_10154152366514368_2647725208637011060_n.jpg","datePublished":"2015-05-17T15:13:46+00:00","dateModified":"2015-08-21T11:35:41+00:00","author":{"@id":"https:\/\/www.renzoelucio.it\/#\/schema\/person\/0ecd8a1144e9dbb57b99cf93bcce77da"},"breadcrumb":{"@id":"https:\/\/www.renzoelucio.it\/?p=1139#breadcrumb"},"inLanguage":"it-IT","potentialAction":[{"@type":"ReadAction","target":["https:\/\/www.renzoelucio.it\/?p=1139"]}]},{"@type":"ImageObject","inLanguage":"it-IT","@id":"https:\/\/www.renzoelucio.it\/?p=1139#primaryimage","url":"https:\/\/www.renzoelucio.it\/public\/wordpress\/renzoelucio\/wp-content\/uploads\/2015\/08\/11224861_10154152366514368_2647725208637011060_n.jpg","contentUrl":"https:\/\/www.renzoelucio.it\/public\/wordpress\/renzoelucio\/wp-content\/uploads\/2015\/08\/11224861_10154152366514368_2647725208637011060_n.jpg","width":960,"height":720},{"@type":"BreadcrumbList","@id":"https:\/\/www.renzoelucio.it\/?p=1139#breadcrumb","itemListElement":[{"@type":"ListItem","position":1,"name":"Home","item":"https:\/\/www.renzoelucio.it\/"},{"@type":"ListItem","position":2,"name":"17\/05\/2015 A LECCO LA BIBLIOTECA VIVENTE CONTRO L&#8217;OMOTRANSFOBIA"}]},{"@type":"WebSite","@id":"https:\/\/www.renzoelucio.it\/#website","url":"https:\/\/www.renzoelucio.it\/","name":"LGBT+diritti RENZO E LUCIO","description":"","potentialAction":[{"@type":"SearchAction","target":{"@type":"EntryPoint","urlTemplate":"https:\/\/www.renzoelucio.it\/?s={search_term_string}"},"query-input":{"@type":"PropertyValueSpecification","valueRequired":true,"valueName":"search_term_string"}}],"inLanguage":"it-IT"},{"@type":"Person","@id":"https:\/\/www.renzoelucio.it\/#\/schema\/person\/0ecd8a1144e9dbb57b99cf93bcce77da","name":"Mauro Pirovano","image":{"@type":"ImageObject","inLanguage":"it-IT","@id":"https:\/\/www.renzoelucio.it\/#\/schema\/person\/image\/","url":"https:\/\/secure.gravatar.com\/avatar\/98cdd444e02881ccfbbeb7860292420827bf54eea54779821111b0fb5476459b?s=96&d=mm&r=g","contentUrl":"https:\/\/secure.gravatar.com\/avatar\/98cdd444e02881ccfbbeb7860292420827bf54eea54779821111b0fb5476459b?s=96&d=mm&r=g","caption":"Mauro Pirovano"},"url":"https:\/\/www.renzoelucio.it\/?author=2"}]}},"_links":{"self":[{"href":"https:\/\/www.renzoelucio.it\/index.php?rest_route=\/wp\/v2\/posts\/1139","targetHints":{"allow":["GET"]}}],"collection":[{"href":"https:\/\/www.renzoelucio.it\/index.php?rest_route=\/wp\/v2\/posts"}],"about":[{"href":"https:\/\/www.renzoelucio.it\/index.php?rest_route=\/wp\/v2\/types\/post"}],"author":[{"embeddable":true,"href":"https:\/\/www.renzoelucio.it\/index.php?rest_route=\/wp\/v2\/users\/2"}],"replies":[{"embeddable":true,"href":"https:\/\/www.renzoelucio.it\/index.php?rest_route=%2Fwp%2Fv2%2Fcomments&post=1139"}],"version-history":[{"count":2,"href":"https:\/\/www.renzoelucio.it\/index.php?rest_route=\/wp\/v2\/posts\/1139\/revisions"}],"predecessor-version":[{"id":1190,"href":"https:\/\/www.renzoelucio.it\/index.php?rest_route=\/wp\/v2\/posts\/1139\/revisions\/1190"}],"wp:featuredmedia":[{"embeddable":true,"href":"https:\/\/www.renzoelucio.it\/index.php?rest_route=\/wp\/v2\/media\/1145"}],"wp:attachment":[{"href":"https:\/\/www.renzoelucio.it\/index.php?rest_route=%2Fwp%2Fv2%2Fmedia&parent=1139"}],"wp:term":[{"taxonomy":"category","embeddable":true,"href":"https:\/\/www.renzoelucio.it\/index.php?rest_route=%2Fwp%2Fv2%2Fcategories&post=1139"},{"taxonomy":"post_tag","embeddable":true,"href":"https:\/\/www.renzoelucio.it\/index.php?rest_route=%2Fwp%2Fv2%2Ftags&post=1139"}],"curies":[{"name":"wp","href":"https:\/\/api.w.org\/{rel}","templated":true}]}}