{"id":1319,"date":"2015-08-05T20:59:35","date_gmt":"2015-08-05T18:59:35","guid":{"rendered":"http:\/\/www.renzoelucio.it\/?p=1319"},"modified":"2015-08-21T21:06:52","modified_gmt":"2015-08-21T19:06:52","slug":"03082015-morta-una-delle-ragazze-assalite-al-pride-di-gerusalemme","status":"publish","type":"post","link":"https:\/\/www.renzoelucio.it\/?p=1319","title":{"rendered":"03\/08\/2015 MORTA UNA DELLE RAGAZZE ASSALITE AL PRIDE DI GERUSALEMME"},"content":{"rendered":"<p>Shira Banki, sedici anni, qualche giorno fa ha partecipato alla manifestazione del Pride di Gerusalemme per sostenere la lotta di liberazione ed emancipazione dei suoi amici gay e lesbiche, un fanatico religioso l&#8217;ha accoltellata ed ora Shira \u00e8 morta. Vi sono persone che rispettano gli altri e condividono le loro battaglie, la sete di libert\u00e0, la voglia di essere s\u00e9 stesse, come ha fatto questa ragazzina di sedici anni. Vi sono persone che seminano odio e discriminazione, pen<span class=\"text_exposed_show\">sano e s&#8217;illudono, di rappresentare un dio ed in nome di quel dio, arrivano ad accoltellare giovani ragazze che manifestano per le strade della loro citt\u00e0. L&#8217;assassino era gi\u00e0 stato incarcerato per un atto simile compiuto al Pride del 2005, tutti dicono, un estremista fondamentalista religioso. Ma questo estremista non viene dal nulla, \u00e8 vissuto e si \u00e8 formato alla scuola di altri che ogni giorno fomentano odio e discriminazione, che ogni giorno pretendono, in nome della natura e del dio che l&#8217;avrebbe creata, chi \u00e8 buono e chi no, chi \u00e8 peccatore e chi illuminato. Una cultura religiosa dell&#8217;odio che spesso vediamo e percepiamo intorno a noi, anche nel nostro Paese e purtroppo sempre pi\u00f9 in questo periodo. Estremisti religiosi, mano nella mano con estremisti di destra, possono anche chiamarsi Sentinelle, definirsi difensori di famiglia e bambini, appoggiarsi a prelati cattolici ed alla loro campagna di diffamazione nei confronti di gay e lesbice, ma restano pur sempre propagatori di odio. L&#8217;amore pu\u00f2 essere contagioso, lo dice anche la religione, ma purtroppo anche l&#8217;odio che genera la violenza, lo dice la dura realt\u00e0 della vita di Shira.<\/span><\/p>\n<p>&nbsp;<\/p>\n<p><a href=\"http:\/\/www.renzoelucio.it\/public\/wordpress\/renzoelucio\/wp-content\/uploads\/2015\/08\/image-11.jpg\"><img loading=\"lazy\" decoding=\"async\" class=\"alignnone size-medium wp-image-1321\" src=\"http:\/\/www.renzoelucio.it\/public\/wordpress\/renzoelucio\/wp-content\/uploads\/2015\/08\/image-11-300x187.jpg\" alt=\"image (1)\" width=\"300\" height=\"187\" srcset=\"https:\/\/www.renzoelucio.it\/public\/wordpress\/renzoelucio\/wp-content\/uploads\/2015\/08\/image-11-300x187.jpg 300w, https:\/\/www.renzoelucio.it\/public\/wordpress\/renzoelucio\/wp-content\/uploads\/2015\/08\/image-11.jpg 640w\" sizes=\"auto, (max-width: 300px) 100vw, 300px\" \/><\/a> <a href=\"http:\/\/www.renzoelucio.it\/public\/wordpress\/renzoelucio\/wp-content\/uploads\/2015\/08\/tel_aviv_ragazza_pride_uccisa.jpg\"><img loading=\"lazy\" decoding=\"async\" class=\"alignnone size-medium wp-image-1322\" src=\"http:\/\/www.renzoelucio.it\/public\/wordpress\/renzoelucio\/wp-content\/uploads\/2015\/08\/tel_aviv_ragazza_pride_uccisa-300x200.jpg\" alt=\"tel_aviv_ragazza_pride_uccisa\" width=\"300\" height=\"200\" srcset=\"https:\/\/www.renzoelucio.it\/public\/wordpress\/renzoelucio\/wp-content\/uploads\/2015\/08\/tel_aviv_ragazza_pride_uccisa-300x200.jpg 300w, https:\/\/www.renzoelucio.it\/public\/wordpress\/renzoelucio\/wp-content\/uploads\/2015\/08\/tel_aviv_ragazza_pride_uccisa.jpg 724w\" sizes=\"auto, (max-width: 300px) 100vw, 300px\" \/><\/a><\/p>\n","protected":false},"excerpt":{"rendered":"<p>Shira Banki, sedici anni, qualche giorno fa ha partecipato alla manifestazione del Pride di Gerusalemme per sostenere la lotta di liberazione ed emancipazione dei suoi amici gay e lesbiche, un fanatico religioso l&#8217;ha accoltellata ed ora Shira \u00e8 morta. Vi sono persone che rispettano gli altri e condividono le loro battaglie, la sete di libert\u00e0,&#8230;<\/p>\n","protected":false},"author":2,"featured_media":1320,"comment_status":"open","ping_status":"open","sticky":false,"template":"","format":"standard","meta":{"footnotes":""},"categories":[136,36,98],"tags":[362,364,363,361,112],"class_list":["post-1319","post","type-post","status-publish","format-standard","has-post-thumbnail","hentry","category-lgbt-nel-mondo","category-omofobia","category-pride-3","tag-lomofobia-religiosa","tag-omicidio-omofobo","tag-pride-di-gerusalemme","tag-religione-ed-omofobia","tag-religioni-omofobe"],"yoast_head":"<!-- This site is optimized with the Yoast SEO plugin v24.5 - https:\/\/yoast.com\/wordpress\/plugins\/seo\/ -->\r\n<title>03\/08\/2015 MORTA UNA DELLE RAGAZZE ASSALITE AL PRIDE DI GERUSALEMME - LGBT+diritti RENZO E LUCIO<\/title>\r\n<meta name=\"robots\" content=\"index, follow, max-snippet:-1, max-image-preview:large, max-video-preview:-1\" \/>\r\n<link rel=\"canonical\" href=\"https:\/\/www.renzoelucio.it\/?p=1319\" \/>\r\n<meta property=\"og:locale\" content=\"it_IT\" \/>\r\n<meta property=\"og:type\" content=\"article\" \/>\r\n<meta property=\"og:title\" content=\"03\/08\/2015 MORTA UNA DELLE RAGAZZE ASSALITE AL PRIDE DI GERUSALEMME - LGBT+diritti RENZO E LUCIO\" \/>\r\n<meta property=\"og:description\" content=\"Shira Banki, sedici anni, qualche giorno fa ha partecipato alla manifestazione del Pride di Gerusalemme per sostenere la lotta di liberazione ed emancipazione dei suoi amici gay e lesbiche, un fanatico religioso l&#8217;ha accoltellata ed ora Shira \u00e8 morta. Vi sono persone che rispettano gli altri e condividono le loro battaglie, la sete di libert\u00e0,...\" \/>\r\n<meta property=\"og:url\" content=\"https:\/\/www.renzoelucio.it\/?p=1319\" \/>\r\n<meta property=\"og:site_name\" content=\"LGBT+diritti RENZO E LUCIO\" \/>\r\n<meta property=\"article:published_time\" content=\"2015-08-05T18:59:35+00:00\" \/>\r\n<meta property=\"article:modified_time\" content=\"2015-08-21T19:06:52+00:00\" \/>\r\n<meta property=\"og:image\" content=\"https:\/\/www.renzoelucio.it\/public\/wordpress\/renzoelucio\/wp-content\/uploads\/2015\/08\/11813420_10154356139999368_6790484082457335757_n.jpg\" \/>\r\n\t<meta property=\"og:image:width\" content=\"400\" \/>\r\n\t<meta property=\"og:image:height\" content=\"535\" \/>\r\n\t<meta property=\"og:image:type\" content=\"image\/jpeg\" \/>\r\n<meta name=\"author\" content=\"Mauro Pirovano\" \/>\r\n<meta name=\"twitter:card\" content=\"summary_large_image\" \/>\r\n<meta name=\"twitter:label1\" content=\"Scritto da\" \/>\n\t<meta name=\"twitter:data1\" content=\"Mauro Pirovano\" \/>\n\t<meta name=\"twitter:label2\" content=\"Tempo di lettura stimato\" \/>\n\t<meta name=\"twitter:data2\" content=\"1 minuto\" \/>\r\n<script type=\"application\/ld+json\" class=\"yoast-schema-graph\">{\"@context\":\"https:\/\/schema.org\",\"@graph\":[{\"@type\":\"WebPage\",\"@id\":\"https:\/\/www.renzoelucio.it\/?p=1319\",\"url\":\"https:\/\/www.renzoelucio.it\/?p=1319\",\"name\":\"03\/08\/2015 MORTA UNA DELLE RAGAZZE ASSALITE AL PRIDE DI GERUSALEMME - LGBT+diritti RENZO E LUCIO\",\"isPartOf\":{\"@id\":\"https:\/\/www.renzoelucio.it\/#website\"},\"primaryImageOfPage\":{\"@id\":\"https:\/\/www.renzoelucio.it\/?p=1319#primaryimage\"},\"image\":{\"@id\":\"https:\/\/www.renzoelucio.it\/?p=1319#primaryimage\"},\"thumbnailUrl\":\"https:\/\/www.renzoelucio.it\/public\/wordpress\/renzoelucio\/wp-content\/uploads\/2015\/08\/11813420_10154356139999368_6790484082457335757_n.jpg\",\"datePublished\":\"2015-08-05T18:59:35+00:00\",\"dateModified\":\"2015-08-21T19:06:52+00:00\",\"author\":{\"@id\":\"https:\/\/www.renzoelucio.it\/#\/schema\/person\/0ecd8a1144e9dbb57b99cf93bcce77da\"},\"breadcrumb\":{\"@id\":\"https:\/\/www.renzoelucio.it\/?p=1319#breadcrumb\"},\"inLanguage\":\"it-IT\",\"potentialAction\":[{\"@type\":\"ReadAction\",\"target\":[\"https:\/\/www.renzoelucio.it\/?p=1319\"]}]},{\"@type\":\"ImageObject\",\"inLanguage\":\"it-IT\",\"@id\":\"https:\/\/www.renzoelucio.it\/?p=1319#primaryimage\",\"url\":\"https:\/\/www.renzoelucio.it\/public\/wordpress\/renzoelucio\/wp-content\/uploads\/2015\/08\/11813420_10154356139999368_6790484082457335757_n.jpg\",\"contentUrl\":\"https:\/\/www.renzoelucio.it\/public\/wordpress\/renzoelucio\/wp-content\/uploads\/2015\/08\/11813420_10154356139999368_6790484082457335757_n.jpg\",\"width\":400,\"height\":535},{\"@type\":\"BreadcrumbList\",\"@id\":\"https:\/\/www.renzoelucio.it\/?p=1319#breadcrumb\",\"itemListElement\":[{\"@type\":\"ListItem\",\"position\":1,\"name\":\"Home\",\"item\":\"https:\/\/www.renzoelucio.it\/\"},{\"@type\":\"ListItem\",\"position\":2,\"name\":\"03\/08\/2015 MORTA UNA DELLE RAGAZZE ASSALITE AL PRIDE DI GERUSALEMME\"}]},{\"@type\":\"WebSite\",\"@id\":\"https:\/\/www.renzoelucio.it\/#website\",\"url\":\"https:\/\/www.renzoelucio.it\/\",\"name\":\"LGBT+diritti RENZO E LUCIO\",\"description\":\"\",\"potentialAction\":[{\"@type\":\"SearchAction\",\"target\":{\"@type\":\"EntryPoint\",\"urlTemplate\":\"https:\/\/www.renzoelucio.it\/?s={search_term_string}\"},\"query-input\":{\"@type\":\"PropertyValueSpecification\",\"valueRequired\":true,\"valueName\":\"search_term_string\"}}],\"inLanguage\":\"it-IT\"},{\"@type\":\"Person\",\"@id\":\"https:\/\/www.renzoelucio.it\/#\/schema\/person\/0ecd8a1144e9dbb57b99cf93bcce77da\",\"name\":\"Mauro Pirovano\",\"image\":{\"@type\":\"ImageObject\",\"inLanguage\":\"it-IT\",\"@id\":\"https:\/\/www.renzoelucio.it\/#\/schema\/person\/image\/\",\"url\":\"https:\/\/secure.gravatar.com\/avatar\/98cdd444e02881ccfbbeb7860292420827bf54eea54779821111b0fb5476459b?s=96&d=mm&r=g\",\"contentUrl\":\"https:\/\/secure.gravatar.com\/avatar\/98cdd444e02881ccfbbeb7860292420827bf54eea54779821111b0fb5476459b?s=96&d=mm&r=g\",\"caption\":\"Mauro Pirovano\"},\"url\":\"https:\/\/www.renzoelucio.it\/?author=2\"}]}<\/script>\r\n<!-- \/ Yoast SEO plugin. -->","yoast_head_json":{"title":"03\/08\/2015 MORTA UNA DELLE RAGAZZE ASSALITE AL PRIDE DI GERUSALEMME - LGBT+diritti RENZO E LUCIO","robots":{"index":"index","follow":"follow","max-snippet":"max-snippet:-1","max-image-preview":"max-image-preview:large","max-video-preview":"max-video-preview:-1"},"canonical":"https:\/\/www.renzoelucio.it\/?p=1319","og_locale":"it_IT","og_type":"article","og_title":"03\/08\/2015 MORTA UNA DELLE RAGAZZE ASSALITE AL PRIDE DI GERUSALEMME - LGBT+diritti RENZO E LUCIO","og_description":"Shira Banki, sedici anni, qualche giorno fa ha partecipato alla manifestazione del Pride di Gerusalemme per sostenere la lotta di liberazione ed emancipazione dei suoi amici gay e lesbiche, un fanatico religioso l&#8217;ha accoltellata ed ora Shira \u00e8 morta. Vi sono persone che rispettano gli altri e condividono le loro battaglie, la sete di libert\u00e0,...","og_url":"https:\/\/www.renzoelucio.it\/?p=1319","og_site_name":"LGBT+diritti RENZO E LUCIO","article_published_time":"2015-08-05T18:59:35+00:00","article_modified_time":"2015-08-21T19:06:52+00:00","og_image":[{"width":400,"height":535,"url":"https:\/\/www.renzoelucio.it\/public\/wordpress\/renzoelucio\/wp-content\/uploads\/2015\/08\/11813420_10154356139999368_6790484082457335757_n.jpg","type":"image\/jpeg"}],"author":"Mauro Pirovano","twitter_card":"summary_large_image","twitter_misc":{"Scritto da":"Mauro Pirovano","Tempo di lettura stimato":"1 minuto"},"schema":{"@context":"https:\/\/schema.org","@graph":[{"@type":"WebPage","@id":"https:\/\/www.renzoelucio.it\/?p=1319","url":"https:\/\/www.renzoelucio.it\/?p=1319","name":"03\/08\/2015 MORTA UNA DELLE RAGAZZE ASSALITE AL PRIDE DI GERUSALEMME - LGBT+diritti RENZO E LUCIO","isPartOf":{"@id":"https:\/\/www.renzoelucio.it\/#website"},"primaryImageOfPage":{"@id":"https:\/\/www.renzoelucio.it\/?p=1319#primaryimage"},"image":{"@id":"https:\/\/www.renzoelucio.it\/?p=1319#primaryimage"},"thumbnailUrl":"https:\/\/www.renzoelucio.it\/public\/wordpress\/renzoelucio\/wp-content\/uploads\/2015\/08\/11813420_10154356139999368_6790484082457335757_n.jpg","datePublished":"2015-08-05T18:59:35+00:00","dateModified":"2015-08-21T19:06:52+00:00","author":{"@id":"https:\/\/www.renzoelucio.it\/#\/schema\/person\/0ecd8a1144e9dbb57b99cf93bcce77da"},"breadcrumb":{"@id":"https:\/\/www.renzoelucio.it\/?p=1319#breadcrumb"},"inLanguage":"it-IT","potentialAction":[{"@type":"ReadAction","target":["https:\/\/www.renzoelucio.it\/?p=1319"]}]},{"@type":"ImageObject","inLanguage":"it-IT","@id":"https:\/\/www.renzoelucio.it\/?p=1319#primaryimage","url":"https:\/\/www.renzoelucio.it\/public\/wordpress\/renzoelucio\/wp-content\/uploads\/2015\/08\/11813420_10154356139999368_6790484082457335757_n.jpg","contentUrl":"https:\/\/www.renzoelucio.it\/public\/wordpress\/renzoelucio\/wp-content\/uploads\/2015\/08\/11813420_10154356139999368_6790484082457335757_n.jpg","width":400,"height":535},{"@type":"BreadcrumbList","@id":"https:\/\/www.renzoelucio.it\/?p=1319#breadcrumb","itemListElement":[{"@type":"ListItem","position":1,"name":"Home","item":"https:\/\/www.renzoelucio.it\/"},{"@type":"ListItem","position":2,"name":"03\/08\/2015 MORTA UNA DELLE RAGAZZE ASSALITE AL PRIDE DI GERUSALEMME"}]},{"@type":"WebSite","@id":"https:\/\/www.renzoelucio.it\/#website","url":"https:\/\/www.renzoelucio.it\/","name":"LGBT+diritti RENZO E LUCIO","description":"","potentialAction":[{"@type":"SearchAction","target":{"@type":"EntryPoint","urlTemplate":"https:\/\/www.renzoelucio.it\/?s={search_term_string}"},"query-input":{"@type":"PropertyValueSpecification","valueRequired":true,"valueName":"search_term_string"}}],"inLanguage":"it-IT"},{"@type":"Person","@id":"https:\/\/www.renzoelucio.it\/#\/schema\/person\/0ecd8a1144e9dbb57b99cf93bcce77da","name":"Mauro Pirovano","image":{"@type":"ImageObject","inLanguage":"it-IT","@id":"https:\/\/www.renzoelucio.it\/#\/schema\/person\/image\/","url":"https:\/\/secure.gravatar.com\/avatar\/98cdd444e02881ccfbbeb7860292420827bf54eea54779821111b0fb5476459b?s=96&d=mm&r=g","contentUrl":"https:\/\/secure.gravatar.com\/avatar\/98cdd444e02881ccfbbeb7860292420827bf54eea54779821111b0fb5476459b?s=96&d=mm&r=g","caption":"Mauro Pirovano"},"url":"https:\/\/www.renzoelucio.it\/?author=2"}]}},"_links":{"self":[{"href":"https:\/\/www.renzoelucio.it\/index.php?rest_route=\/wp\/v2\/posts\/1319","targetHints":{"allow":["GET"]}}],"collection":[{"href":"https:\/\/www.renzoelucio.it\/index.php?rest_route=\/wp\/v2\/posts"}],"about":[{"href":"https:\/\/www.renzoelucio.it\/index.php?rest_route=\/wp\/v2\/types\/post"}],"author":[{"embeddable":true,"href":"https:\/\/www.renzoelucio.it\/index.php?rest_route=\/wp\/v2\/users\/2"}],"replies":[{"embeddable":true,"href":"https:\/\/www.renzoelucio.it\/index.php?rest_route=%2Fwp%2Fv2%2Fcomments&post=1319"}],"version-history":[{"count":1,"href":"https:\/\/www.renzoelucio.it\/index.php?rest_route=\/wp\/v2\/posts\/1319\/revisions"}],"predecessor-version":[{"id":1323,"href":"https:\/\/www.renzoelucio.it\/index.php?rest_route=\/wp\/v2\/posts\/1319\/revisions\/1323"}],"wp:featuredmedia":[{"embeddable":true,"href":"https:\/\/www.renzoelucio.it\/index.php?rest_route=\/wp\/v2\/media\/1320"}],"wp:attachment":[{"href":"https:\/\/www.renzoelucio.it\/index.php?rest_route=%2Fwp%2Fv2%2Fmedia&parent=1319"}],"wp:term":[{"taxonomy":"category","embeddable":true,"href":"https:\/\/www.renzoelucio.it\/index.php?rest_route=%2Fwp%2Fv2%2Fcategories&post=1319"},{"taxonomy":"post_tag","embeddable":true,"href":"https:\/\/www.renzoelucio.it\/index.php?rest_route=%2Fwp%2Fv2%2Ftags&post=1319"}],"curies":[{"name":"wp","href":"https:\/\/api.w.org\/{rel}","templated":true}]}}