{"id":159,"date":"2014-01-12T20:18:36","date_gmt":"2014-01-12T19:18:36","guid":{"rendered":"http:\/\/www.renzoelucio.it\/wordpress\/?p=159"},"modified":"2014-01-12T20:23:14","modified_gmt":"2014-01-12T19:23:14","slug":"159","status":"publish","type":"post","link":"https:\/\/www.renzoelucio.it\/?p=159","title":{"rendered":"A MANDELLO IL REGISTRO DELLE UNIONI CIVILI"},"content":{"rendered":"<p style=\"text-align: left;\">NESSUN VOTO CONTRARIO<br \/>\n<b>Gioved\u00ec 29 novembre 2012<\/b><\/p>\n<p style=\"text-align: left;\">E&#8217; il primo comune della provincia di Lecco a compiere questo passo.<\/p>\n<p style=\"text-align: left;\">Senza nessun voto contrario, il consiglio comunale di Mandello del Lario ha approvato il Regolamento sulleUnioni Civili, dando prova ancora una volta &#8211; dopo l&#8217;approvazione del Registro sul Testamento biologico a luglio &#8211; di grande sensibilit\u00e0 sui diritti civili.<\/p>\n<p style=\"text-align: left;\"><i>&#8220;Ne andiamo fieri&#8221;\u00a0<\/i>spiega soddisfatto il sindaco\u00a0Riccardo Mariani\u00a0<i>&#8220;Non abbiamo fatto altro che istituire un Regolamento sulla scorta di altri gi\u00e0 approvati in grandi citt\u00e0 come Napoli, Milano, Empoli, Modena, Torino per citarne alcune. Questo non solo comporter\u00e0 un riconoscimento simbolico per tutte le coppie etero e omosessuali, ma vuole anche essere un segnale forte e chiaro al legislatore nazionale che finora si \u00e8 mostrato silente e colpevole della situazione in cui ci troviamo&#8221;<\/i>.<\/p>\n<p style=\"text-align: left;\"><i>&#8220;La sensibilit\u00e0 italiana e europea \u00e8 pi\u00f9 avanti del legislatore nazionale&#8221;<\/i>prosegue Mariani citando anche l&#8217;ultima indagine Istat che ha evidenziato come\u00a0<i>&#8220;la maggior parte degli italiani \u00e8 favorevole al riconoscimento delle coppie di fatto&#8221;<\/i>.<\/p>\n<p style=\"text-align: left;\">Il registro non sar\u00e0 solo simbolico ma avr\u00e0 anche\u00a0<b>&#8220;traduzione in termini normativi&#8221;<\/b>\u00a0tanto che verranno perfezionati in questo senso anche regolamenti gi\u00e0 esistenti in campi come la sanit\u00e0 e i servizi sociali, le politiche giovanili, la scuola e i trasporti.<\/p>\n<p><center><span style=\"text-decoration: underline;\">Comunicato stampa<\/span><\/center><\/p>\n<p style=\"text-align: left;\"><i>Dopo che il Comune di Mandello del Lario ha approvato il<b>Regolamento delle Unioni Civili<\/b>, aperte anche alle unioni omosessuali, l\u2019associazione Renzo e Lucio esprime piena soddisfazione per questa decisione che porta con s\u00e8 sia un valore pratico che politico.<\/i><\/p>\n<p>E\u2019 importante che, nonostante la paralisi ideologica su questi temi perpetrata dalla polita nazionale, alcuni comuni si muovano per dire con forza la necessit\u00e0 di riconoscere i diritti delle persone gay e lesbiche a veder riconosciuta pubblicamente la loro unione.<\/p>\n<p>E\u2019 importante che ci si renda conto che, un diritto di alcuni riconosciuto ad altri, non intacca o sminuisce alcun valore, \u00e8 importante che si possa parlare non pi\u00f9 di famiglia al singolare ma si impari a parlarne al plurale.<\/p>\n<p>E\u2019 importante che vi sia un riconoscimento pubblico anche alle unioni omosessuali in quanto questo aiuta un cambiamento socio-culturale capace di abbattere discriminazione ed emarginazione.<\/p>\n<p>E\u2019 importante che si impari ad accogliere le differenze di ciascuno come un valore e non come una minaccia.<\/p>\n<p>Per questo motivo, esprimiamo grande soddisfazione per l\u2019azione compiuta dal Consiglio Comunale di Mandello e per l\u2019opera del Sindaco che ha fortemente lanciato e sostenuto questa iniziativa. Accogliamo anche con ammirazione il fatto che non vi siano stati veti pregiudiziali da parte delle opposizioni e che, da una e dall\u2019altra forza politica, si sia finalmente espressa la capacit\u00e0 di affrontare questi argomenti, con laicit\u00e0 e praticit\u00e0, segno forse di una tanto auspicata maturazione politica.<\/p>\n<p>La nostra ammirazione per l\u2019Amministrazione comunale di Mandello, ed in questo caso anche dell\u2019opposizione, che hanno dimostrato, anche ad altri comuni del nostro territorio, uno stile ed una capacit\u00e0 politica che, ci auspichiamo possa essere modello per tutti.<\/p>\n<p>Noi siamo consapevoli che queste azioni debbano essere considerate solo propedeutiche verso una forte e laica legislazione nazionale, verso la quale noi continueremo sempre ad auspicare la piena equiparazione fra le varie unioni, che avverr\u00e0 solo quando verr\u00e0 riconosciuta anche alle persone dello stesso sesso la possibilit\u00e0 di accedere al diritto del matrimonio civile.<\/p>\n<p>Mauro Pirovano, presidente di R&amp;L<\/p>\n","protected":false},"excerpt":{"rendered":"<p>NESSUN VOTO CONTRARIO Gioved\u00ec 29 novembre 2012 E&#8217; il primo comune della provincia di Lecco a compiere questo passo. Senza nessun voto contrario, il consiglio comunale di Mandello del Lario ha approvato il Regolamento sulleUnioni Civili, dando prova ancora una volta &#8211; dopo l&#8217;approvazione del Registro sul Testamento biologico a luglio &#8211; di grande sensibilit\u00e0&#8230;<\/p>\n","protected":false},"author":3,"featured_media":0,"comment_status":"open","ping_status":"open","sticky":false,"template":"","format":"standard","meta":{"footnotes":""},"categories":[38],"tags":[18,725,39,730],"class_list":["post-159","post","type-post","status-publish","format-standard","hentry","category-unioni-civili","tag-gay","tag-lecco","tag-mandello","tag-unioni-civili"],"yoast_head":"<!-- This site is optimized with the Yoast SEO plugin v24.5 - https:\/\/yoast.com\/wordpress\/plugins\/seo\/ -->\r\n<title>A MANDELLO IL REGISTRO DELLE UNIONI CIVILI - LGBT+diritti RENZO E LUCIO<\/title>\r\n<meta name=\"robots\" content=\"index, follow, max-snippet:-1, max-image-preview:large, max-video-preview:-1\" \/>\r\n<link rel=\"canonical\" href=\"https:\/\/www.renzoelucio.it\/?p=159\" \/>\r\n<meta property=\"og:locale\" content=\"it_IT\" \/>\r\n<meta property=\"og:type\" content=\"article\" \/>\r\n<meta property=\"og:title\" content=\"A MANDELLO IL REGISTRO DELLE UNIONI CIVILI - LGBT+diritti RENZO E LUCIO\" \/>\r\n<meta property=\"og:description\" content=\"NESSUN VOTO CONTRARIO Gioved\u00ec 29 novembre 2012 E&#8217; il primo comune della provincia di Lecco a compiere questo passo. Senza nessun voto contrario, il consiglio comunale di Mandello del Lario ha approvato il Regolamento sulleUnioni Civili, dando prova ancora una volta &#8211; dopo l&#8217;approvazione del Registro sul Testamento biologico a luglio &#8211; di grande sensibilit\u00e0...\" \/>\r\n<meta property=\"og:url\" content=\"https:\/\/www.renzoelucio.it\/?p=159\" \/>\r\n<meta property=\"og:site_name\" content=\"LGBT+diritti RENZO E LUCIO\" \/>\r\n<meta property=\"article:published_time\" content=\"2014-01-12T19:18:36+00:00\" \/>\r\n<meta property=\"article:modified_time\" content=\"2014-01-12T19:23:14+00:00\" \/>\r\n<meta name=\"author\" content=\"Marco Invernizzi\" \/>\r\n<meta name=\"twitter:card\" content=\"summary_large_image\" \/>\r\n<meta name=\"twitter:label1\" content=\"Scritto da\" \/>\n\t<meta name=\"twitter:data1\" content=\"Marco Invernizzi\" \/>\n\t<meta name=\"twitter:label2\" content=\"Tempo di lettura stimato\" \/>\n\t<meta name=\"twitter:data2\" content=\"3 minuti\" \/>\r\n<script type=\"application\/ld+json\" class=\"yoast-schema-graph\">{\"@context\":\"https:\/\/schema.org\",\"@graph\":[{\"@type\":\"WebPage\",\"@id\":\"https:\/\/www.renzoelucio.it\/?p=159\",\"url\":\"https:\/\/www.renzoelucio.it\/?p=159\",\"name\":\"A MANDELLO IL REGISTRO DELLE UNIONI CIVILI - LGBT+diritti RENZO E LUCIO\",\"isPartOf\":{\"@id\":\"https:\/\/www.renzoelucio.it\/#website\"},\"datePublished\":\"2014-01-12T19:18:36+00:00\",\"dateModified\":\"2014-01-12T19:23:14+00:00\",\"author\":{\"@id\":\"https:\/\/www.renzoelucio.it\/#\/schema\/person\/88f64aacbe216f48e58727ec2ef83c63\"},\"breadcrumb\":{\"@id\":\"https:\/\/www.renzoelucio.it\/?p=159#breadcrumb\"},\"inLanguage\":\"it-IT\",\"potentialAction\":[{\"@type\":\"ReadAction\",\"target\":[\"https:\/\/www.renzoelucio.it\/?p=159\"]}]},{\"@type\":\"BreadcrumbList\",\"@id\":\"https:\/\/www.renzoelucio.it\/?p=159#breadcrumb\",\"itemListElement\":[{\"@type\":\"ListItem\",\"position\":1,\"name\":\"Home\",\"item\":\"https:\/\/www.renzoelucio.it\/\"},{\"@type\":\"ListItem\",\"position\":2,\"name\":\"A MANDELLO IL REGISTRO DELLE UNIONI CIVILI\"}]},{\"@type\":\"WebSite\",\"@id\":\"https:\/\/www.renzoelucio.it\/#website\",\"url\":\"https:\/\/www.renzoelucio.it\/\",\"name\":\"LGBT+diritti RENZO E LUCIO\",\"description\":\"\",\"potentialAction\":[{\"@type\":\"SearchAction\",\"target\":{\"@type\":\"EntryPoint\",\"urlTemplate\":\"https:\/\/www.renzoelucio.it\/?s={search_term_string}\"},\"query-input\":{\"@type\":\"PropertyValueSpecification\",\"valueRequired\":true,\"valueName\":\"search_term_string\"}}],\"inLanguage\":\"it-IT\"},{\"@type\":\"Person\",\"@id\":\"https:\/\/www.renzoelucio.it\/#\/schema\/person\/88f64aacbe216f48e58727ec2ef83c63\",\"name\":\"Marco Invernizzi\",\"image\":{\"@type\":\"ImageObject\",\"inLanguage\":\"it-IT\",\"@id\":\"https:\/\/www.renzoelucio.it\/#\/schema\/person\/image\/\",\"url\":\"https:\/\/secure.gravatar.com\/avatar\/3bd2bf16f7291d75fe1df0e37429b896c27819455f29181ac7a43c2350ac0089?s=96&d=mm&r=g\",\"contentUrl\":\"https:\/\/secure.gravatar.com\/avatar\/3bd2bf16f7291d75fe1df0e37429b896c27819455f29181ac7a43c2350ac0089?s=96&d=mm&r=g\",\"caption\":\"Marco Invernizzi\"},\"url\":\"https:\/\/www.renzoelucio.it\/?author=3\"}]}<\/script>\r\n<!-- \/ Yoast SEO plugin. -->","yoast_head_json":{"title":"A MANDELLO IL REGISTRO DELLE UNIONI CIVILI - LGBT+diritti RENZO E LUCIO","robots":{"index":"index","follow":"follow","max-snippet":"max-snippet:-1","max-image-preview":"max-image-preview:large","max-video-preview":"max-video-preview:-1"},"canonical":"https:\/\/www.renzoelucio.it\/?p=159","og_locale":"it_IT","og_type":"article","og_title":"A MANDELLO IL REGISTRO DELLE UNIONI CIVILI - LGBT+diritti RENZO E LUCIO","og_description":"NESSUN VOTO CONTRARIO Gioved\u00ec 29 novembre 2012 E&#8217; il primo comune della provincia di Lecco a compiere questo passo. Senza nessun voto contrario, il consiglio comunale di Mandello del Lario ha approvato il Regolamento sulleUnioni Civili, dando prova ancora una volta &#8211; dopo l&#8217;approvazione del Registro sul Testamento biologico a luglio &#8211; di grande sensibilit\u00e0...","og_url":"https:\/\/www.renzoelucio.it\/?p=159","og_site_name":"LGBT+diritti RENZO E LUCIO","article_published_time":"2014-01-12T19:18:36+00:00","article_modified_time":"2014-01-12T19:23:14+00:00","author":"Marco Invernizzi","twitter_card":"summary_large_image","twitter_misc":{"Scritto da":"Marco Invernizzi","Tempo di lettura stimato":"3 minuti"},"schema":{"@context":"https:\/\/schema.org","@graph":[{"@type":"WebPage","@id":"https:\/\/www.renzoelucio.it\/?p=159","url":"https:\/\/www.renzoelucio.it\/?p=159","name":"A MANDELLO IL REGISTRO DELLE UNIONI CIVILI - LGBT+diritti RENZO E LUCIO","isPartOf":{"@id":"https:\/\/www.renzoelucio.it\/#website"},"datePublished":"2014-01-12T19:18:36+00:00","dateModified":"2014-01-12T19:23:14+00:00","author":{"@id":"https:\/\/www.renzoelucio.it\/#\/schema\/person\/88f64aacbe216f48e58727ec2ef83c63"},"breadcrumb":{"@id":"https:\/\/www.renzoelucio.it\/?p=159#breadcrumb"},"inLanguage":"it-IT","potentialAction":[{"@type":"ReadAction","target":["https:\/\/www.renzoelucio.it\/?p=159"]}]},{"@type":"BreadcrumbList","@id":"https:\/\/www.renzoelucio.it\/?p=159#breadcrumb","itemListElement":[{"@type":"ListItem","position":1,"name":"Home","item":"https:\/\/www.renzoelucio.it\/"},{"@type":"ListItem","position":2,"name":"A MANDELLO IL REGISTRO DELLE UNIONI CIVILI"}]},{"@type":"WebSite","@id":"https:\/\/www.renzoelucio.it\/#website","url":"https:\/\/www.renzoelucio.it\/","name":"LGBT+diritti RENZO E LUCIO","description":"","potentialAction":[{"@type":"SearchAction","target":{"@type":"EntryPoint","urlTemplate":"https:\/\/www.renzoelucio.it\/?s={search_term_string}"},"query-input":{"@type":"PropertyValueSpecification","valueRequired":true,"valueName":"search_term_string"}}],"inLanguage":"it-IT"},{"@type":"Person","@id":"https:\/\/www.renzoelucio.it\/#\/schema\/person\/88f64aacbe216f48e58727ec2ef83c63","name":"Marco Invernizzi","image":{"@type":"ImageObject","inLanguage":"it-IT","@id":"https:\/\/www.renzoelucio.it\/#\/schema\/person\/image\/","url":"https:\/\/secure.gravatar.com\/avatar\/3bd2bf16f7291d75fe1df0e37429b896c27819455f29181ac7a43c2350ac0089?s=96&d=mm&r=g","contentUrl":"https:\/\/secure.gravatar.com\/avatar\/3bd2bf16f7291d75fe1df0e37429b896c27819455f29181ac7a43c2350ac0089?s=96&d=mm&r=g","caption":"Marco Invernizzi"},"url":"https:\/\/www.renzoelucio.it\/?author=3"}]}},"_links":{"self":[{"href":"https:\/\/www.renzoelucio.it\/index.php?rest_route=\/wp\/v2\/posts\/159","targetHints":{"allow":["GET"]}}],"collection":[{"href":"https:\/\/www.renzoelucio.it\/index.php?rest_route=\/wp\/v2\/posts"}],"about":[{"href":"https:\/\/www.renzoelucio.it\/index.php?rest_route=\/wp\/v2\/types\/post"}],"author":[{"embeddable":true,"href":"https:\/\/www.renzoelucio.it\/index.php?rest_route=\/wp\/v2\/users\/3"}],"replies":[{"embeddable":true,"href":"https:\/\/www.renzoelucio.it\/index.php?rest_route=%2Fwp%2Fv2%2Fcomments&post=159"}],"version-history":[{"count":5,"href":"https:\/\/www.renzoelucio.it\/index.php?rest_route=\/wp\/v2\/posts\/159\/revisions"}],"predecessor-version":[{"id":165,"href":"https:\/\/www.renzoelucio.it\/index.php?rest_route=\/wp\/v2\/posts\/159\/revisions\/165"}],"wp:attachment":[{"href":"https:\/\/www.renzoelucio.it\/index.php?rest_route=%2Fwp%2Fv2%2Fmedia&parent=159"}],"wp:term":[{"taxonomy":"category","embeddable":true,"href":"https:\/\/www.renzoelucio.it\/index.php?rest_route=%2Fwp%2Fv2%2Fcategories&post=159"},{"taxonomy":"post_tag","embeddable":true,"href":"https:\/\/www.renzoelucio.it\/index.php?rest_route=%2Fwp%2Fv2%2Ftags&post=159"}],"curies":[{"name":"wp","href":"https:\/\/api.w.org\/{rel}","templated":true}]}}