{"id":1601,"date":"2016-01-07T22:10:43","date_gmt":"2016-01-07T21:10:43","guid":{"rendered":"http:\/\/www.renzoelucio.it\/?p=1601"},"modified":"2022-11-10T20:33:06","modified_gmt":"2022-11-10T19:33:06","slug":"07012016-cosa-prevede-il-ddl-cirinna-in-27-semplici-domande","status":"publish","type":"post","link":"https:\/\/www.renzoelucio.it\/?p=1601","title":{"rendered":"07\/01\/2016 COSA PREVEDE IL DDL CIRINNA&#8217; IN 27 SEMPLICI DOMANDE"},"content":{"rendered":"<p>#unionicivili : Riportiamo qui un articolo uscito ieri sul quotidiano La Stampa che in maniera chiara e precisa, con l&#8217;aiuto di 27 domande e risposte, descrive i contenuti e le varie questioni che sono in campo realmente nel futuro dibattito al Senato a fine Gennaio. In questo momentoi che parte del modo politico e parte della Chiesa Cattolica fanno di tutto per confondere le questioni e alimentare inutili paure , \u00e8 essenziale fare chiarezza.<\/p>\n<p><a href=\"http:\/\/www.lastampa.it\/2016\/01\/06\/italia\/politica\/unioni-civili-cos-e-perch-fa-discutere-il-disegno-di-legge-in-domande-e-risposte-vMXAjAxIRYtoxYSU5gVtFK\/pagina.html\">qui l&#8217;articolo della Stampa<\/a><\/p>\n<p><strong>Unioni civili: cos\u2019\u00e8 e perch\u00e9 fa discutere il disegno di legge, in 27 domande e risposte<\/strong><\/p>\n<ol>\n<li><strong> Cosa regolamenta il disegno di legge?<\/strong><\/li>\n<\/ol>\n<p>Le norme riguardano le unioni civili tra persone dello stesso sesso e la disciplina delle convivenze.<\/p>\n<ol start=\"2\">\n<li><strong> Come \u00e8 articolato?<\/strong><\/li>\n<\/ol>\n<p>\u00c8 composto da due capi e 23 articoli. Il primo capo inserisce nel nostro ordinamento l\u2019istituto dell\u2019unione civile tra persone dello stesso sesso quale \u201cspecifica formazione sociale\u201d, ai sensi di quanto prevede l\u2019articolo 2 della Costituzione. Si tratta dunque di un legame diverso dal matrimonio fra eterosessuali, anche se presenta molti doveri e diritti in comune con esso. Il secondo capo disciplina la convivenza di fatto, sia eterosessuale che omosessuale.<\/p>\n<ol start=\"3\">\n<li><strong> Quali sono le condizioni per costituire un\u2019unione civile?<\/strong><\/li>\n<\/ol>\n<p>Bisogna essere maggiorenni e recarsi di fronte all\u2019ufficiale di stato civile con due testimoni. L\u2019ufficiale provvede alla registrazione. L\u2019unione non \u00e8 possibile quando:<\/p>\n<p>* una delle due persone sia gi\u00e0 sposata o abbia un\u2019altra unione;<\/p>\n<p>* una delle due persone sia interdetta;<\/p>\n<p>* sussistano rapporti parentela analoghi a quelli che impediscono il matrimonio<\/p>\n<p>* una delle due persone sia stata condannata per omicidio del coniuge dell\u2019altra persona o di chi le sia stato unito civilmente. Nel caso di rinvio a giudizio o di sentenza non definitiva l\u2019unione \u00e8 sospesa.<\/p>\n<ol start=\"4\">\n<li><strong> Cosa deve indicare chi si unisce?<\/strong><\/li>\n<\/ol>\n<p>Il regime patrimoniale e l\u2019eventuale adozione di un cognome comune. \u00c8 anche possibile anteporre o posporre al cognome comune il proprio.<\/p>\n<ol start=\"5\">\n<li><strong> Quali sono i diritti e i doveri derivanti dall\u2019unione?<\/strong><\/li>\n<\/ol>\n<p>Sono disciplinati dall\u2019articolo 3. Tra i pi\u00f9 rilevanti: fedelt\u00e0, assistenza morale e materiale, coabitazione, contribuzione ai bisogni comuni, potere e dovere di concordare l\u2019indirizzo della vita familiare, estensione delle disposizioni di legge e dei contratti previste per matrimoni e coniugi anche alle unioni.<\/p>\n<ol start=\"6\">\n<li><strong> Che succede per l\u2019eredit\u00e0?<\/strong><\/li>\n<\/ol>\n<p>Si applicano le stesse norme esistenti per i coniugi.<\/p>\n<ol start=\"7\">\n<li><strong> Cos\u2019\u00e8 la\u00a0<em>stepchild adoption<\/em>?<\/strong><\/li>\n<\/ol>\n<p>Letteralmente \u201cAdozione del figliastro\u201d, \u00e8 disciplinata dall\u2019articolo 5. Si tratta dell\u2019istituto per il quale una delle due persone pu\u00f2 adottare il figlio naturale dell\u2019altra, come avviene per i coniugi.<\/p>\n<ol start=\"8\">\n<li><strong> \u00c8 vero che permette la pratica dell\u2019utero in affitto?<\/strong><\/li>\n<\/ol>\n<p>No. La gravidanza di un figlio conto-terzi in Italia \u00e8 proibita. Chi sostiene questa tesi ha il timore che, aprendo all\u2019adozione del figlio naturale di un compagno, aumenti il numero di coloro che si recheranno all\u2019estero nei paesi in cui \u00e8 possibile avere un figlio pagando la donna che poter\u00e0 a termine la gestazione.<\/p>\n<ol start=\"9\">\n<li><strong> Cosa propone chi \u00e8 contro la\u00a0<em>stepchild adoption<\/em>?<\/strong><\/li>\n<\/ol>\n<p>Un istituto simile all\u2019affido, detto \u201caffido rinforzato\u201d, con pi\u00f9 tutele per il minore, ma pi\u00f9 blando dell\u2019adozione. L\u2019articolo dovrebbe essere modificato con un emendamento al Senato.<\/p>\n<ol>\n<li><strong> Come si scioglie un\u2019unione civile?<\/strong><\/li>\n<\/ol>\n<p>Con le stesse modalit\u00e0 di un matrimonio.<\/p>\n<ol>\n<li><strong> Cosa succede a un matrimonio in cui uno dei coniugi cambi di sesso?<\/strong><\/li>\n<\/ol>\n<p>Se non c\u2019\u00e8 volont\u00e0 di divorziare il matrimonio \u00e8 trasformato in un\u2019unione civile.<\/p>\n<ol start=\"2\">\n<li><strong> Che accade alle pensioni di reversibilit\u00e0, la norma per la quale al coniuge spetta una parte della pensione del partner defunto?<\/strong><\/li>\n<\/ol>\n<p>Si applica in caso di unione civile tra persone dello stesso sesso, ma non in caso di convivenza. Secondo le stime pi\u00f9 accreditate, il costo per lo Stato potrebbe arrivare a regime a una quarantina di milioni l\u2019anno.<\/p>\n<ol start=\"3\">\n<li><strong> Le unioni civili entrano in vigore con l\u2019approvazione della legge?<\/strong><\/li>\n<\/ol>\n<p>Ci sar\u00e0 un periodo transitorio. Quindi il governo entro sei mesi dovr\u00e0 emanare i decreti attuativi.<\/p>\n<ol start=\"4\">\n<li><strong> Cosa dice il disegno di legge riguardo alle convivenze di fatto?<\/strong><\/li>\n<\/ol>\n<p>Le disciplina come relazioni attenuate rispetto al matrimonio o alle unioni civili. \u00c8 un rapporto che lega due persone maggiorenni unite stabilmente da legami affettivi di coppia che non siano n\u00e9 matrimonio n\u00e9 unione civile.<\/p>\n<ol start=\"5\">\n<li><strong> Quali sono diritti e doveri della convivenza?<\/strong><\/li>\n<\/ol>\n<p>La reciproca assistenza in caso di malattia, di ricovero, la possibilit\u00e0 di visita in carcere. Ciascun convivente pu\u00f2 inoltre designare l\u2019altro quale suo rappresentante con pieni poteri in caso di malattia o di morte per le decisioni in materia di salute, donazione di organi, funerali.<\/p>\n<ol start=\"6\">\n<li><strong> Cosa prevede il disegno di legge per la casa di residenza?<\/strong><\/li>\n<\/ol>\n<p>Il convivente superstite ha il diritto di continuare ad abitare nella stessa casa per due anni o per un periodo pari alla convivenza se superiore ai due anni, e comunque per non pi\u00f9 di cinque anni. Il convivente ha inoltre diritto di succedere al deceduto nei contratti di affitto. Ai conviventi si applicano le regole riguardanti i nuclei familiari per l\u2019assegnazione delle case popolari.<\/p>\n<ol start=\"7\">\n<li><strong> Esiste un obbligo di mantenimento o di corresponsione di alimenti in caso di cessazione della convivenza di fatto?<\/strong><\/li>\n<\/ol>\n<p>Il giudice lo pu\u00f2 stabilire per un periodo proporzionale alla durata della convivenza.<\/p>\n<ol start=\"8\">\n<li><strong> Che succede nel caso un convivente lavori nell\u2019impresa dell\u2019altro?<\/strong><\/li>\n<\/ol>\n<p>Gli spetta una partecipazione agli utili dell\u2019impresa familiare, a meno che tra i due non esista un altro rapporto di societ\u00e0 o di lavoro subordinato.<\/p>\n<ol start=\"9\">\n<li><strong> Quali sono gli altri campi in cui un convivente \u00e8 parificato al coniuge?<\/strong><\/li>\n<\/ol>\n<p>L\u2019interdizione, l\u2019inabilitazione, il risarcimento dei danni.<\/p>\n<ol>\n<li><strong> Cos\u2019\u00e8 il contratto di convivenza?<\/strong><\/li>\n<\/ol>\n<p>Lo strumento con il quale i conviventi fissano la comune residenza, le modalit\u00e0 di contribuzione alla vita comune e il regime patrimoniale.<\/p>\n<ol>\n<li><strong> Quando \u00e8 impossibile la convivenza?<\/strong><\/li>\n<\/ol>\n<p>Nel caso una delle due persone sia sposata, abbia un\u2019unione civile o un altro contratto di convivenza, o ancora se sia minore, interdetta o sia stata condannata per omicidio o tentato omicidio del partner dell\u2019altra.<\/p>\n<ol start=\"2\">\n<li><strong> Come si pone fine al contratto di convivenza?<\/strong><\/li>\n<\/ol>\n<p>Per accordo tra le parti, recesso unilaterale, morte di uno dei contraenti, matrimonio o unione civile di uno dei conviventi.<\/p>\n<ol start=\"3\">\n<li><strong> Cosa accade in caso uno dei conviventi sia straniero?<\/strong><\/li>\n<\/ol>\n<p>Si applica la legge vigente nel paese di registrazione.<\/p>\n<ol start=\"4\">\n<li><strong> Ok, ma alla fine quanto costa allo Stato l\u2019applicazione della legge?<\/strong><\/li>\n<\/ol>\n<p>130,3 milioni fino al 2025.<\/p>\n<ol start=\"5\">\n<li><strong> Quali sono le posizioni dei partiti rispetto al disegno di legge?<\/strong><\/li>\n<\/ol>\n<p>Nella maggioranza il Pd \u00e8 favorevole, ma una trentina di senatori, i cosiddetti catto-dem, si oppongono alla\u00a0<em>stepchild adoption<\/em>, come pure i centristi di Ncd. Tra le opposizioni il tema delle adozioni vede contrari anche Lega e Forza Italia, sia pure con alcuni distinguo su base personale. Il M5S e Sel sono favorevoli.<\/p>\n<ol start=\"6\">\n<li><strong> Cosa dice la chiesa cattolica?<\/strong><\/li>\n<\/ol>\n<p>\u00c8 contraria alla legge, soprattutto nella parte relativa alle adozioni, e sostiene che, piuttosto delle unioni civili, sarebbero pi\u00f9 urgenti interventi a sostegno della famiglia. Lo scorso ottobre, in un\u2019intervista televisiva il vescovo Nunzio Galantino, segretario della Cei, ha dichiarato: \u201cVorrei fosse chiaro che, se dovessi, farei una legge sulla famiglia e per la famiglia, non farei questo\u201d. Tuttavia non c\u2019\u00e8 una chiusura totale al riconoscimento di diritti delle coppie omosessuali, come ha affermato il cardinale Edoardo Menichelli, arcivescovo di Ancona, ad Andrea Tornielli su La Stampa: \u00abSi possono trovare gli strumenti per venire incontro a certe esigenze di chi vive questo tipo di unioni\u00bb.<\/p>\n<ol start=\"7\">\n<li><strong> Quando se ne discuter\u00e0 in Parlamento?<\/strong><\/li>\n<\/ol>\n<p>Il disegno di legge arriver\u00e0 in aula al Senato il 26 gennaio.<\/p>\n<p>Se ancora non sei soddisfatto e ne vuoi sapere di pi\u00f9 puoi consultare o scaricare\u00a0<a href=\"http:\/\/www.senato.it\/leg\/17\/BGT\/Schede\/Ddliter\/testi\/46051_testi.htm\">il testo del disegno di legge da qui<\/a>.<\/p>\n<p>&nbsp;<\/p>\n<p>&nbsp;<\/p>\n","protected":false},"excerpt":{"rendered":"<p>#unionicivili : Riportiamo qui un articolo uscito ieri sul quotidiano La Stampa che in maniera chiara e precisa, con l&#8217;aiuto di 27 domande e risposte, descrive i contenuti e le varie questioni che sono in campo realmente nel futuro dibattito al Senato a fine Gennaio. In questo momentoi che parte del modo politico e parte&#8230;<\/p>\n","protected":false},"author":2,"featured_media":1379,"comment_status":"open","ping_status":"open","sticky":false,"template":"","format":"quote","meta":{"footnotes":""},"categories":[38],"tags":[369,730],"class_list":["post-1601","post","type-post","status-publish","format-quote","has-post-thumbnail","hentry","category-unioni-civili","tag-ddl-cirinna","tag-unioni-civili","post_format-post-format-quote"],"yoast_head":"<!-- This site is optimized with the Yoast SEO plugin v24.5 - https:\/\/yoast.com\/wordpress\/plugins\/seo\/ -->\r\n<title>07\/01\/2016 COSA PREVEDE IL DDL CIRINNA&#039; IN 27 SEMPLICI DOMANDE - LGBT+diritti RENZO E LUCIO<\/title>\r\n<meta name=\"robots\" content=\"index, follow, max-snippet:-1, max-image-preview:large, max-video-preview:-1\" \/>\r\n<link rel=\"canonical\" href=\"https:\/\/www.renzoelucio.it\/?p=1601\" \/>\r\n<meta property=\"og:locale\" content=\"it_IT\" \/>\r\n<meta property=\"og:type\" content=\"article\" \/>\r\n<meta property=\"og:title\" content=\"07\/01\/2016 COSA PREVEDE IL DDL CIRINNA&#039; IN 27 SEMPLICI DOMANDE - LGBT+diritti RENZO E LUCIO\" \/>\r\n<meta property=\"og:description\" content=\"#unionicivili : Riportiamo qui un articolo uscito ieri sul quotidiano La Stampa che in maniera chiara e precisa, con l&#8217;aiuto di 27 domande e risposte, descrive i contenuti e le varie questioni che sono in campo realmente nel futuro dibattito al Senato a fine Gennaio. In questo momentoi che parte del modo politico e parte...\" \/>\r\n<meta property=\"og:url\" content=\"https:\/\/www.renzoelucio.it\/?p=1601\" \/>\r\n<meta property=\"og:site_name\" content=\"LGBT+diritti RENZO E LUCIO\" \/>\r\n<meta property=\"article:published_time\" content=\"2016-01-07T21:10:43+00:00\" \/>\r\n<meta property=\"article:modified_time\" content=\"2022-11-10T19:33:06+00:00\" \/>\r\n<meta property=\"og:image\" content=\"https:\/\/www.renzoelucio.it\/public\/wordpress\/renzoelucio\/wp-content\/uploads\/2015\/08\/IMG_4140.jpg\" \/>\r\n\t<meta property=\"og:image:width\" content=\"600\" \/>\r\n\t<meta property=\"og:image:height\" content=\"800\" \/>\r\n\t<meta property=\"og:image:type\" content=\"image\/jpeg\" \/>\r\n<meta name=\"author\" content=\"Mauro Pirovano\" \/>\r\n<meta name=\"twitter:card\" content=\"summary_large_image\" \/>\r\n<meta name=\"twitter:label1\" content=\"Scritto da\" \/>\n\t<meta name=\"twitter:data1\" content=\"Mauro Pirovano\" \/>\n\t<meta name=\"twitter:label2\" content=\"Tempo di lettura stimato\" \/>\n\t<meta name=\"twitter:data2\" content=\"6 minuti\" \/>\r\n<script type=\"application\/ld+json\" class=\"yoast-schema-graph\">{\"@context\":\"https:\/\/schema.org\",\"@graph\":[{\"@type\":\"WebPage\",\"@id\":\"https:\/\/www.renzoelucio.it\/?p=1601\",\"url\":\"https:\/\/www.renzoelucio.it\/?p=1601\",\"name\":\"07\/01\/2016 COSA PREVEDE IL DDL CIRINNA' IN 27 SEMPLICI DOMANDE - LGBT+diritti RENZO E LUCIO\",\"isPartOf\":{\"@id\":\"https:\/\/www.renzoelucio.it\/#website\"},\"primaryImageOfPage\":{\"@id\":\"https:\/\/www.renzoelucio.it\/?p=1601#primaryimage\"},\"image\":{\"@id\":\"https:\/\/www.renzoelucio.it\/?p=1601#primaryimage\"},\"thumbnailUrl\":\"https:\/\/www.renzoelucio.it\/public\/wordpress\/renzoelucio\/wp-content\/uploads\/2015\/08\/IMG_4140.jpg\",\"datePublished\":\"2016-01-07T21:10:43+00:00\",\"dateModified\":\"2022-11-10T19:33:06+00:00\",\"author\":{\"@id\":\"https:\/\/www.renzoelucio.it\/#\/schema\/person\/0ecd8a1144e9dbb57b99cf93bcce77da\"},\"breadcrumb\":{\"@id\":\"https:\/\/www.renzoelucio.it\/?p=1601#breadcrumb\"},\"inLanguage\":\"it-IT\",\"potentialAction\":[{\"@type\":\"ReadAction\",\"target\":[\"https:\/\/www.renzoelucio.it\/?p=1601\"]}]},{\"@type\":\"ImageObject\",\"inLanguage\":\"it-IT\",\"@id\":\"https:\/\/www.renzoelucio.it\/?p=1601#primaryimage\",\"url\":\"https:\/\/www.renzoelucio.it\/public\/wordpress\/renzoelucio\/wp-content\/uploads\/2015\/08\/IMG_4140.jpg\",\"contentUrl\":\"https:\/\/www.renzoelucio.it\/public\/wordpress\/renzoelucio\/wp-content\/uploads\/2015\/08\/IMG_4140.jpg\",\"width\":600,\"height\":800},{\"@type\":\"BreadcrumbList\",\"@id\":\"https:\/\/www.renzoelucio.it\/?p=1601#breadcrumb\",\"itemListElement\":[{\"@type\":\"ListItem\",\"position\":1,\"name\":\"Home\",\"item\":\"https:\/\/www.renzoelucio.it\/\"},{\"@type\":\"ListItem\",\"position\":2,\"name\":\"07\/01\/2016 COSA PREVEDE IL DDL CIRINNA&#8217; IN 27 SEMPLICI DOMANDE\"}]},{\"@type\":\"WebSite\",\"@id\":\"https:\/\/www.renzoelucio.it\/#website\",\"url\":\"https:\/\/www.renzoelucio.it\/\",\"name\":\"LGBT+diritti RENZO E LUCIO\",\"description\":\"\",\"potentialAction\":[{\"@type\":\"SearchAction\",\"target\":{\"@type\":\"EntryPoint\",\"urlTemplate\":\"https:\/\/www.renzoelucio.it\/?s={search_term_string}\"},\"query-input\":{\"@type\":\"PropertyValueSpecification\",\"valueRequired\":true,\"valueName\":\"search_term_string\"}}],\"inLanguage\":\"it-IT\"},{\"@type\":\"Person\",\"@id\":\"https:\/\/www.renzoelucio.it\/#\/schema\/person\/0ecd8a1144e9dbb57b99cf93bcce77da\",\"name\":\"Mauro Pirovano\",\"image\":{\"@type\":\"ImageObject\",\"inLanguage\":\"it-IT\",\"@id\":\"https:\/\/www.renzoelucio.it\/#\/schema\/person\/image\/\",\"url\":\"https:\/\/secure.gravatar.com\/avatar\/98cdd444e02881ccfbbeb7860292420827bf54eea54779821111b0fb5476459b?s=96&d=mm&r=g\",\"contentUrl\":\"https:\/\/secure.gravatar.com\/avatar\/98cdd444e02881ccfbbeb7860292420827bf54eea54779821111b0fb5476459b?s=96&d=mm&r=g\",\"caption\":\"Mauro Pirovano\"},\"url\":\"https:\/\/www.renzoelucio.it\/?author=2\"}]}<\/script>\r\n<!-- \/ Yoast SEO plugin. -->","yoast_head_json":{"title":"07\/01\/2016 COSA PREVEDE IL DDL CIRINNA' IN 27 SEMPLICI DOMANDE - LGBT+diritti RENZO E LUCIO","robots":{"index":"index","follow":"follow","max-snippet":"max-snippet:-1","max-image-preview":"max-image-preview:large","max-video-preview":"max-video-preview:-1"},"canonical":"https:\/\/www.renzoelucio.it\/?p=1601","og_locale":"it_IT","og_type":"article","og_title":"07\/01\/2016 COSA PREVEDE IL DDL CIRINNA' IN 27 SEMPLICI DOMANDE - LGBT+diritti RENZO E LUCIO","og_description":"#unionicivili : Riportiamo qui un articolo uscito ieri sul quotidiano La Stampa che in maniera chiara e precisa, con l&#8217;aiuto di 27 domande e risposte, descrive i contenuti e le varie questioni che sono in campo realmente nel futuro dibattito al Senato a fine Gennaio. In questo momentoi che parte del modo politico e parte...","og_url":"https:\/\/www.renzoelucio.it\/?p=1601","og_site_name":"LGBT+diritti RENZO E LUCIO","article_published_time":"2016-01-07T21:10:43+00:00","article_modified_time":"2022-11-10T19:33:06+00:00","og_image":[{"width":600,"height":800,"url":"https:\/\/www.renzoelucio.it\/public\/wordpress\/renzoelucio\/wp-content\/uploads\/2015\/08\/IMG_4140.jpg","type":"image\/jpeg"}],"author":"Mauro Pirovano","twitter_card":"summary_large_image","twitter_misc":{"Scritto da":"Mauro Pirovano","Tempo di lettura stimato":"6 minuti"},"schema":{"@context":"https:\/\/schema.org","@graph":[{"@type":"WebPage","@id":"https:\/\/www.renzoelucio.it\/?p=1601","url":"https:\/\/www.renzoelucio.it\/?p=1601","name":"07\/01\/2016 COSA PREVEDE IL DDL CIRINNA' IN 27 SEMPLICI DOMANDE - LGBT+diritti RENZO E LUCIO","isPartOf":{"@id":"https:\/\/www.renzoelucio.it\/#website"},"primaryImageOfPage":{"@id":"https:\/\/www.renzoelucio.it\/?p=1601#primaryimage"},"image":{"@id":"https:\/\/www.renzoelucio.it\/?p=1601#primaryimage"},"thumbnailUrl":"https:\/\/www.renzoelucio.it\/public\/wordpress\/renzoelucio\/wp-content\/uploads\/2015\/08\/IMG_4140.jpg","datePublished":"2016-01-07T21:10:43+00:00","dateModified":"2022-11-10T19:33:06+00:00","author":{"@id":"https:\/\/www.renzoelucio.it\/#\/schema\/person\/0ecd8a1144e9dbb57b99cf93bcce77da"},"breadcrumb":{"@id":"https:\/\/www.renzoelucio.it\/?p=1601#breadcrumb"},"inLanguage":"it-IT","potentialAction":[{"@type":"ReadAction","target":["https:\/\/www.renzoelucio.it\/?p=1601"]}]},{"@type":"ImageObject","inLanguage":"it-IT","@id":"https:\/\/www.renzoelucio.it\/?p=1601#primaryimage","url":"https:\/\/www.renzoelucio.it\/public\/wordpress\/renzoelucio\/wp-content\/uploads\/2015\/08\/IMG_4140.jpg","contentUrl":"https:\/\/www.renzoelucio.it\/public\/wordpress\/renzoelucio\/wp-content\/uploads\/2015\/08\/IMG_4140.jpg","width":600,"height":800},{"@type":"BreadcrumbList","@id":"https:\/\/www.renzoelucio.it\/?p=1601#breadcrumb","itemListElement":[{"@type":"ListItem","position":1,"name":"Home","item":"https:\/\/www.renzoelucio.it\/"},{"@type":"ListItem","position":2,"name":"07\/01\/2016 COSA PREVEDE IL DDL CIRINNA&#8217; IN 27 SEMPLICI DOMANDE"}]},{"@type":"WebSite","@id":"https:\/\/www.renzoelucio.it\/#website","url":"https:\/\/www.renzoelucio.it\/","name":"LGBT+diritti RENZO E LUCIO","description":"","potentialAction":[{"@type":"SearchAction","target":{"@type":"EntryPoint","urlTemplate":"https:\/\/www.renzoelucio.it\/?s={search_term_string}"},"query-input":{"@type":"PropertyValueSpecification","valueRequired":true,"valueName":"search_term_string"}}],"inLanguage":"it-IT"},{"@type":"Person","@id":"https:\/\/www.renzoelucio.it\/#\/schema\/person\/0ecd8a1144e9dbb57b99cf93bcce77da","name":"Mauro Pirovano","image":{"@type":"ImageObject","inLanguage":"it-IT","@id":"https:\/\/www.renzoelucio.it\/#\/schema\/person\/image\/","url":"https:\/\/secure.gravatar.com\/avatar\/98cdd444e02881ccfbbeb7860292420827bf54eea54779821111b0fb5476459b?s=96&d=mm&r=g","contentUrl":"https:\/\/secure.gravatar.com\/avatar\/98cdd444e02881ccfbbeb7860292420827bf54eea54779821111b0fb5476459b?s=96&d=mm&r=g","caption":"Mauro Pirovano"},"url":"https:\/\/www.renzoelucio.it\/?author=2"}]}},"_links":{"self":[{"href":"https:\/\/www.renzoelucio.it\/index.php?rest_route=\/wp\/v2\/posts\/1601","targetHints":{"allow":["GET"]}}],"collection":[{"href":"https:\/\/www.renzoelucio.it\/index.php?rest_route=\/wp\/v2\/posts"}],"about":[{"href":"https:\/\/www.renzoelucio.it\/index.php?rest_route=\/wp\/v2\/types\/post"}],"author":[{"embeddable":true,"href":"https:\/\/www.renzoelucio.it\/index.php?rest_route=\/wp\/v2\/users\/2"}],"replies":[{"embeddable":true,"href":"https:\/\/www.renzoelucio.it\/index.php?rest_route=%2Fwp%2Fv2%2Fcomments&post=1601"}],"version-history":[{"count":1,"href":"https:\/\/www.renzoelucio.it\/index.php?rest_route=\/wp\/v2\/posts\/1601\/revisions"}],"predecessor-version":[{"id":1602,"href":"https:\/\/www.renzoelucio.it\/index.php?rest_route=\/wp\/v2\/posts\/1601\/revisions\/1602"}],"wp:featuredmedia":[{"embeddable":true,"href":"https:\/\/www.renzoelucio.it\/index.php?rest_route=\/wp\/v2\/media\/1379"}],"wp:attachment":[{"href":"https:\/\/www.renzoelucio.it\/index.php?rest_route=%2Fwp%2Fv2%2Fmedia&parent=1601"}],"wp:term":[{"taxonomy":"category","embeddable":true,"href":"https:\/\/www.renzoelucio.it\/index.php?rest_route=%2Fwp%2Fv2%2Fcategories&post=1601"},{"taxonomy":"post_tag","embeddable":true,"href":"https:\/\/www.renzoelucio.it\/index.php?rest_route=%2Fwp%2Fv2%2Ftags&post=1601"}],"curies":[{"name":"wp","href":"https:\/\/api.w.org\/{rel}","templated":true}]}}