{"id":1625,"date":"2016-01-27T22:47:09","date_gmt":"2016-01-27T21:47:09","guid":{"rendered":"http:\/\/www.renzoelucio.it\/?p=1625"},"modified":"2022-11-10T20:31:54","modified_gmt":"2022-11-10T19:31:54","slug":"27012016-unioni-civili-slitta-la-discussione-al-senato","status":"publish","type":"post","link":"https:\/\/www.renzoelucio.it\/?p=1625","title":{"rendered":"27\/01\/2016 #UNIONICIVILI SLITTA LA DISCUSSIONE AL SENATO"},"content":{"rendered":"<p>Il DDL Cirinn\u00e0 sulle unioni civili doveva iniziare il suo iter all&#8217;analisi del Senato il 28 gennaio ma \u00e8 di oggi la notizia che per domani \u00e8 previsto solo l&#8217;incardinamento del provvedimento, la discussione slitta al 2 febbraio. Lo ha deciso la commissione capigruppo al Senato. Si \u00e8 deciso lo slittamento e pare che vi sia stato un accordo fra i senatori. La maggioranza ritira un emendamento detto canguro che spazzava via la maggior parte degli emendamenti della Lega che pare siano solo cinquemila con intento ostruzionista, la Lega si impegna a ritirare il 90% per cento di quegli emendamenti. Giochi politici pare. Si potrebbe anche pensare, a dire il vero, che qualcuno abbia deciso di privilegiare lo slittamento per far pesare poi la manifestazione di sabato del Family Day. Intanto i senatori PD pare abbiano approvato all&#8217;unanimit\u00e0 l&#8217;impianto del testo della Cirinn\u00e0 , lasciando libert\u00e0 di coscienza sulla parte relativa alla Stepchild Adoption. Questo non sembra, a detta di alcuni, una buona cosa, ma staremo a vedere.<\/p>\n","protected":false},"excerpt":{"rendered":"<p>Il DDL Cirinn\u00e0 sulle unioni civili doveva iniziare il suo iter all&#8217;analisi del Senato il 28 gennaio ma \u00e8 di oggi la notizia che per domani \u00e8 previsto solo l&#8217;incardinamento del provvedimento, la discussione slitta al 2 febbraio. Lo ha deciso la commissione capigruppo al Senato. Si \u00e8 deciso lo slittamento e pare che vi&#8230;<\/p>\n","protected":false},"author":2,"featured_media":1626,"comment_status":"open","ping_status":"open","sticky":false,"template":"","format":"standard","meta":{"footnotes":""},"categories":[38],"tags":[424,743,369,389,423,730],"class_list":["post-1625","post","type-post","status-publish","format-standard","has-post-thumbnail","hentry","category-unioni-civili","tag-svegliatitalia","tag-unionicivili","tag-ddl-cirinna","tag-ddlcirinna","tag-senato-della-repubblica","tag-unioni-civili"],"yoast_head":"<!-- This site is optimized with the Yoast SEO plugin v24.5 - https:\/\/yoast.com\/wordpress\/plugins\/seo\/ -->\r\n<title>27\/01\/2016 #UNIONICIVILI SLITTA LA DISCUSSIONE AL SENATO - LGBT+diritti RENZO E LUCIO<\/title>\r\n<meta name=\"robots\" content=\"index, follow, max-snippet:-1, max-image-preview:large, max-video-preview:-1\" \/>\r\n<link rel=\"canonical\" href=\"https:\/\/www.renzoelucio.it\/?p=1625\" \/>\r\n<meta property=\"og:locale\" content=\"it_IT\" \/>\r\n<meta property=\"og:type\" content=\"article\" \/>\r\n<meta property=\"og:title\" content=\"27\/01\/2016 #UNIONICIVILI SLITTA LA DISCUSSIONE AL SENATO - LGBT+diritti RENZO E LUCIO\" \/>\r\n<meta property=\"og:description\" content=\"Il DDL Cirinn\u00e0 sulle unioni civili doveva iniziare il suo iter all&#8217;analisi del Senato il 28 gennaio ma \u00e8 di oggi la notizia che per domani \u00e8 previsto solo l&#8217;incardinamento del provvedimento, la discussione slitta al 2 febbraio. Lo ha deciso la commissione capigruppo al Senato. Si \u00e8 deciso lo slittamento e pare che vi...\" \/>\r\n<meta property=\"og:url\" content=\"https:\/\/www.renzoelucio.it\/?p=1625\" \/>\r\n<meta property=\"og:site_name\" content=\"LGBT+diritti RENZO E LUCIO\" \/>\r\n<meta property=\"article:published_time\" content=\"2016-01-27T21:47:09+00:00\" \/>\r\n<meta property=\"article:modified_time\" content=\"2022-11-10T19:31:54+00:00\" \/>\r\n<meta property=\"og:image\" content=\"https:\/\/www.renzoelucio.it\/public\/wordpress\/renzoelucio\/wp-content\/uploads\/2016\/01\/sveglia-ita.jpg\" \/>\r\n\t<meta property=\"og:image:width\" content=\"603\" \/>\r\n\t<meta property=\"og:image:height\" content=\"309\" \/>\r\n\t<meta property=\"og:image:type\" content=\"image\/jpeg\" \/>\r\n<meta name=\"author\" content=\"Mauro Pirovano\" \/>\r\n<meta name=\"twitter:card\" content=\"summary_large_image\" \/>\r\n<meta name=\"twitter:label1\" content=\"Scritto da\" \/>\n\t<meta name=\"twitter:data1\" content=\"Mauro Pirovano\" \/>\n\t<meta name=\"twitter:label2\" content=\"Tempo di lettura stimato\" \/>\n\t<meta name=\"twitter:data2\" content=\"1 minuto\" \/>\r\n<script type=\"application\/ld+json\" class=\"yoast-schema-graph\">{\"@context\":\"https:\/\/schema.org\",\"@graph\":[{\"@type\":\"WebPage\",\"@id\":\"https:\/\/www.renzoelucio.it\/?p=1625\",\"url\":\"https:\/\/www.renzoelucio.it\/?p=1625\",\"name\":\"27\/01\/2016 #UNIONICIVILI SLITTA LA DISCUSSIONE AL SENATO - LGBT+diritti RENZO E LUCIO\",\"isPartOf\":{\"@id\":\"https:\/\/www.renzoelucio.it\/#website\"},\"primaryImageOfPage\":{\"@id\":\"https:\/\/www.renzoelucio.it\/?p=1625#primaryimage\"},\"image\":{\"@id\":\"https:\/\/www.renzoelucio.it\/?p=1625#primaryimage\"},\"thumbnailUrl\":\"https:\/\/www.renzoelucio.it\/public\/wordpress\/renzoelucio\/wp-content\/uploads\/2016\/01\/sveglia-ita.jpg\",\"datePublished\":\"2016-01-27T21:47:09+00:00\",\"dateModified\":\"2022-11-10T19:31:54+00:00\",\"author\":{\"@id\":\"https:\/\/www.renzoelucio.it\/#\/schema\/person\/0ecd8a1144e9dbb57b99cf93bcce77da\"},\"breadcrumb\":{\"@id\":\"https:\/\/www.renzoelucio.it\/?p=1625#breadcrumb\"},\"inLanguage\":\"it-IT\",\"potentialAction\":[{\"@type\":\"ReadAction\",\"target\":[\"https:\/\/www.renzoelucio.it\/?p=1625\"]}]},{\"@type\":\"ImageObject\",\"inLanguage\":\"it-IT\",\"@id\":\"https:\/\/www.renzoelucio.it\/?p=1625#primaryimage\",\"url\":\"https:\/\/www.renzoelucio.it\/public\/wordpress\/renzoelucio\/wp-content\/uploads\/2016\/01\/sveglia-ita.jpg\",\"contentUrl\":\"https:\/\/www.renzoelucio.it\/public\/wordpress\/renzoelucio\/wp-content\/uploads\/2016\/01\/sveglia-ita.jpg\",\"width\":603,\"height\":309},{\"@type\":\"BreadcrumbList\",\"@id\":\"https:\/\/www.renzoelucio.it\/?p=1625#breadcrumb\",\"itemListElement\":[{\"@type\":\"ListItem\",\"position\":1,\"name\":\"Home\",\"item\":\"https:\/\/www.renzoelucio.it\/\"},{\"@type\":\"ListItem\",\"position\":2,\"name\":\"27\/01\/2016 #UNIONICIVILI SLITTA LA DISCUSSIONE AL SENATO\"}]},{\"@type\":\"WebSite\",\"@id\":\"https:\/\/www.renzoelucio.it\/#website\",\"url\":\"https:\/\/www.renzoelucio.it\/\",\"name\":\"LGBT+diritti RENZO E LUCIO\",\"description\":\"\",\"potentialAction\":[{\"@type\":\"SearchAction\",\"target\":{\"@type\":\"EntryPoint\",\"urlTemplate\":\"https:\/\/www.renzoelucio.it\/?s={search_term_string}\"},\"query-input\":{\"@type\":\"PropertyValueSpecification\",\"valueRequired\":true,\"valueName\":\"search_term_string\"}}],\"inLanguage\":\"it-IT\"},{\"@type\":\"Person\",\"@id\":\"https:\/\/www.renzoelucio.it\/#\/schema\/person\/0ecd8a1144e9dbb57b99cf93bcce77da\",\"name\":\"Mauro Pirovano\",\"image\":{\"@type\":\"ImageObject\",\"inLanguage\":\"it-IT\",\"@id\":\"https:\/\/www.renzoelucio.it\/#\/schema\/person\/image\/\",\"url\":\"https:\/\/secure.gravatar.com\/avatar\/98cdd444e02881ccfbbeb7860292420827bf54eea54779821111b0fb5476459b?s=96&d=mm&r=g\",\"contentUrl\":\"https:\/\/secure.gravatar.com\/avatar\/98cdd444e02881ccfbbeb7860292420827bf54eea54779821111b0fb5476459b?s=96&d=mm&r=g\",\"caption\":\"Mauro Pirovano\"},\"url\":\"https:\/\/www.renzoelucio.it\/?author=2\"}]}<\/script>\r\n<!-- \/ Yoast SEO plugin. -->","yoast_head_json":{"title":"27\/01\/2016 #UNIONICIVILI SLITTA LA DISCUSSIONE AL SENATO - LGBT+diritti RENZO E LUCIO","robots":{"index":"index","follow":"follow","max-snippet":"max-snippet:-1","max-image-preview":"max-image-preview:large","max-video-preview":"max-video-preview:-1"},"canonical":"https:\/\/www.renzoelucio.it\/?p=1625","og_locale":"it_IT","og_type":"article","og_title":"27\/01\/2016 #UNIONICIVILI SLITTA LA DISCUSSIONE AL SENATO - LGBT+diritti RENZO E LUCIO","og_description":"Il DDL Cirinn\u00e0 sulle unioni civili doveva iniziare il suo iter all&#8217;analisi del Senato il 28 gennaio ma \u00e8 di oggi la notizia che per domani \u00e8 previsto solo l&#8217;incardinamento del provvedimento, la discussione slitta al 2 febbraio. Lo ha deciso la commissione capigruppo al Senato. Si \u00e8 deciso lo slittamento e pare che vi...","og_url":"https:\/\/www.renzoelucio.it\/?p=1625","og_site_name":"LGBT+diritti RENZO E LUCIO","article_published_time":"2016-01-27T21:47:09+00:00","article_modified_time":"2022-11-10T19:31:54+00:00","og_image":[{"width":603,"height":309,"url":"https:\/\/www.renzoelucio.it\/public\/wordpress\/renzoelucio\/wp-content\/uploads\/2016\/01\/sveglia-ita.jpg","type":"image\/jpeg"}],"author":"Mauro Pirovano","twitter_card":"summary_large_image","twitter_misc":{"Scritto da":"Mauro Pirovano","Tempo di lettura stimato":"1 minuto"},"schema":{"@context":"https:\/\/schema.org","@graph":[{"@type":"WebPage","@id":"https:\/\/www.renzoelucio.it\/?p=1625","url":"https:\/\/www.renzoelucio.it\/?p=1625","name":"27\/01\/2016 #UNIONICIVILI SLITTA LA DISCUSSIONE AL SENATO - LGBT+diritti RENZO E LUCIO","isPartOf":{"@id":"https:\/\/www.renzoelucio.it\/#website"},"primaryImageOfPage":{"@id":"https:\/\/www.renzoelucio.it\/?p=1625#primaryimage"},"image":{"@id":"https:\/\/www.renzoelucio.it\/?p=1625#primaryimage"},"thumbnailUrl":"https:\/\/www.renzoelucio.it\/public\/wordpress\/renzoelucio\/wp-content\/uploads\/2016\/01\/sveglia-ita.jpg","datePublished":"2016-01-27T21:47:09+00:00","dateModified":"2022-11-10T19:31:54+00:00","author":{"@id":"https:\/\/www.renzoelucio.it\/#\/schema\/person\/0ecd8a1144e9dbb57b99cf93bcce77da"},"breadcrumb":{"@id":"https:\/\/www.renzoelucio.it\/?p=1625#breadcrumb"},"inLanguage":"it-IT","potentialAction":[{"@type":"ReadAction","target":["https:\/\/www.renzoelucio.it\/?p=1625"]}]},{"@type":"ImageObject","inLanguage":"it-IT","@id":"https:\/\/www.renzoelucio.it\/?p=1625#primaryimage","url":"https:\/\/www.renzoelucio.it\/public\/wordpress\/renzoelucio\/wp-content\/uploads\/2016\/01\/sveglia-ita.jpg","contentUrl":"https:\/\/www.renzoelucio.it\/public\/wordpress\/renzoelucio\/wp-content\/uploads\/2016\/01\/sveglia-ita.jpg","width":603,"height":309},{"@type":"BreadcrumbList","@id":"https:\/\/www.renzoelucio.it\/?p=1625#breadcrumb","itemListElement":[{"@type":"ListItem","position":1,"name":"Home","item":"https:\/\/www.renzoelucio.it\/"},{"@type":"ListItem","position":2,"name":"27\/01\/2016 #UNIONICIVILI SLITTA LA DISCUSSIONE AL SENATO"}]},{"@type":"WebSite","@id":"https:\/\/www.renzoelucio.it\/#website","url":"https:\/\/www.renzoelucio.it\/","name":"LGBT+diritti RENZO E LUCIO","description":"","potentialAction":[{"@type":"SearchAction","target":{"@type":"EntryPoint","urlTemplate":"https:\/\/www.renzoelucio.it\/?s={search_term_string}"},"query-input":{"@type":"PropertyValueSpecification","valueRequired":true,"valueName":"search_term_string"}}],"inLanguage":"it-IT"},{"@type":"Person","@id":"https:\/\/www.renzoelucio.it\/#\/schema\/person\/0ecd8a1144e9dbb57b99cf93bcce77da","name":"Mauro Pirovano","image":{"@type":"ImageObject","inLanguage":"it-IT","@id":"https:\/\/www.renzoelucio.it\/#\/schema\/person\/image\/","url":"https:\/\/secure.gravatar.com\/avatar\/98cdd444e02881ccfbbeb7860292420827bf54eea54779821111b0fb5476459b?s=96&d=mm&r=g","contentUrl":"https:\/\/secure.gravatar.com\/avatar\/98cdd444e02881ccfbbeb7860292420827bf54eea54779821111b0fb5476459b?s=96&d=mm&r=g","caption":"Mauro Pirovano"},"url":"https:\/\/www.renzoelucio.it\/?author=2"}]}},"_links":{"self":[{"href":"https:\/\/www.renzoelucio.it\/index.php?rest_route=\/wp\/v2\/posts\/1625","targetHints":{"allow":["GET"]}}],"collection":[{"href":"https:\/\/www.renzoelucio.it\/index.php?rest_route=\/wp\/v2\/posts"}],"about":[{"href":"https:\/\/www.renzoelucio.it\/index.php?rest_route=\/wp\/v2\/types\/post"}],"author":[{"embeddable":true,"href":"https:\/\/www.renzoelucio.it\/index.php?rest_route=\/wp\/v2\/users\/2"}],"replies":[{"embeddable":true,"href":"https:\/\/www.renzoelucio.it\/index.php?rest_route=%2Fwp%2Fv2%2Fcomments&post=1625"}],"version-history":[{"count":2,"href":"https:\/\/www.renzoelucio.it\/index.php?rest_route=\/wp\/v2\/posts\/1625\/revisions"}],"predecessor-version":[{"id":1628,"href":"https:\/\/www.renzoelucio.it\/index.php?rest_route=\/wp\/v2\/posts\/1625\/revisions\/1628"}],"wp:featuredmedia":[{"embeddable":true,"href":"https:\/\/www.renzoelucio.it\/index.php?rest_route=\/wp\/v2\/media\/1626"}],"wp:attachment":[{"href":"https:\/\/www.renzoelucio.it\/index.php?rest_route=%2Fwp%2Fv2%2Fmedia&parent=1625"}],"wp:term":[{"taxonomy":"category","embeddable":true,"href":"https:\/\/www.renzoelucio.it\/index.php?rest_route=%2Fwp%2Fv2%2Fcategories&post=1625"},{"taxonomy":"post_tag","embeddable":true,"href":"https:\/\/www.renzoelucio.it\/index.php?rest_route=%2Fwp%2Fv2%2Ftags&post=1625"}],"curies":[{"name":"wp","href":"https:\/\/api.w.org\/{rel}","templated":true}]}}