{"id":1680,"date":"2016-02-26T09:00:45","date_gmt":"2016-02-26T08:00:45","guid":{"rendered":"http:\/\/www.renzoelucio.it\/?p=1680"},"modified":"2022-11-10T20:29:19","modified_gmt":"2022-11-10T19:29:19","slug":"25022016-unioni-civili-per-renzo-e-lucio-un-passo-insufficiente-ma-in-avanti","status":"publish","type":"post","link":"https:\/\/www.renzoelucio.it\/?p=1680","title":{"rendered":"25\/02\/2016 &#8220;UNIONI CIVILI&#8221; PER RENZO E LUCIO UN PASSO INSUFFICIENTE MA IN AVANTI"},"content":{"rendered":"<p>Oggi al Senato \u00e8 stata approvata la legge sulle Unioni Civili. Come sappiamo la proposta di legge Cirinn\u00e0 \u00e8 stata sostituita da un maxiemendamento sul quale il Governo ha chiesto ed ottenuto la fiducia. La legge approvata ha stralciato il riconoscimento dei diritti dei bambini delle famiglie arcobaleno ad avere la possibilit\u00e0 della garanzia della piena genitorialit\u00e0 di entrambi i componenti della coppia nei confronti dei bambini. La possibilit\u00e0 dell\u2019adozione del figlio del partner ( Stepchild adoption ) \u00e8 stata tolta per garantire i voti della maggioranza che governa ed approvare il provvedimento.<\/p>\n<p>Certamente quello che abbiamo assistito in questi giorni \u00e8 molto grave ed \u00e8 il frutto di un brutto pasticcio politico generato dai due maggiori partiti in parlamento PD e M5S che hanno commesso diversi errori e che hanno forti responsabilit\u00e0.<\/p>\n<p>Resta comunque da rilevare un significativo passo in avanti della legislazione che finalmente riconosce giuridicamente l\u2019unione fra due persone dello stesso sesso. Non \u00e8 il matrimonio egualitario, ma questo lo sapevamo da prima, \u00e8 un istituto giuridico diverso nel quale per\u00f2 vogliamo ricordarlo vengono riconosciuti tutti -ma proprio tutti- i diritti del matrimonio, nessuno escluso. Dai diritti patrimoniali all\u2019eredit\u00e0 compresa la legittima, dal diritto al mantenimento ed agli alimenti al diritto alla pensione di reversibilit\u00e0, dal ricongiungimento familiare alla cittadinanza italiana per lo straniero unito civilmente, dal congedo matrimoniale a tutte le prerogative in materia di lavoro, dagli assegni familiari a tutte le disposizioni fiscali, e cos\u00ec via.<\/p>\n<p>Sottolineiamo questo perch\u00e9 \u00e8 giusto rilevare che non pu\u00f2 passare l\u2019idea che ancora una volta non abbiamo ottenuto nulla e che il nostro impegno e la nostra battaglia sono stati inutili, non \u00e8 certo questo la realt\u00e0.<\/p>\n<p>&nbsp;<\/p>\n<p>Mentre, se sul fronte delle unioni il risultato della nuova legge \u00e8 da considerarsi un passo in avanti, lo stralcio del pieno riconoscimento dei diritti dei nostri figli ad avere entrambi i genitori parte attiva di corresponsabilit\u00e0 e parte piena di diritto lo consideriamo un grave passo indietro politico ed anche culturale.<\/p>\n<p>&nbsp;<\/p>\n<p>Una chiusura mentale dettata da pregiudizi, da un dibattito falsato e strumentalizzato che pi\u00f9 che aiutare a comprendere ha confuso ed alla fine discriminato, ed una posizione politica ondivaga di chi in realt\u00e0 questa parte di legge prima l\u2019ha sostenuta e poi sacrificata.<\/p>\n<p>&nbsp;<\/p>\n<p>&nbsp;<\/p>\n<p>Una battaglia unita a quella del matrimonio egualitario per noi irrinunciabile che ci vedr\u00e0 impegnati ancora sul fronte politico ma soprattutto sul fronte culturale.<\/p>\n","protected":false},"excerpt":{"rendered":"<p>Oggi al Senato \u00e8 stata approvata la legge sulle Unioni Civili. Come sappiamo la proposta di legge Cirinn\u00e0 \u00e8 stata sostituita da un maxiemendamento sul quale il Governo ha chiesto ed ottenuto la fiducia. La legge approvata ha stralciato il riconoscimento dei diritti dei bambini delle famiglie arcobaleno ad avere la possibilit\u00e0 della garanzia della&#8230;<\/p>\n","protected":false},"author":2,"featured_media":1681,"comment_status":"open","ping_status":"open","sticky":false,"template":"","format":"standard","meta":{"footnotes":""},"categories":[38],"tags":[743,369,441,442,52,371,149],"class_list":["post-1680","post","type-post","status-publish","format-standard","has-post-thumbnail","hentry","category-unioni-civili","tag-unionicivili","tag-ddl-cirinna","tag-m","tag-m5s","tag-matrimonio-egualitario","tag-pd-diritti-civili","tag-stepchil-adoption"],"yoast_head":"<!-- This site is optimized with the Yoast SEO plugin v24.5 - https:\/\/yoast.com\/wordpress\/plugins\/seo\/ -->\r\n<title>25\/02\/2016 &quot;UNIONI CIVILI&quot; PER RENZO E LUCIO UN PASSO INSUFFICIENTE MA IN AVANTI - LGBT+diritti RENZO E LUCIO<\/title>\r\n<meta name=\"robots\" content=\"index, follow, max-snippet:-1, max-image-preview:large, max-video-preview:-1\" \/>\r\n<link rel=\"canonical\" href=\"https:\/\/www.renzoelucio.it\/?p=1680\" \/>\r\n<meta property=\"og:locale\" content=\"it_IT\" \/>\r\n<meta property=\"og:type\" content=\"article\" \/>\r\n<meta property=\"og:title\" content=\"25\/02\/2016 &quot;UNIONI CIVILI&quot; PER RENZO E LUCIO UN PASSO INSUFFICIENTE MA IN AVANTI - LGBT+diritti RENZO E LUCIO\" \/>\r\n<meta property=\"og:description\" content=\"Oggi al Senato \u00e8 stata approvata la legge sulle Unioni Civili. Come sappiamo la proposta di legge Cirinn\u00e0 \u00e8 stata sostituita da un maxiemendamento sul quale il Governo ha chiesto ed ottenuto la fiducia. La legge approvata ha stralciato il riconoscimento dei diritti dei bambini delle famiglie arcobaleno ad avere la possibilit\u00e0 della garanzia della...\" \/>\r\n<meta property=\"og:url\" content=\"https:\/\/www.renzoelucio.it\/?p=1680\" \/>\r\n<meta property=\"og:site_name\" content=\"LGBT+diritti RENZO E LUCIO\" \/>\r\n<meta property=\"article:published_time\" content=\"2016-02-26T08:00:45+00:00\" \/>\r\n<meta property=\"article:modified_time\" content=\"2022-11-10T19:29:19+00:00\" \/>\r\n<meta property=\"og:image\" content=\"https:\/\/www.renzoelucio.it\/public\/wordpress\/renzoelucio\/wp-content\/uploads\/2016\/02\/C_4_articolo_2161408__ImageGallery__imageGalleryItem_0_image.jpg\" \/>\r\n\t<meta property=\"og:image:width\" content=\"655\" \/>\r\n\t<meta property=\"og:image:height\" content=\"393\" \/>\r\n\t<meta property=\"og:image:type\" content=\"image\/jpeg\" \/>\r\n<meta name=\"author\" content=\"Mauro Pirovano\" \/>\r\n<meta name=\"twitter:card\" content=\"summary_large_image\" \/>\r\n<meta name=\"twitter:label1\" content=\"Scritto da\" \/>\n\t<meta name=\"twitter:data1\" content=\"Mauro Pirovano\" \/>\n\t<meta name=\"twitter:label2\" content=\"Tempo di lettura stimato\" \/>\n\t<meta name=\"twitter:data2\" content=\"2 minuti\" \/>\r\n<script type=\"application\/ld+json\" class=\"yoast-schema-graph\">{\"@context\":\"https:\/\/schema.org\",\"@graph\":[{\"@type\":\"WebPage\",\"@id\":\"https:\/\/www.renzoelucio.it\/?p=1680\",\"url\":\"https:\/\/www.renzoelucio.it\/?p=1680\",\"name\":\"25\/02\/2016 \\\"UNIONI CIVILI\\\" PER RENZO E LUCIO UN PASSO INSUFFICIENTE MA IN AVANTI - LGBT+diritti RENZO E LUCIO\",\"isPartOf\":{\"@id\":\"https:\/\/www.renzoelucio.it\/#website\"},\"primaryImageOfPage\":{\"@id\":\"https:\/\/www.renzoelucio.it\/?p=1680#primaryimage\"},\"image\":{\"@id\":\"https:\/\/www.renzoelucio.it\/?p=1680#primaryimage\"},\"thumbnailUrl\":\"https:\/\/www.renzoelucio.it\/public\/wordpress\/renzoelucio\/wp-content\/uploads\/2016\/02\/C_4_articolo_2161408__ImageGallery__imageGalleryItem_0_image.jpg\",\"datePublished\":\"2016-02-26T08:00:45+00:00\",\"dateModified\":\"2022-11-10T19:29:19+00:00\",\"author\":{\"@id\":\"https:\/\/www.renzoelucio.it\/#\/schema\/person\/0ecd8a1144e9dbb57b99cf93bcce77da\"},\"breadcrumb\":{\"@id\":\"https:\/\/www.renzoelucio.it\/?p=1680#breadcrumb\"},\"inLanguage\":\"it-IT\",\"potentialAction\":[{\"@type\":\"ReadAction\",\"target\":[\"https:\/\/www.renzoelucio.it\/?p=1680\"]}]},{\"@type\":\"ImageObject\",\"inLanguage\":\"it-IT\",\"@id\":\"https:\/\/www.renzoelucio.it\/?p=1680#primaryimage\",\"url\":\"https:\/\/www.renzoelucio.it\/public\/wordpress\/renzoelucio\/wp-content\/uploads\/2016\/02\/C_4_articolo_2161408__ImageGallery__imageGalleryItem_0_image.jpg\",\"contentUrl\":\"https:\/\/www.renzoelucio.it\/public\/wordpress\/renzoelucio\/wp-content\/uploads\/2016\/02\/C_4_articolo_2161408__ImageGallery__imageGalleryItem_0_image.jpg\",\"width\":655,\"height\":393},{\"@type\":\"BreadcrumbList\",\"@id\":\"https:\/\/www.renzoelucio.it\/?p=1680#breadcrumb\",\"itemListElement\":[{\"@type\":\"ListItem\",\"position\":1,\"name\":\"Home\",\"item\":\"https:\/\/www.renzoelucio.it\/\"},{\"@type\":\"ListItem\",\"position\":2,\"name\":\"25\/02\/2016 &#8220;UNIONI CIVILI&#8221; PER RENZO E LUCIO UN PASSO INSUFFICIENTE MA IN AVANTI\"}]},{\"@type\":\"WebSite\",\"@id\":\"https:\/\/www.renzoelucio.it\/#website\",\"url\":\"https:\/\/www.renzoelucio.it\/\",\"name\":\"LGBT+diritti RENZO E LUCIO\",\"description\":\"\",\"potentialAction\":[{\"@type\":\"SearchAction\",\"target\":{\"@type\":\"EntryPoint\",\"urlTemplate\":\"https:\/\/www.renzoelucio.it\/?s={search_term_string}\"},\"query-input\":{\"@type\":\"PropertyValueSpecification\",\"valueRequired\":true,\"valueName\":\"search_term_string\"}}],\"inLanguage\":\"it-IT\"},{\"@type\":\"Person\",\"@id\":\"https:\/\/www.renzoelucio.it\/#\/schema\/person\/0ecd8a1144e9dbb57b99cf93bcce77da\",\"name\":\"Mauro Pirovano\",\"image\":{\"@type\":\"ImageObject\",\"inLanguage\":\"it-IT\",\"@id\":\"https:\/\/www.renzoelucio.it\/#\/schema\/person\/image\/\",\"url\":\"https:\/\/secure.gravatar.com\/avatar\/98cdd444e02881ccfbbeb7860292420827bf54eea54779821111b0fb5476459b?s=96&d=mm&r=g\",\"contentUrl\":\"https:\/\/secure.gravatar.com\/avatar\/98cdd444e02881ccfbbeb7860292420827bf54eea54779821111b0fb5476459b?s=96&d=mm&r=g\",\"caption\":\"Mauro Pirovano\"},\"url\":\"https:\/\/www.renzoelucio.it\/?author=2\"}]}<\/script>\r\n<!-- \/ Yoast SEO plugin. -->","yoast_head_json":{"title":"25\/02\/2016 \"UNIONI CIVILI\" PER RENZO E LUCIO UN PASSO INSUFFICIENTE MA IN AVANTI - LGBT+diritti RENZO E LUCIO","robots":{"index":"index","follow":"follow","max-snippet":"max-snippet:-1","max-image-preview":"max-image-preview:large","max-video-preview":"max-video-preview:-1"},"canonical":"https:\/\/www.renzoelucio.it\/?p=1680","og_locale":"it_IT","og_type":"article","og_title":"25\/02\/2016 \"UNIONI CIVILI\" PER RENZO E LUCIO UN PASSO INSUFFICIENTE MA IN AVANTI - LGBT+diritti RENZO E LUCIO","og_description":"Oggi al Senato \u00e8 stata approvata la legge sulle Unioni Civili. Come sappiamo la proposta di legge Cirinn\u00e0 \u00e8 stata sostituita da un maxiemendamento sul quale il Governo ha chiesto ed ottenuto la fiducia. La legge approvata ha stralciato il riconoscimento dei diritti dei bambini delle famiglie arcobaleno ad avere la possibilit\u00e0 della garanzia della...","og_url":"https:\/\/www.renzoelucio.it\/?p=1680","og_site_name":"LGBT+diritti RENZO E LUCIO","article_published_time":"2016-02-26T08:00:45+00:00","article_modified_time":"2022-11-10T19:29:19+00:00","og_image":[{"width":655,"height":393,"url":"https:\/\/www.renzoelucio.it\/public\/wordpress\/renzoelucio\/wp-content\/uploads\/2016\/02\/C_4_articolo_2161408__ImageGallery__imageGalleryItem_0_image.jpg","type":"image\/jpeg"}],"author":"Mauro Pirovano","twitter_card":"summary_large_image","twitter_misc":{"Scritto da":"Mauro Pirovano","Tempo di lettura stimato":"2 minuti"},"schema":{"@context":"https:\/\/schema.org","@graph":[{"@type":"WebPage","@id":"https:\/\/www.renzoelucio.it\/?p=1680","url":"https:\/\/www.renzoelucio.it\/?p=1680","name":"25\/02\/2016 \"UNIONI CIVILI\" PER RENZO E LUCIO UN PASSO INSUFFICIENTE MA IN AVANTI - LGBT+diritti RENZO E LUCIO","isPartOf":{"@id":"https:\/\/www.renzoelucio.it\/#website"},"primaryImageOfPage":{"@id":"https:\/\/www.renzoelucio.it\/?p=1680#primaryimage"},"image":{"@id":"https:\/\/www.renzoelucio.it\/?p=1680#primaryimage"},"thumbnailUrl":"https:\/\/www.renzoelucio.it\/public\/wordpress\/renzoelucio\/wp-content\/uploads\/2016\/02\/C_4_articolo_2161408__ImageGallery__imageGalleryItem_0_image.jpg","datePublished":"2016-02-26T08:00:45+00:00","dateModified":"2022-11-10T19:29:19+00:00","author":{"@id":"https:\/\/www.renzoelucio.it\/#\/schema\/person\/0ecd8a1144e9dbb57b99cf93bcce77da"},"breadcrumb":{"@id":"https:\/\/www.renzoelucio.it\/?p=1680#breadcrumb"},"inLanguage":"it-IT","potentialAction":[{"@type":"ReadAction","target":["https:\/\/www.renzoelucio.it\/?p=1680"]}]},{"@type":"ImageObject","inLanguage":"it-IT","@id":"https:\/\/www.renzoelucio.it\/?p=1680#primaryimage","url":"https:\/\/www.renzoelucio.it\/public\/wordpress\/renzoelucio\/wp-content\/uploads\/2016\/02\/C_4_articolo_2161408__ImageGallery__imageGalleryItem_0_image.jpg","contentUrl":"https:\/\/www.renzoelucio.it\/public\/wordpress\/renzoelucio\/wp-content\/uploads\/2016\/02\/C_4_articolo_2161408__ImageGallery__imageGalleryItem_0_image.jpg","width":655,"height":393},{"@type":"BreadcrumbList","@id":"https:\/\/www.renzoelucio.it\/?p=1680#breadcrumb","itemListElement":[{"@type":"ListItem","position":1,"name":"Home","item":"https:\/\/www.renzoelucio.it\/"},{"@type":"ListItem","position":2,"name":"25\/02\/2016 &#8220;UNIONI CIVILI&#8221; PER RENZO E LUCIO UN PASSO INSUFFICIENTE MA IN AVANTI"}]},{"@type":"WebSite","@id":"https:\/\/www.renzoelucio.it\/#website","url":"https:\/\/www.renzoelucio.it\/","name":"LGBT+diritti RENZO E LUCIO","description":"","potentialAction":[{"@type":"SearchAction","target":{"@type":"EntryPoint","urlTemplate":"https:\/\/www.renzoelucio.it\/?s={search_term_string}"},"query-input":{"@type":"PropertyValueSpecification","valueRequired":true,"valueName":"search_term_string"}}],"inLanguage":"it-IT"},{"@type":"Person","@id":"https:\/\/www.renzoelucio.it\/#\/schema\/person\/0ecd8a1144e9dbb57b99cf93bcce77da","name":"Mauro Pirovano","image":{"@type":"ImageObject","inLanguage":"it-IT","@id":"https:\/\/www.renzoelucio.it\/#\/schema\/person\/image\/","url":"https:\/\/secure.gravatar.com\/avatar\/98cdd444e02881ccfbbeb7860292420827bf54eea54779821111b0fb5476459b?s=96&d=mm&r=g","contentUrl":"https:\/\/secure.gravatar.com\/avatar\/98cdd444e02881ccfbbeb7860292420827bf54eea54779821111b0fb5476459b?s=96&d=mm&r=g","caption":"Mauro Pirovano"},"url":"https:\/\/www.renzoelucio.it\/?author=2"}]}},"_links":{"self":[{"href":"https:\/\/www.renzoelucio.it\/index.php?rest_route=\/wp\/v2\/posts\/1680","targetHints":{"allow":["GET"]}}],"collection":[{"href":"https:\/\/www.renzoelucio.it\/index.php?rest_route=\/wp\/v2\/posts"}],"about":[{"href":"https:\/\/www.renzoelucio.it\/index.php?rest_route=\/wp\/v2\/types\/post"}],"author":[{"embeddable":true,"href":"https:\/\/www.renzoelucio.it\/index.php?rest_route=\/wp\/v2\/users\/2"}],"replies":[{"embeddable":true,"href":"https:\/\/www.renzoelucio.it\/index.php?rest_route=%2Fwp%2Fv2%2Fcomments&post=1680"}],"version-history":[{"count":1,"href":"https:\/\/www.renzoelucio.it\/index.php?rest_route=\/wp\/v2\/posts\/1680\/revisions"}],"predecessor-version":[{"id":1682,"href":"https:\/\/www.renzoelucio.it\/index.php?rest_route=\/wp\/v2\/posts\/1680\/revisions\/1682"}],"wp:featuredmedia":[{"embeddable":true,"href":"https:\/\/www.renzoelucio.it\/index.php?rest_route=\/wp\/v2\/media\/1681"}],"wp:attachment":[{"href":"https:\/\/www.renzoelucio.it\/index.php?rest_route=%2Fwp%2Fv2%2Fmedia&parent=1680"}],"wp:term":[{"taxonomy":"category","embeddable":true,"href":"https:\/\/www.renzoelucio.it\/index.php?rest_route=%2Fwp%2Fv2%2Fcategories&post=1680"},{"taxonomy":"post_tag","embeddable":true,"href":"https:\/\/www.renzoelucio.it\/index.php?rest_route=%2Fwp%2Fv2%2Ftags&post=1680"}],"curies":[{"name":"wp","href":"https:\/\/api.w.org\/{rel}","templated":true}]}}