{"id":1772,"date":"2016-05-12T21:58:21","date_gmt":"2016-05-12T19:58:21","guid":{"rendered":"http:\/\/www.renzoelucio.it\/?p=1772"},"modified":"2016-05-16T23:11:00","modified_gmt":"2016-05-16T21:11:00","slug":"11052016-giornata-storica-a","status":"publish","type":"post","link":"https:\/\/www.renzoelucio.it\/?p=1772","title":{"rendered":"11\/05\/2016 GIORNATA STORICA APPROVATE LE UNIONI CIVILI"},"content":{"rendered":"<p>ROMA 11 MAGGIO 2016:<\/p>\n<p>Dopo essere passata al vaglio del Senato \u00e8 giunta alla Camera ed \u00e8 stata approvata la legge delle Unioni Civili, per la prima volta in Italia vengono riconosciute le relazioni delle persone omosessuali e ne viene sancito il loro diritto. Un passo storico, atteso da pi\u00f9 di vent&#8217;anni che avvicina l&#8217;Italia a tanti altri Paesi Europei sul fronte dei diritti delle persone LGBT. Un percorso travagliato che ha logorato e depotenziato il valore della legge ma che alla fine ha raggiunto almeno parte degli obbiettivi.<\/p>\n<p>Una legge che parifica le unioni civili al matrimonio ma ne sancisce una differenza fortemente voluta dalle parti conservatrici del Paese e sostenuta dalla Chiesa Italiana. Per assurdo una legge che nasce per abbattere discriminazioni ne crea implicitamente altre, una legge che non riconosce la parit\u00e0 valoriale fra le unioni di due persone dello stesso sesso e di sesso diverso ma ne rimarca la differenza. Il fatto stesso che si \u00e8 preferito istituire un istituto giuridico specifico, anzich\u00e8 allargare a tutti quello gi\u00e0 esistente, rimarca la differenza. Il fatto stesso che una parte della maggioranza ha fortemente voluto eliminare quello che viene riconosciuto come valore della fedelt\u00e0 reciproca ascrive a questa legge un principio culturalmente discriminatorio. Il fatto stesso che dall&#8217;annunciato disegno di Legge iniziale (detto Cirinn\u00e0) si \u00e8 voluta stralciare la stepchild adoption, che riconosceva il valore della genitorialit\u00e0 delle persone omosessuali, riscrive una discriminazione per legge. I figli del partner di una coppia eterosessuale possono essere riconosciuti, quelli di una coppia omosessuale no, non hanno gli stessi diritti.<\/p>\n<p>Alla fine, chi ne ha fatto le spese sono stati proprio quei bambini delle coppie omosessuali che sono stati esclusi dalla possibilit\u00e0 di vedersi riconosciuta a tutti gli effetti la famiglia di cui fanno parte. L&#8217;ideologia catto-conservatrice che si riempi la bocca con lo slogan gi\u00f9 le mani dai nostri figli di fatto mette le mani sui diritti dei figli di altri e li nega, una strana concezione di cooerenza. L&#8217;ideologia catto-conservatrice che dice di voler difendere i pi\u00f9 deboli, i bambini appunto, in realt\u00e0 ha operato e purtroppo ottenuto l&#8217;esclusione dal diritto proprio dei bambini, dei pi\u00f9 deboli.<\/p>\n<p>Sottolineiamo queste cose per onest\u00e0, non per puro spirito di perenne vittimismo. Siamo contenti del passo in avanti ma non possiamo di certo festeggiare nel momento in cui i diritti riconosciuti agli adulti vengono di fatto negati ai loro figli.<\/p>\n<p style=\"text-align: left;\">Il nostro impegno perci\u00f2 continua per eliminare ogni principio di discriminazione, ci rallegriamo che finalmente la legislazione italiana riconosce i nostri affetti ma siamo pronti a scendere di nuovo in piazza per chiedere di pi\u00f9 perch\u00e8 lo stesso amore deve avere eguali diritti.<\/p>\n<p style=\"text-align: left;\"><a href=\"http:\/\/www.renzoelucio.it\/public\/wordpress\/renzoelucio\/wp-content\/uploads\/2016\/05\/12605369_1271444706215867_4194444932681177311_o1.jpg\"><img loading=\"lazy\" decoding=\"async\" class=\"size-thumbnail wp-image-1775\" src=\"http:\/\/www.renzoelucio.it\/public\/wordpress\/renzoelucio\/wp-content\/uploads\/2016\/05\/12605369_1271444706215867_4194444932681177311_o1-150x150.jpg\" alt=\"12605369_1271444706215867_4194444932681177311_o\" width=\"150\" height=\"150\" \/><\/a><a href=\"http:\/\/www.renzoelucio.it\/public\/wordpress\/renzoelucio\/wp-content\/uploads\/2016\/05\/unionicivili-roma-1.jpg\"><img loading=\"lazy\" decoding=\"async\" class=\"size-thumbnail wp-image-1776\" src=\"http:\/\/www.renzoelucio.it\/public\/wordpress\/renzoelucio\/wp-content\/uploads\/2016\/05\/unionicivili-roma-1-150x150.jpg\" alt=\"unionicivili-roma-1\" width=\"150\" height=\"150\" \/><\/a><a href=\"http:\/\/www.renzoelucio.it\/public\/wordpress\/renzoelucio\/wp-content\/uploads\/2016\/05\/CiNLenUWUAEgV3x.jpg\"><img loading=\"lazy\" decoding=\"async\" class=\"size-thumbnail wp-image-1777\" src=\"http:\/\/www.renzoelucio.it\/public\/wordpress\/renzoelucio\/wp-content\/uploads\/2016\/05\/CiNLenUWUAEgV3x-150x150.jpg\" alt=\"CiNLenUWUAEgV3x\" width=\"150\" height=\"150\" \/><\/a><\/p>\n<p>&nbsp;<\/p>\n","protected":false},"excerpt":{"rendered":"<p>ROMA 11 MAGGIO 2016: Dopo essere passata al vaglio del Senato \u00e8 giunta alla Camera ed \u00e8 stata approvata la legge delle Unioni Civili, per la prima volta in Italia vengono riconosciute le relazioni delle persone omosessuali e ne viene sancito il loro diritto. Un passo storico, atteso da pi\u00f9 di vent&#8217;anni che avvicina l&#8217;Italia&#8230;<\/p>\n","protected":false},"author":2,"featured_media":1774,"comment_status":"open","ping_status":"open","sticky":false,"template":"","format":"standard","meta":{"footnotes":""},"categories":[38],"tags":[369,479,52,730],"class_list":["post-1772","post","type-post","status-publish","format-standard","has-post-thumbnail","hentry","category-unioni-civili","tag-ddl-cirinna","tag-matrimo","tag-matrimonio-egualitario","tag-unioni-civili"],"yoast_head":"<!-- This site is optimized with the Yoast SEO plugin v24.5 - https:\/\/yoast.com\/wordpress\/plugins\/seo\/ -->\r\n<title>11\/05\/2016 GIORNATA STORICA APPROVATE LE UNIONI CIVILI - LGBT+diritti RENZO E LUCIO<\/title>\r\n<meta name=\"robots\" content=\"index, follow, max-snippet:-1, max-image-preview:large, max-video-preview:-1\" \/>\r\n<link rel=\"canonical\" href=\"https:\/\/www.renzoelucio.it\/?p=1772\" \/>\r\n<meta property=\"og:locale\" content=\"it_IT\" \/>\r\n<meta property=\"og:type\" content=\"article\" \/>\r\n<meta property=\"og:title\" content=\"11\/05\/2016 GIORNATA STORICA APPROVATE LE UNIONI CIVILI - LGBT+diritti RENZO E LUCIO\" \/>\r\n<meta property=\"og:description\" content=\"ROMA 11 MAGGIO 2016: Dopo essere passata al vaglio del Senato \u00e8 giunta alla Camera ed \u00e8 stata approvata la legge delle Unioni Civili, per la prima volta in Italia vengono riconosciute le relazioni delle persone omosessuali e ne viene sancito il loro diritto. Un passo storico, atteso da pi\u00f9 di vent&#8217;anni che avvicina l&#8217;Italia...\" \/>\r\n<meta property=\"og:url\" content=\"https:\/\/www.renzoelucio.it\/?p=1772\" \/>\r\n<meta property=\"og:site_name\" content=\"LGBT+diritti RENZO E LUCIO\" \/>\r\n<meta property=\"article:published_time\" content=\"2016-05-12T19:58:21+00:00\" \/>\r\n<meta property=\"article:modified_time\" content=\"2016-05-16T21:11:00+00:00\" \/>\r\n<meta property=\"og:image\" content=\"https:\/\/www.renzoelucio.it\/public\/wordpress\/renzoelucio\/wp-content\/uploads\/2016\/05\/d0d2d6719706c6aaba3aa1c7f30156c1-k8EB-U1080217591158uGI-1024x576@LaStampa.it_.jpg\" \/>\r\n\t<meta property=\"og:image:width\" content=\"677\" \/>\r\n\t<meta property=\"og:image:height\" content=\"381\" \/>\r\n\t<meta property=\"og:image:type\" content=\"image\/jpeg\" \/>\r\n<meta name=\"author\" content=\"Mauro Pirovano\" \/>\r\n<meta name=\"twitter:card\" content=\"summary_large_image\" \/>\r\n<meta name=\"twitter:label1\" content=\"Scritto da\" \/>\n\t<meta name=\"twitter:data1\" content=\"Mauro Pirovano\" \/>\n\t<meta name=\"twitter:label2\" content=\"Tempo di lettura stimato\" \/>\n\t<meta name=\"twitter:data2\" content=\"2 minuti\" \/>\r\n<script type=\"application\/ld+json\" class=\"yoast-schema-graph\">{\"@context\":\"https:\/\/schema.org\",\"@graph\":[{\"@type\":\"WebPage\",\"@id\":\"https:\/\/www.renzoelucio.it\/?p=1772\",\"url\":\"https:\/\/www.renzoelucio.it\/?p=1772\",\"name\":\"11\/05\/2016 GIORNATA STORICA APPROVATE LE UNIONI CIVILI - LGBT+diritti RENZO E LUCIO\",\"isPartOf\":{\"@id\":\"https:\/\/www.renzoelucio.it\/#website\"},\"primaryImageOfPage\":{\"@id\":\"https:\/\/www.renzoelucio.it\/?p=1772#primaryimage\"},\"image\":{\"@id\":\"https:\/\/www.renzoelucio.it\/?p=1772#primaryimage\"},\"thumbnailUrl\":\"https:\/\/www.renzoelucio.it\/public\/wordpress\/renzoelucio\/wp-content\/uploads\/2016\/05\/d0d2d6719706c6aaba3aa1c7f30156c1-k8EB-U1080217591158uGI-1024x576@LaStampa.it_.jpg\",\"datePublished\":\"2016-05-12T19:58:21+00:00\",\"dateModified\":\"2016-05-16T21:11:00+00:00\",\"author\":{\"@id\":\"https:\/\/www.renzoelucio.it\/#\/schema\/person\/0ecd8a1144e9dbb57b99cf93bcce77da\"},\"breadcrumb\":{\"@id\":\"https:\/\/www.renzoelucio.it\/?p=1772#breadcrumb\"},\"inLanguage\":\"it-IT\",\"potentialAction\":[{\"@type\":\"ReadAction\",\"target\":[\"https:\/\/www.renzoelucio.it\/?p=1772\"]}]},{\"@type\":\"ImageObject\",\"inLanguage\":\"it-IT\",\"@id\":\"https:\/\/www.renzoelucio.it\/?p=1772#primaryimage\",\"url\":\"https:\/\/www.renzoelucio.it\/public\/wordpress\/renzoelucio\/wp-content\/uploads\/2016\/05\/d0d2d6719706c6aaba3aa1c7f30156c1-k8EB-U1080217591158uGI-1024x576@LaStampa.it_.jpg\",\"contentUrl\":\"https:\/\/www.renzoelucio.it\/public\/wordpress\/renzoelucio\/wp-content\/uploads\/2016\/05\/d0d2d6719706c6aaba3aa1c7f30156c1-k8EB-U1080217591158uGI-1024x576@LaStampa.it_.jpg\",\"width\":677,\"height\":381},{\"@type\":\"BreadcrumbList\",\"@id\":\"https:\/\/www.renzoelucio.it\/?p=1772#breadcrumb\",\"itemListElement\":[{\"@type\":\"ListItem\",\"position\":1,\"name\":\"Home\",\"item\":\"https:\/\/www.renzoelucio.it\/\"},{\"@type\":\"ListItem\",\"position\":2,\"name\":\"11\/05\/2016 GIORNATA STORICA APPROVATE LE UNIONI CIVILI\"}]},{\"@type\":\"WebSite\",\"@id\":\"https:\/\/www.renzoelucio.it\/#website\",\"url\":\"https:\/\/www.renzoelucio.it\/\",\"name\":\"LGBT+diritti RENZO E LUCIO\",\"description\":\"\",\"potentialAction\":[{\"@type\":\"SearchAction\",\"target\":{\"@type\":\"EntryPoint\",\"urlTemplate\":\"https:\/\/www.renzoelucio.it\/?s={search_term_string}\"},\"query-input\":{\"@type\":\"PropertyValueSpecification\",\"valueRequired\":true,\"valueName\":\"search_term_string\"}}],\"inLanguage\":\"it-IT\"},{\"@type\":\"Person\",\"@id\":\"https:\/\/www.renzoelucio.it\/#\/schema\/person\/0ecd8a1144e9dbb57b99cf93bcce77da\",\"name\":\"Mauro Pirovano\",\"image\":{\"@type\":\"ImageObject\",\"inLanguage\":\"it-IT\",\"@id\":\"https:\/\/www.renzoelucio.it\/#\/schema\/person\/image\/\",\"url\":\"https:\/\/secure.gravatar.com\/avatar\/98cdd444e02881ccfbbeb7860292420827bf54eea54779821111b0fb5476459b?s=96&d=mm&r=g\",\"contentUrl\":\"https:\/\/secure.gravatar.com\/avatar\/98cdd444e02881ccfbbeb7860292420827bf54eea54779821111b0fb5476459b?s=96&d=mm&r=g\",\"caption\":\"Mauro Pirovano\"},\"url\":\"https:\/\/www.renzoelucio.it\/?author=2\"}]}<\/script>\r\n<!-- \/ Yoast SEO plugin. -->","yoast_head_json":{"title":"11\/05\/2016 GIORNATA STORICA APPROVATE LE UNIONI CIVILI - LGBT+diritti RENZO E LUCIO","robots":{"index":"index","follow":"follow","max-snippet":"max-snippet:-1","max-image-preview":"max-image-preview:large","max-video-preview":"max-video-preview:-1"},"canonical":"https:\/\/www.renzoelucio.it\/?p=1772","og_locale":"it_IT","og_type":"article","og_title":"11\/05\/2016 GIORNATA STORICA APPROVATE LE UNIONI CIVILI - LGBT+diritti RENZO E LUCIO","og_description":"ROMA 11 MAGGIO 2016: Dopo essere passata al vaglio del Senato \u00e8 giunta alla Camera ed \u00e8 stata approvata la legge delle Unioni Civili, per la prima volta in Italia vengono riconosciute le relazioni delle persone omosessuali e ne viene sancito il loro diritto. Un passo storico, atteso da pi\u00f9 di vent&#8217;anni che avvicina l&#8217;Italia...","og_url":"https:\/\/www.renzoelucio.it\/?p=1772","og_site_name":"LGBT+diritti RENZO E LUCIO","article_published_time":"2016-05-12T19:58:21+00:00","article_modified_time":"2016-05-16T21:11:00+00:00","og_image":[{"width":677,"height":381,"url":"https:\/\/www.renzoelucio.it\/public\/wordpress\/renzoelucio\/wp-content\/uploads\/2016\/05\/d0d2d6719706c6aaba3aa1c7f30156c1-k8EB-U1080217591158uGI-1024x576@LaStampa.it_.jpg","type":"image\/jpeg"}],"author":"Mauro Pirovano","twitter_card":"summary_large_image","twitter_misc":{"Scritto da":"Mauro Pirovano","Tempo di lettura stimato":"2 minuti"},"schema":{"@context":"https:\/\/schema.org","@graph":[{"@type":"WebPage","@id":"https:\/\/www.renzoelucio.it\/?p=1772","url":"https:\/\/www.renzoelucio.it\/?p=1772","name":"11\/05\/2016 GIORNATA STORICA APPROVATE LE UNIONI CIVILI - LGBT+diritti RENZO E LUCIO","isPartOf":{"@id":"https:\/\/www.renzoelucio.it\/#website"},"primaryImageOfPage":{"@id":"https:\/\/www.renzoelucio.it\/?p=1772#primaryimage"},"image":{"@id":"https:\/\/www.renzoelucio.it\/?p=1772#primaryimage"},"thumbnailUrl":"https:\/\/www.renzoelucio.it\/public\/wordpress\/renzoelucio\/wp-content\/uploads\/2016\/05\/d0d2d6719706c6aaba3aa1c7f30156c1-k8EB-U1080217591158uGI-1024x576@LaStampa.it_.jpg","datePublished":"2016-05-12T19:58:21+00:00","dateModified":"2016-05-16T21:11:00+00:00","author":{"@id":"https:\/\/www.renzoelucio.it\/#\/schema\/person\/0ecd8a1144e9dbb57b99cf93bcce77da"},"breadcrumb":{"@id":"https:\/\/www.renzoelucio.it\/?p=1772#breadcrumb"},"inLanguage":"it-IT","potentialAction":[{"@type":"ReadAction","target":["https:\/\/www.renzoelucio.it\/?p=1772"]}]},{"@type":"ImageObject","inLanguage":"it-IT","@id":"https:\/\/www.renzoelucio.it\/?p=1772#primaryimage","url":"https:\/\/www.renzoelucio.it\/public\/wordpress\/renzoelucio\/wp-content\/uploads\/2016\/05\/d0d2d6719706c6aaba3aa1c7f30156c1-k8EB-U1080217591158uGI-1024x576@LaStampa.it_.jpg","contentUrl":"https:\/\/www.renzoelucio.it\/public\/wordpress\/renzoelucio\/wp-content\/uploads\/2016\/05\/d0d2d6719706c6aaba3aa1c7f30156c1-k8EB-U1080217591158uGI-1024x576@LaStampa.it_.jpg","width":677,"height":381},{"@type":"BreadcrumbList","@id":"https:\/\/www.renzoelucio.it\/?p=1772#breadcrumb","itemListElement":[{"@type":"ListItem","position":1,"name":"Home","item":"https:\/\/www.renzoelucio.it\/"},{"@type":"ListItem","position":2,"name":"11\/05\/2016 GIORNATA STORICA APPROVATE LE UNIONI CIVILI"}]},{"@type":"WebSite","@id":"https:\/\/www.renzoelucio.it\/#website","url":"https:\/\/www.renzoelucio.it\/","name":"LGBT+diritti RENZO E LUCIO","description":"","potentialAction":[{"@type":"SearchAction","target":{"@type":"EntryPoint","urlTemplate":"https:\/\/www.renzoelucio.it\/?s={search_term_string}"},"query-input":{"@type":"PropertyValueSpecification","valueRequired":true,"valueName":"search_term_string"}}],"inLanguage":"it-IT"},{"@type":"Person","@id":"https:\/\/www.renzoelucio.it\/#\/schema\/person\/0ecd8a1144e9dbb57b99cf93bcce77da","name":"Mauro Pirovano","image":{"@type":"ImageObject","inLanguage":"it-IT","@id":"https:\/\/www.renzoelucio.it\/#\/schema\/person\/image\/","url":"https:\/\/secure.gravatar.com\/avatar\/98cdd444e02881ccfbbeb7860292420827bf54eea54779821111b0fb5476459b?s=96&d=mm&r=g","contentUrl":"https:\/\/secure.gravatar.com\/avatar\/98cdd444e02881ccfbbeb7860292420827bf54eea54779821111b0fb5476459b?s=96&d=mm&r=g","caption":"Mauro Pirovano"},"url":"https:\/\/www.renzoelucio.it\/?author=2"}]}},"_links":{"self":[{"href":"https:\/\/www.renzoelucio.it\/index.php?rest_route=\/wp\/v2\/posts\/1772","targetHints":{"allow":["GET"]}}],"collection":[{"href":"https:\/\/www.renzoelucio.it\/index.php?rest_route=\/wp\/v2\/posts"}],"about":[{"href":"https:\/\/www.renzoelucio.it\/index.php?rest_route=\/wp\/v2\/types\/post"}],"author":[{"embeddable":true,"href":"https:\/\/www.renzoelucio.it\/index.php?rest_route=\/wp\/v2\/users\/2"}],"replies":[{"embeddable":true,"href":"https:\/\/www.renzoelucio.it\/index.php?rest_route=%2Fwp%2Fv2%2Fcomments&post=1772"}],"version-history":[{"count":2,"href":"https:\/\/www.renzoelucio.it\/index.php?rest_route=\/wp\/v2\/posts\/1772\/revisions"}],"predecessor-version":[{"id":1779,"href":"https:\/\/www.renzoelucio.it\/index.php?rest_route=\/wp\/v2\/posts\/1772\/revisions\/1779"}],"wp:featuredmedia":[{"embeddable":true,"href":"https:\/\/www.renzoelucio.it\/index.php?rest_route=\/wp\/v2\/media\/1774"}],"wp:attachment":[{"href":"https:\/\/www.renzoelucio.it\/index.php?rest_route=%2Fwp%2Fv2%2Fmedia&parent=1772"}],"wp:term":[{"taxonomy":"category","embeddable":true,"href":"https:\/\/www.renzoelucio.it\/index.php?rest_route=%2Fwp%2Fv2%2Fcategories&post=1772"},{"taxonomy":"post_tag","embeddable":true,"href":"https:\/\/www.renzoelucio.it\/index.php?rest_route=%2Fwp%2Fv2%2Ftags&post=1772"}],"curies":[{"name":"wp","href":"https:\/\/api.w.org\/{rel}","templated":true}]}}