{"id":1899,"date":"2016-08-28T19:32:22","date_gmt":"2016-08-28T17:32:22","guid":{"rendered":"http:\/\/www.renzoelucio.it\/?p=1899"},"modified":"2016-08-28T19:32:22","modified_gmt":"2016-08-28T17:32:22","slug":"28082016-saviano-un-suo-intervento-sullomicidio-di-hande","status":"publish","type":"post","link":"https:\/\/www.renzoelucio.it\/?p=1899","title":{"rendered":"28\/08\/2016 SAVIANO UN SUO INTERVENTO SULL&#8217;OMICIDIO DI HANDE"},"content":{"rendered":"<p>Pubblichiamo una riflessione di Saviano sull&#8217;omicidio della transessuale turca Hande apparso sull&#8217;<a title=\"l'omicidio di Hende\" href=\"http:\/\/espresso.repubblica.it\/opinioni\/l-antitaliano\/2016\/08\/26\/news\/chi-ha-ucciso-hande-dorme-nel-nostro-letto-1.281225\">Espresso\u00a0<\/a><\/p>\n<p>Hande Kader \u00e8 l\u2019attivista turca che nel 2015, durante le manifestazioni a Istanbul in favore del Gay Pride, fu colpita da manganelli e pallottole di gomma e che durante la protesta dello scorso giugno (per il Gay Pride negato a causa del Ramadan) si era opposta agli idranti della polizia. Hande Kader <i>era<\/i> l\u2019attivista turca, perch\u00e9 nei giorni scorsi il suo corpo \u00e8 stato trovato mutilato e carbonizzato in un quartiere residenziale di Istanbul. Gettato in un angolo, come quello di un altro omosessuale, il rifugiato siriano Mohammed Sankari, decapitato, ma prima, come riporta \u201cNewsweek\u201d, minacciato perch\u00e9 gay. \u00abNon importa che tu sia siriano o turco, se sei gay diventi l\u2019obiettivo di chiunque\u00bb, riferisce un amico di Sankari. Omosessuali uccisi con modalit\u00e0 mafiose, corpi mutilati e carbonizzati: monito a chiunque osasse essere libero nella propria sessualit\u00e0. Monito a chiunque osasse, dalla strada, pensare di poter cambiare le regole.<\/p>\n<p>Il compagno di Hande Kader ne aveva denunciato la scomparsa immediatamente, ma per dare un\u2019identit\u00e0 a quel corpo irriconoscibile c\u2019\u00e8 voluto del tempo. Hande Kader sembra essere stata vista, l\u2019ultima volta, mentre entrava nell\u2019auto di un cliente, perch\u00e9 lavorava, appunto, sulla strada: di mestiere faceva la prostituta. Mi verrebbe da dire \u201cun mestiere come un altro\u201d, uno di quelli che esistono da sempre e che da sempre si preferisce tenere ai margini. Chi lavora in strada deve \u201cservire\u201d come schiavo e mai alzare la testa, mai manifestare pubblicamente, mai esporsi. Hande Kader, invece, era una transgender, una prostituta, divenuta per il suo enorme coraggio, simbolo della comunit\u00e0 Lgbt e di chiunque abbia mai pensato di lottare, ovunque nel mondo, per i diritti dei gay.<\/p>\n<p>Hande kader \u00e8 vittima del suo assassino, ma non solo. Hande Kader \u00e8 vittima del governo turco e di chi in Turchia avalla la repressione delle manifestazioni della comunit\u00e0 Lgbt. Ma \u00e8 anche vittima di chiunque osi ancora negare i diritti dei gay come individui, come coppia e come genitori in grado di formare una famiglia. Chi oggi osa esprimere un\u2019opinione contraria alla libert\u00e0 di manifestazione dei gay in piazza, della libert\u00e0 di sposarsi e di far parte di una famiglia, contribuisce a creare in Italia, in Turchia e ovunque nel mondo, un clima di diffidenza e odio che come conseguenza non pu\u00f2 che avere manifestazioni di intolleranza e di violenza. Centinaia di persone a Istanbul sono scese in piazza per chiedere giustizia per l\u2019omicidio di Hande Kader, un omicidio per il quale la polizia turca non ha ancora effettuato nessun arresto, ma chi vuole lavarsi le mani e la coscienza di questa ennesima morte, dir\u00e0 che essere omosessuali non \u00e8 illegale in Turchia e che quindi le violenze contro gli omosessuali non sono violenze di Stato, ma atti isolati di singoli individui violenti di cui nessuno \u00e8 responsabile. La comunit\u00e0 Lgbt turca ha invece sottolineato come la societ\u00e0 con la sua omert\u00e0 stia proteggendo l\u2019assassino: \u00abVoi pensate che gli uomini che condividono con voi il letto, la cena e il pasto non abbiano nulla a che fare con i sex workers ma vi sbagliate. Perch\u00e9 chi ha ucciso Hande vive nelle vostre case, dorme tra la vostre lenzuola e mangia alla vostra tavola\u00bb. E io aggiungo: chi ha ucciso Hande Kader si nutre di discorsi razzisti e retrogradi, trova in certa politica opportunista una legittimazione anche alla loro violenza.<\/p>\n<p>Non posso fare a meno di pensare che in Italia il dibattito in Parlamento sulle unioni civili trov\u00f2 uno scoglio insormontabile nelle stepchild adoption. Non riesco a non pensare ai danni che continua a fare una classe politica spesso inadeguata che applica alla politica la stessa morale che applicherebbe tra le mura domestiche e quel pensiero assurdo che porta molti a dire che \u00abuna massaia che sappia amministrare casa saprebbe amministrare anche la cosa pubblica\u00bb. Sentire i ministri calibrare le loro decisioni pubbliche su esperienze domestiche \u00e8 un abominio che solo in paesi arretrati la politica pu\u00f2 ancora permettersi. E allora mettiamo il silenziatore al ministro-genitore che non vorrebbe mai che i figli fumassero spinelli e per questo non studia la legalizzazione come dovrebbe, al ministro-eterosessuale-fertile che non ha bisogno della ricerca scientifica per procreare e quindi parla di fecondazione come fosse un modo per creare nuovi Frankenstein. E ascoltiamo invece le voci di buon senso, quelle che creano apertura e suggeriscono empatia: #HandeKadereSesVer, che tradotto dal turco significa \u00abdiamo voce ad Hande Kader\u00bb.<\/p>\n","protected":false},"excerpt":{"rendered":"<p>Pubblichiamo una riflessione di Saviano sull&#8217;omicidio della transessuale turca Hande apparso sull&#8217;Espresso\u00a0 Hande Kader \u00e8 l\u2019attivista turca che nel 2015, durante le manifestazioni a Istanbul in favore del Gay Pride, fu colpita da manganelli e pallottole di gomma e che durante la protesta dello scorso giugno (per il Gay Pride negato a causa del Ramadan)&#8230;<\/p>\n","protected":false},"author":2,"featured_media":1891,"comment_status":"open","ping_status":"open","sticky":false,"template":"","format":"standard","meta":{"footnotes":""},"categories":[136,507,346],"tags":[504,514,744,503],"class_list":["post-1899","post","type-post","status-publish","format-standard","has-post-thumbnail","hentry","category-lgbt-nel-mondo","category-transfobia","category-transessuali","tag-gay-turchia","tag-hande-kader","tag-transfobia","tag-turchia"],"yoast_head":"<!-- This site is optimized with the Yoast SEO plugin v24.5 - https:\/\/yoast.com\/wordpress\/plugins\/seo\/ -->\r\n<title>28\/08\/2016 SAVIANO UN SUO INTERVENTO SULL&#039;OMICIDIO DI HANDE - LGBT+diritti RENZO E LUCIO<\/title>\r\n<meta name=\"robots\" content=\"index, follow, max-snippet:-1, max-image-preview:large, max-video-preview:-1\" \/>\r\n<link rel=\"canonical\" href=\"https:\/\/www.renzoelucio.it\/?p=1899\" \/>\r\n<meta property=\"og:locale\" content=\"it_IT\" \/>\r\n<meta property=\"og:type\" content=\"article\" \/>\r\n<meta property=\"og:title\" content=\"28\/08\/2016 SAVIANO UN SUO INTERVENTO SULL&#039;OMICIDIO DI HANDE - LGBT+diritti RENZO E LUCIO\" \/>\r\n<meta property=\"og:description\" content=\"Pubblichiamo una riflessione di Saviano sull&#8217;omicidio della transessuale turca Hande apparso sull&#8217;Espresso\u00a0 Hande Kader \u00e8 l\u2019attivista turca che nel 2015, durante le manifestazioni a Istanbul in favore del Gay Pride, fu colpita da manganelli e pallottole di gomma e che durante la protesta dello scorso giugno (per il Gay Pride negato a causa del Ramadan)...\" \/>\r\n<meta property=\"og:url\" content=\"https:\/\/www.renzoelucio.it\/?p=1899\" \/>\r\n<meta property=\"og:site_name\" content=\"LGBT+diritti RENZO E LUCIO\" \/>\r\n<meta property=\"article:published_time\" content=\"2016-08-28T17:32:22+00:00\" \/>\r\n<meta property=\"og:image\" content=\"https:\/\/www.renzoelucio.it\/public\/wordpress\/renzoelucio\/wp-content\/uploads\/2016\/08\/hande-kader.jpg\" \/>\r\n\t<meta property=\"og:image:width\" content=\"912\" \/>\r\n\t<meta property=\"og:image:height\" content=\"564\" \/>\r\n\t<meta property=\"og:image:type\" content=\"image\/jpeg\" \/>\r\n<meta name=\"author\" content=\"Mauro Pirovano\" \/>\r\n<meta name=\"twitter:card\" content=\"summary_large_image\" \/>\r\n<meta name=\"twitter:label1\" content=\"Scritto da\" \/>\n\t<meta name=\"twitter:data1\" content=\"Mauro Pirovano\" \/>\n\t<meta name=\"twitter:label2\" content=\"Tempo di lettura stimato\" \/>\n\t<meta name=\"twitter:data2\" content=\"4 minuti\" \/>\r\n<script type=\"application\/ld+json\" class=\"yoast-schema-graph\">{\"@context\":\"https:\/\/schema.org\",\"@graph\":[{\"@type\":\"WebPage\",\"@id\":\"https:\/\/www.renzoelucio.it\/?p=1899\",\"url\":\"https:\/\/www.renzoelucio.it\/?p=1899\",\"name\":\"28\/08\/2016 SAVIANO UN SUO INTERVENTO SULL'OMICIDIO DI HANDE - LGBT+diritti RENZO E LUCIO\",\"isPartOf\":{\"@id\":\"https:\/\/www.renzoelucio.it\/#website\"},\"primaryImageOfPage\":{\"@id\":\"https:\/\/www.renzoelucio.it\/?p=1899#primaryimage\"},\"image\":{\"@id\":\"https:\/\/www.renzoelucio.it\/?p=1899#primaryimage\"},\"thumbnailUrl\":\"https:\/\/www.renzoelucio.it\/public\/wordpress\/renzoelucio\/wp-content\/uploads\/2016\/08\/hande-kader.jpg\",\"datePublished\":\"2016-08-28T17:32:22+00:00\",\"author\":{\"@id\":\"https:\/\/www.renzoelucio.it\/#\/schema\/person\/0ecd8a1144e9dbb57b99cf93bcce77da\"},\"breadcrumb\":{\"@id\":\"https:\/\/www.renzoelucio.it\/?p=1899#breadcrumb\"},\"inLanguage\":\"it-IT\",\"potentialAction\":[{\"@type\":\"ReadAction\",\"target\":[\"https:\/\/www.renzoelucio.it\/?p=1899\"]}]},{\"@type\":\"ImageObject\",\"inLanguage\":\"it-IT\",\"@id\":\"https:\/\/www.renzoelucio.it\/?p=1899#primaryimage\",\"url\":\"https:\/\/www.renzoelucio.it\/public\/wordpress\/renzoelucio\/wp-content\/uploads\/2016\/08\/hande-kader.jpg\",\"contentUrl\":\"https:\/\/www.renzoelucio.it\/public\/wordpress\/renzoelucio\/wp-content\/uploads\/2016\/08\/hande-kader.jpg\",\"width\":912,\"height\":564},{\"@type\":\"BreadcrumbList\",\"@id\":\"https:\/\/www.renzoelucio.it\/?p=1899#breadcrumb\",\"itemListElement\":[{\"@type\":\"ListItem\",\"position\":1,\"name\":\"Home\",\"item\":\"https:\/\/www.renzoelucio.it\/\"},{\"@type\":\"ListItem\",\"position\":2,\"name\":\"28\/08\/2016 SAVIANO UN SUO INTERVENTO SULL&#8217;OMICIDIO DI HANDE\"}]},{\"@type\":\"WebSite\",\"@id\":\"https:\/\/www.renzoelucio.it\/#website\",\"url\":\"https:\/\/www.renzoelucio.it\/\",\"name\":\"LGBT+diritti RENZO E LUCIO\",\"description\":\"\",\"potentialAction\":[{\"@type\":\"SearchAction\",\"target\":{\"@type\":\"EntryPoint\",\"urlTemplate\":\"https:\/\/www.renzoelucio.it\/?s={search_term_string}\"},\"query-input\":{\"@type\":\"PropertyValueSpecification\",\"valueRequired\":true,\"valueName\":\"search_term_string\"}}],\"inLanguage\":\"it-IT\"},{\"@type\":\"Person\",\"@id\":\"https:\/\/www.renzoelucio.it\/#\/schema\/person\/0ecd8a1144e9dbb57b99cf93bcce77da\",\"name\":\"Mauro Pirovano\",\"image\":{\"@type\":\"ImageObject\",\"inLanguage\":\"it-IT\",\"@id\":\"https:\/\/www.renzoelucio.it\/#\/schema\/person\/image\/\",\"url\":\"https:\/\/secure.gravatar.com\/avatar\/98cdd444e02881ccfbbeb7860292420827bf54eea54779821111b0fb5476459b?s=96&d=mm&r=g\",\"contentUrl\":\"https:\/\/secure.gravatar.com\/avatar\/98cdd444e02881ccfbbeb7860292420827bf54eea54779821111b0fb5476459b?s=96&d=mm&r=g\",\"caption\":\"Mauro Pirovano\"},\"url\":\"https:\/\/www.renzoelucio.it\/?author=2\"}]}<\/script>\r\n<!-- \/ Yoast SEO plugin. -->","yoast_head_json":{"title":"28\/08\/2016 SAVIANO UN SUO INTERVENTO SULL'OMICIDIO DI HANDE - LGBT+diritti RENZO E LUCIO","robots":{"index":"index","follow":"follow","max-snippet":"max-snippet:-1","max-image-preview":"max-image-preview:large","max-video-preview":"max-video-preview:-1"},"canonical":"https:\/\/www.renzoelucio.it\/?p=1899","og_locale":"it_IT","og_type":"article","og_title":"28\/08\/2016 SAVIANO UN SUO INTERVENTO SULL'OMICIDIO DI HANDE - LGBT+diritti RENZO E LUCIO","og_description":"Pubblichiamo una riflessione di Saviano sull&#8217;omicidio della transessuale turca Hande apparso sull&#8217;Espresso\u00a0 Hande Kader \u00e8 l\u2019attivista turca che nel 2015, durante le manifestazioni a Istanbul in favore del Gay Pride, fu colpita da manganelli e pallottole di gomma e che durante la protesta dello scorso giugno (per il Gay Pride negato a causa del Ramadan)...","og_url":"https:\/\/www.renzoelucio.it\/?p=1899","og_site_name":"LGBT+diritti RENZO E LUCIO","article_published_time":"2016-08-28T17:32:22+00:00","og_image":[{"width":912,"height":564,"url":"https:\/\/www.renzoelucio.it\/public\/wordpress\/renzoelucio\/wp-content\/uploads\/2016\/08\/hande-kader.jpg","type":"image\/jpeg"}],"author":"Mauro Pirovano","twitter_card":"summary_large_image","twitter_misc":{"Scritto da":"Mauro Pirovano","Tempo di lettura stimato":"4 minuti"},"schema":{"@context":"https:\/\/schema.org","@graph":[{"@type":"WebPage","@id":"https:\/\/www.renzoelucio.it\/?p=1899","url":"https:\/\/www.renzoelucio.it\/?p=1899","name":"28\/08\/2016 SAVIANO UN SUO INTERVENTO SULL'OMICIDIO DI HANDE - LGBT+diritti RENZO E LUCIO","isPartOf":{"@id":"https:\/\/www.renzoelucio.it\/#website"},"primaryImageOfPage":{"@id":"https:\/\/www.renzoelucio.it\/?p=1899#primaryimage"},"image":{"@id":"https:\/\/www.renzoelucio.it\/?p=1899#primaryimage"},"thumbnailUrl":"https:\/\/www.renzoelucio.it\/public\/wordpress\/renzoelucio\/wp-content\/uploads\/2016\/08\/hande-kader.jpg","datePublished":"2016-08-28T17:32:22+00:00","author":{"@id":"https:\/\/www.renzoelucio.it\/#\/schema\/person\/0ecd8a1144e9dbb57b99cf93bcce77da"},"breadcrumb":{"@id":"https:\/\/www.renzoelucio.it\/?p=1899#breadcrumb"},"inLanguage":"it-IT","potentialAction":[{"@type":"ReadAction","target":["https:\/\/www.renzoelucio.it\/?p=1899"]}]},{"@type":"ImageObject","inLanguage":"it-IT","@id":"https:\/\/www.renzoelucio.it\/?p=1899#primaryimage","url":"https:\/\/www.renzoelucio.it\/public\/wordpress\/renzoelucio\/wp-content\/uploads\/2016\/08\/hande-kader.jpg","contentUrl":"https:\/\/www.renzoelucio.it\/public\/wordpress\/renzoelucio\/wp-content\/uploads\/2016\/08\/hande-kader.jpg","width":912,"height":564},{"@type":"BreadcrumbList","@id":"https:\/\/www.renzoelucio.it\/?p=1899#breadcrumb","itemListElement":[{"@type":"ListItem","position":1,"name":"Home","item":"https:\/\/www.renzoelucio.it\/"},{"@type":"ListItem","position":2,"name":"28\/08\/2016 SAVIANO UN SUO INTERVENTO SULL&#8217;OMICIDIO DI HANDE"}]},{"@type":"WebSite","@id":"https:\/\/www.renzoelucio.it\/#website","url":"https:\/\/www.renzoelucio.it\/","name":"LGBT+diritti RENZO E LUCIO","description":"","potentialAction":[{"@type":"SearchAction","target":{"@type":"EntryPoint","urlTemplate":"https:\/\/www.renzoelucio.it\/?s={search_term_string}"},"query-input":{"@type":"PropertyValueSpecification","valueRequired":true,"valueName":"search_term_string"}}],"inLanguage":"it-IT"},{"@type":"Person","@id":"https:\/\/www.renzoelucio.it\/#\/schema\/person\/0ecd8a1144e9dbb57b99cf93bcce77da","name":"Mauro Pirovano","image":{"@type":"ImageObject","inLanguage":"it-IT","@id":"https:\/\/www.renzoelucio.it\/#\/schema\/person\/image\/","url":"https:\/\/secure.gravatar.com\/avatar\/98cdd444e02881ccfbbeb7860292420827bf54eea54779821111b0fb5476459b?s=96&d=mm&r=g","contentUrl":"https:\/\/secure.gravatar.com\/avatar\/98cdd444e02881ccfbbeb7860292420827bf54eea54779821111b0fb5476459b?s=96&d=mm&r=g","caption":"Mauro Pirovano"},"url":"https:\/\/www.renzoelucio.it\/?author=2"}]}},"_links":{"self":[{"href":"https:\/\/www.renzoelucio.it\/index.php?rest_route=\/wp\/v2\/posts\/1899","targetHints":{"allow":["GET"]}}],"collection":[{"href":"https:\/\/www.renzoelucio.it\/index.php?rest_route=\/wp\/v2\/posts"}],"about":[{"href":"https:\/\/www.renzoelucio.it\/index.php?rest_route=\/wp\/v2\/types\/post"}],"author":[{"embeddable":true,"href":"https:\/\/www.renzoelucio.it\/index.php?rest_route=\/wp\/v2\/users\/2"}],"replies":[{"embeddable":true,"href":"https:\/\/www.renzoelucio.it\/index.php?rest_route=%2Fwp%2Fv2%2Fcomments&post=1899"}],"version-history":[{"count":1,"href":"https:\/\/www.renzoelucio.it\/index.php?rest_route=\/wp\/v2\/posts\/1899\/revisions"}],"predecessor-version":[{"id":1900,"href":"https:\/\/www.renzoelucio.it\/index.php?rest_route=\/wp\/v2\/posts\/1899\/revisions\/1900"}],"wp:featuredmedia":[{"embeddable":true,"href":"https:\/\/www.renzoelucio.it\/index.php?rest_route=\/wp\/v2\/media\/1891"}],"wp:attachment":[{"href":"https:\/\/www.renzoelucio.it\/index.php?rest_route=%2Fwp%2Fv2%2Fmedia&parent=1899"}],"wp:term":[{"taxonomy":"category","embeddable":true,"href":"https:\/\/www.renzoelucio.it\/index.php?rest_route=%2Fwp%2Fv2%2Fcategories&post=1899"},{"taxonomy":"post_tag","embeddable":true,"href":"https:\/\/www.renzoelucio.it\/index.php?rest_route=%2Fwp%2Fv2%2Ftags&post=1899"}],"curies":[{"name":"wp","href":"https:\/\/api.w.org\/{rel}","templated":true}]}}