{"id":1921,"date":"2016-09-22T00:04:34","date_gmt":"2016-09-21T22:04:34","guid":{"rendered":"http:\/\/www.renzoelucio.it\/?p=1921"},"modified":"2016-09-22T22:57:32","modified_gmt":"2016-09-22T20:57:32","slug":"01102016-prima-unione-civile-sulle-rive-del-lago-di-lecco-a-bellano","status":"publish","type":"post","link":"https:\/\/www.renzoelucio.it\/?p=1921","title":{"rendered":"01\/10\/2016 PRIMA UNIONE CIVILE SULLE RIVE DEL LAGO DI LECCO A BELLANO"},"content":{"rendered":"<p>Dal 6 settembre 1999 ormai condividono tutto: la casa l\u2019auto la cura dei loro cani ed ora, dopo 18 anni di convivenza, possono finalmente dare una stabilit\u00e0 giuridica al loro rapporto d\u2019amore. Sono Franco e Giuseppe, da poco trasferitisi a Bellano, che il 1 ottobre celebreranno nel palazzo comunale la loro Unione Civile.<\/p>\n<p>Hanno scelto di vivere a Bellano un anno fa, Giuseppe \u00e8 d\u2019origine siciliana e per lui guardare il lago \u00e8 un po\u2019 come ricordare la sua terra, in particolare dice \u201cmi ricorda lo stretto di Messina\u201d. Invece Franco, nato a Zurigo, ma met\u00e0 bergamasco e met\u00e0 bresciano \u00e8 rimasto da subito colpito dalla terra lariana ed insieme hanno abbandonato Milano per venire sul nostro lago. Li unisce anche la passione per la montagna e il piacere di una vacanza in camper.<\/p>\n<p>Hanno deciso di unirsi civilmente e di dare visibilit\u00e0 alla loro unione dopo tanti anni di vita condivisa. Lo vogliono fare insieme ai loro amici e parenti di fronte ai loro compaesani ed ai loro colleghi di lavoro che piacevolmente, e con una certa curiosit\u00e0, attendono di festeggiare questa prima Unione Civile sulle sponde del lago di Lecco.<\/p>\n<p><a href=\"http:\/\/www.renzoelucio.it\/public\/wordpress\/renzoelucio\/wp-content\/uploads\/2016\/09\/12299368_10207000246957171_387620002021772368_n.jpg\"><img loading=\"lazy\" decoding=\"async\" class=\"size-thumbnail wp-image-1923 alignleft\" src=\"http:\/\/www.renzoelucio.it\/public\/wordpress\/renzoelucio\/wp-content\/uploads\/2016\/09\/12299368_10207000246957171_387620002021772368_n-150x150.jpg\" alt=\"12299368_10207000246957171_387620002021772368_n\" width=\"150\" height=\"150\" \/><\/a><a href=\"http:\/\/www.renzoelucio.it\/public\/wordpress\/renzoelucio\/wp-content\/uploads\/2016\/09\/IMG_6155.jpg\"><img loading=\"lazy\" decoding=\"async\" class=\"size-thumbnail wp-image-1926 alignleft\" src=\"http:\/\/www.renzoelucio.it\/public\/wordpress\/renzoelucio\/wp-content\/uploads\/2016\/09\/IMG_6155-150x150.jpg\" alt=\"img_6155\" width=\"150\" height=\"150\" \/><\/a><a href=\"http:\/\/www.renzoelucio.it\/public\/wordpress\/renzoelucio\/wp-content\/uploads\/2016\/09\/IMG_6158.jpg\"><img loading=\"lazy\" decoding=\"async\" class=\"size-thumbnail wp-image-1927 alignleft\" src=\"http:\/\/www.renzoelucio.it\/public\/wordpress\/renzoelucio\/wp-content\/uploads\/2016\/09\/IMG_6158-150x150.jpg\" alt=\"img_6158\" width=\"150\" height=\"150\" \/><\/a><a href=\"http:\/\/www.renzoelucio.it\/public\/wordpress\/renzoelucio\/wp-content\/uploads\/2016\/09\/IMG_6154.jpg\"><img loading=\"lazy\" decoding=\"async\" class=\"size-thumbnail wp-image-1928 alignleft\" src=\"http:\/\/www.renzoelucio.it\/public\/wordpress\/renzoelucio\/wp-content\/uploads\/2016\/09\/IMG_6154-150x150.jpg\" alt=\"img_6154\" width=\"150\" height=\"150\" \/><\/a><\/p>\n","protected":false},"excerpt":{"rendered":"<p>Dal 6 settembre 1999 ormai condividono tutto: la casa l\u2019auto la cura dei loro cani ed ora, dopo 18 anni di convivenza, possono finalmente dare una stabilit\u00e0 giuridica al loro rapporto d\u2019amore. Sono Franco e Giuseppe, da poco trasferitisi a Bellano, che il 1 ottobre celebreranno nel palazzo comunale la loro Unione Civile. Hanno scelto&#8230;<\/p>\n","protected":false},"author":2,"featured_media":1925,"comment_status":"open","ping_status":"open","sticky":false,"template":"","format":"standard","meta":{"footnotes":""},"categories":[38],"tags":[743,526,276,480,91,398],"class_list":["post-1921","post","type-post","status-publish","format-standard","has-post-thumbnail","hentry","category-unioni-civili","tag-unionicivili","tag-bellano","tag-lecco-gay","tag-lecco-unioni-civili","tag-renzo-e-lucio","tag-unioni-civili-cirinna"],"yoast_head":"<!-- This site is optimized with the Yoast SEO plugin v24.5 - https:\/\/yoast.com\/wordpress\/plugins\/seo\/ -->\r\n<title>01\/10\/2016 PRIMA UNIONE CIVILE SULLE RIVE DEL LAGO DI LECCO A BELLANO - LGBT+diritti RENZO E LUCIO<\/title>\r\n<meta name=\"robots\" content=\"index, follow, max-snippet:-1, max-image-preview:large, max-video-preview:-1\" \/>\r\n<link rel=\"canonical\" href=\"https:\/\/www.renzoelucio.it\/?p=1921\" \/>\r\n<meta property=\"og:locale\" content=\"it_IT\" \/>\r\n<meta property=\"og:type\" content=\"article\" \/>\r\n<meta property=\"og:title\" content=\"01\/10\/2016 PRIMA UNIONE CIVILE SULLE RIVE DEL LAGO DI LECCO A BELLANO - LGBT+diritti RENZO E LUCIO\" \/>\r\n<meta property=\"og:description\" content=\"Dal 6 settembre 1999 ormai condividono tutto: la casa l\u2019auto la cura dei loro cani ed ora, dopo 18 anni di convivenza, possono finalmente dare una stabilit\u00e0 giuridica al loro rapporto d\u2019amore. Sono Franco e Giuseppe, da poco trasferitisi a Bellano, che il 1 ottobre celebreranno nel palazzo comunale la loro Unione Civile. Hanno scelto...\" \/>\r\n<meta property=\"og:url\" content=\"https:\/\/www.renzoelucio.it\/?p=1921\" \/>\r\n<meta property=\"og:site_name\" content=\"LGBT+diritti RENZO E LUCIO\" \/>\r\n<meta property=\"article:published_time\" content=\"2016-09-21T22:04:34+00:00\" \/>\r\n<meta property=\"article:modified_time\" content=\"2016-09-22T20:57:32+00:00\" \/>\r\n<meta property=\"og:image\" content=\"https:\/\/www.renzoelucio.it\/public\/wordpress\/renzoelucio\/wp-content\/uploads\/2016\/09\/IMG_6157.jpg\" \/>\r\n\t<meta property=\"og:image:width\" content=\"972\" \/>\r\n\t<meta property=\"og:image:height\" content=\"1296\" \/>\r\n\t<meta property=\"og:image:type\" content=\"image\/jpeg\" \/>\r\n<meta name=\"author\" content=\"Mauro Pirovano\" \/>\r\n<meta name=\"twitter:card\" content=\"summary_large_image\" \/>\r\n<meta name=\"twitter:label1\" content=\"Scritto da\" \/>\n\t<meta name=\"twitter:data1\" content=\"Mauro Pirovano\" \/>\n\t<meta name=\"twitter:label2\" content=\"Tempo di lettura stimato\" \/>\n\t<meta name=\"twitter:data2\" content=\"1 minuto\" \/>\r\n<script type=\"application\/ld+json\" class=\"yoast-schema-graph\">{\"@context\":\"https:\/\/schema.org\",\"@graph\":[{\"@type\":\"WebPage\",\"@id\":\"https:\/\/www.renzoelucio.it\/?p=1921\",\"url\":\"https:\/\/www.renzoelucio.it\/?p=1921\",\"name\":\"01\/10\/2016 PRIMA UNIONE CIVILE SULLE RIVE DEL LAGO DI LECCO A BELLANO - LGBT+diritti RENZO E LUCIO\",\"isPartOf\":{\"@id\":\"https:\/\/www.renzoelucio.it\/#website\"},\"primaryImageOfPage\":{\"@id\":\"https:\/\/www.renzoelucio.it\/?p=1921#primaryimage\"},\"image\":{\"@id\":\"https:\/\/www.renzoelucio.it\/?p=1921#primaryimage\"},\"thumbnailUrl\":\"https:\/\/www.renzoelucio.it\/public\/wordpress\/renzoelucio\/wp-content\/uploads\/2016\/09\/IMG_6157.jpg\",\"datePublished\":\"2016-09-21T22:04:34+00:00\",\"dateModified\":\"2016-09-22T20:57:32+00:00\",\"author\":{\"@id\":\"https:\/\/www.renzoelucio.it\/#\/schema\/person\/0ecd8a1144e9dbb57b99cf93bcce77da\"},\"breadcrumb\":{\"@id\":\"https:\/\/www.renzoelucio.it\/?p=1921#breadcrumb\"},\"inLanguage\":\"it-IT\",\"potentialAction\":[{\"@type\":\"ReadAction\",\"target\":[\"https:\/\/www.renzoelucio.it\/?p=1921\"]}]},{\"@type\":\"ImageObject\",\"inLanguage\":\"it-IT\",\"@id\":\"https:\/\/www.renzoelucio.it\/?p=1921#primaryimage\",\"url\":\"https:\/\/www.renzoelucio.it\/public\/wordpress\/renzoelucio\/wp-content\/uploads\/2016\/09\/IMG_6157.jpg\",\"contentUrl\":\"https:\/\/www.renzoelucio.it\/public\/wordpress\/renzoelucio\/wp-content\/uploads\/2016\/09\/IMG_6157.jpg\",\"width\":972,\"height\":1296},{\"@type\":\"BreadcrumbList\",\"@id\":\"https:\/\/www.renzoelucio.it\/?p=1921#breadcrumb\",\"itemListElement\":[{\"@type\":\"ListItem\",\"position\":1,\"name\":\"Home\",\"item\":\"https:\/\/www.renzoelucio.it\/\"},{\"@type\":\"ListItem\",\"position\":2,\"name\":\"01\/10\/2016 PRIMA UNIONE CIVILE SULLE RIVE DEL LAGO DI LECCO A BELLANO\"}]},{\"@type\":\"WebSite\",\"@id\":\"https:\/\/www.renzoelucio.it\/#website\",\"url\":\"https:\/\/www.renzoelucio.it\/\",\"name\":\"LGBT+diritti RENZO E LUCIO\",\"description\":\"\",\"potentialAction\":[{\"@type\":\"SearchAction\",\"target\":{\"@type\":\"EntryPoint\",\"urlTemplate\":\"https:\/\/www.renzoelucio.it\/?s={search_term_string}\"},\"query-input\":{\"@type\":\"PropertyValueSpecification\",\"valueRequired\":true,\"valueName\":\"search_term_string\"}}],\"inLanguage\":\"it-IT\"},{\"@type\":\"Person\",\"@id\":\"https:\/\/www.renzoelucio.it\/#\/schema\/person\/0ecd8a1144e9dbb57b99cf93bcce77da\",\"name\":\"Mauro Pirovano\",\"image\":{\"@type\":\"ImageObject\",\"inLanguage\":\"it-IT\",\"@id\":\"https:\/\/www.renzoelucio.it\/#\/schema\/person\/image\/\",\"url\":\"https:\/\/secure.gravatar.com\/avatar\/98cdd444e02881ccfbbeb7860292420827bf54eea54779821111b0fb5476459b?s=96&d=mm&r=g\",\"contentUrl\":\"https:\/\/secure.gravatar.com\/avatar\/98cdd444e02881ccfbbeb7860292420827bf54eea54779821111b0fb5476459b?s=96&d=mm&r=g\",\"caption\":\"Mauro Pirovano\"},\"url\":\"https:\/\/www.renzoelucio.it\/?author=2\"}]}<\/script>\r\n<!-- \/ Yoast SEO plugin. -->","yoast_head_json":{"title":"01\/10\/2016 PRIMA UNIONE CIVILE SULLE RIVE DEL LAGO DI LECCO A BELLANO - LGBT+diritti RENZO E LUCIO","robots":{"index":"index","follow":"follow","max-snippet":"max-snippet:-1","max-image-preview":"max-image-preview:large","max-video-preview":"max-video-preview:-1"},"canonical":"https:\/\/www.renzoelucio.it\/?p=1921","og_locale":"it_IT","og_type":"article","og_title":"01\/10\/2016 PRIMA UNIONE CIVILE SULLE RIVE DEL LAGO DI LECCO A BELLANO - LGBT+diritti RENZO E LUCIO","og_description":"Dal 6 settembre 1999 ormai condividono tutto: la casa l\u2019auto la cura dei loro cani ed ora, dopo 18 anni di convivenza, possono finalmente dare una stabilit\u00e0 giuridica al loro rapporto d\u2019amore. Sono Franco e Giuseppe, da poco trasferitisi a Bellano, che il 1 ottobre celebreranno nel palazzo comunale la loro Unione Civile. Hanno scelto...","og_url":"https:\/\/www.renzoelucio.it\/?p=1921","og_site_name":"LGBT+diritti RENZO E LUCIO","article_published_time":"2016-09-21T22:04:34+00:00","article_modified_time":"2016-09-22T20:57:32+00:00","og_image":[{"width":972,"height":1296,"url":"https:\/\/www.renzoelucio.it\/public\/wordpress\/renzoelucio\/wp-content\/uploads\/2016\/09\/IMG_6157.jpg","type":"image\/jpeg"}],"author":"Mauro Pirovano","twitter_card":"summary_large_image","twitter_misc":{"Scritto da":"Mauro Pirovano","Tempo di lettura stimato":"1 minuto"},"schema":{"@context":"https:\/\/schema.org","@graph":[{"@type":"WebPage","@id":"https:\/\/www.renzoelucio.it\/?p=1921","url":"https:\/\/www.renzoelucio.it\/?p=1921","name":"01\/10\/2016 PRIMA UNIONE CIVILE SULLE RIVE DEL LAGO DI LECCO A BELLANO - LGBT+diritti RENZO E LUCIO","isPartOf":{"@id":"https:\/\/www.renzoelucio.it\/#website"},"primaryImageOfPage":{"@id":"https:\/\/www.renzoelucio.it\/?p=1921#primaryimage"},"image":{"@id":"https:\/\/www.renzoelucio.it\/?p=1921#primaryimage"},"thumbnailUrl":"https:\/\/www.renzoelucio.it\/public\/wordpress\/renzoelucio\/wp-content\/uploads\/2016\/09\/IMG_6157.jpg","datePublished":"2016-09-21T22:04:34+00:00","dateModified":"2016-09-22T20:57:32+00:00","author":{"@id":"https:\/\/www.renzoelucio.it\/#\/schema\/person\/0ecd8a1144e9dbb57b99cf93bcce77da"},"breadcrumb":{"@id":"https:\/\/www.renzoelucio.it\/?p=1921#breadcrumb"},"inLanguage":"it-IT","potentialAction":[{"@type":"ReadAction","target":["https:\/\/www.renzoelucio.it\/?p=1921"]}]},{"@type":"ImageObject","inLanguage":"it-IT","@id":"https:\/\/www.renzoelucio.it\/?p=1921#primaryimage","url":"https:\/\/www.renzoelucio.it\/public\/wordpress\/renzoelucio\/wp-content\/uploads\/2016\/09\/IMG_6157.jpg","contentUrl":"https:\/\/www.renzoelucio.it\/public\/wordpress\/renzoelucio\/wp-content\/uploads\/2016\/09\/IMG_6157.jpg","width":972,"height":1296},{"@type":"BreadcrumbList","@id":"https:\/\/www.renzoelucio.it\/?p=1921#breadcrumb","itemListElement":[{"@type":"ListItem","position":1,"name":"Home","item":"https:\/\/www.renzoelucio.it\/"},{"@type":"ListItem","position":2,"name":"01\/10\/2016 PRIMA UNIONE CIVILE SULLE RIVE DEL LAGO DI LECCO A BELLANO"}]},{"@type":"WebSite","@id":"https:\/\/www.renzoelucio.it\/#website","url":"https:\/\/www.renzoelucio.it\/","name":"LGBT+diritti RENZO E LUCIO","description":"","potentialAction":[{"@type":"SearchAction","target":{"@type":"EntryPoint","urlTemplate":"https:\/\/www.renzoelucio.it\/?s={search_term_string}"},"query-input":{"@type":"PropertyValueSpecification","valueRequired":true,"valueName":"search_term_string"}}],"inLanguage":"it-IT"},{"@type":"Person","@id":"https:\/\/www.renzoelucio.it\/#\/schema\/person\/0ecd8a1144e9dbb57b99cf93bcce77da","name":"Mauro Pirovano","image":{"@type":"ImageObject","inLanguage":"it-IT","@id":"https:\/\/www.renzoelucio.it\/#\/schema\/person\/image\/","url":"https:\/\/secure.gravatar.com\/avatar\/98cdd444e02881ccfbbeb7860292420827bf54eea54779821111b0fb5476459b?s=96&d=mm&r=g","contentUrl":"https:\/\/secure.gravatar.com\/avatar\/98cdd444e02881ccfbbeb7860292420827bf54eea54779821111b0fb5476459b?s=96&d=mm&r=g","caption":"Mauro Pirovano"},"url":"https:\/\/www.renzoelucio.it\/?author=2"}]}},"_links":{"self":[{"href":"https:\/\/www.renzoelucio.it\/index.php?rest_route=\/wp\/v2\/posts\/1921","targetHints":{"allow":["GET"]}}],"collection":[{"href":"https:\/\/www.renzoelucio.it\/index.php?rest_route=\/wp\/v2\/posts"}],"about":[{"href":"https:\/\/www.renzoelucio.it\/index.php?rest_route=\/wp\/v2\/types\/post"}],"author":[{"embeddable":true,"href":"https:\/\/www.renzoelucio.it\/index.php?rest_route=\/wp\/v2\/users\/2"}],"replies":[{"embeddable":true,"href":"https:\/\/www.renzoelucio.it\/index.php?rest_route=%2Fwp%2Fv2%2Fcomments&post=1921"}],"version-history":[{"count":3,"href":"https:\/\/www.renzoelucio.it\/index.php?rest_route=\/wp\/v2\/posts\/1921\/revisions"}],"predecessor-version":[{"id":1930,"href":"https:\/\/www.renzoelucio.it\/index.php?rest_route=\/wp\/v2\/posts\/1921\/revisions\/1930"}],"wp:featuredmedia":[{"embeddable":true,"href":"https:\/\/www.renzoelucio.it\/index.php?rest_route=\/wp\/v2\/media\/1925"}],"wp:attachment":[{"href":"https:\/\/www.renzoelucio.it\/index.php?rest_route=%2Fwp%2Fv2%2Fmedia&parent=1921"}],"wp:term":[{"taxonomy":"category","embeddable":true,"href":"https:\/\/www.renzoelucio.it\/index.php?rest_route=%2Fwp%2Fv2%2Fcategories&post=1921"},{"taxonomy":"post_tag","embeddable":true,"href":"https:\/\/www.renzoelucio.it\/index.php?rest_route=%2Fwp%2Fv2%2Ftags&post=1921"}],"curies":[{"name":"wp","href":"https:\/\/api.w.org\/{rel}","templated":true}]}}