{"id":203,"date":"2014-01-18T15:49:47","date_gmt":"2014-01-18T14:49:47","guid":{"rendered":"http:\/\/www.renzoelucio.it\/wordpress\/?p=203"},"modified":"2014-01-18T15:49:47","modified_gmt":"2014-01-18T14:49:47","slug":"lecco-citta-civile","status":"publish","type":"post","link":"https:\/\/www.renzoelucio.it\/?p=203","title":{"rendered":"LECCO. CITTA&#8217; CIVILE."},"content":{"rendered":"<p><img loading=\"lazy\" decoding=\"async\" class=\"alignnone size-medium wp-image-204\" alt=\"unionicivili\" src=\"http:\/\/www.renzoelucio.it\/public\/wordpress\/renzoelucio\/wp-content\/uploads\/2014\/01\/unionicivili-300x110.png\" width=\"300\" height=\"110\" srcset=\"https:\/\/www.renzoelucio.it\/public\/wordpress\/renzoelucio\/wp-content\/uploads\/2014\/01\/unionicivili-300x110.png 300w, https:\/\/www.renzoelucio.it\/public\/wordpress\/renzoelucio\/wp-content\/uploads\/2014\/01\/unionicivili.png 425w\" sizes=\"auto, (max-width: 300px) 100vw, 300px\" \/><\/p>\n<p>L&#8217;associazione &#8220;Renzo e Lucio&#8221; esprime grande soddisfazione per la decisione del Consiglio Comunale di istituire il\u00a0Registro delle Unioni Civili.<\/p>\n<p>Un atto di civilt\u00e0 che certifica per la nostra citt\u00e0 pari dignit\u00e0 per le differenti forme di famiglia che gi\u00e0 esistono sul nostro territorio.<\/p>\n<p>Un atto che, oltre ad avere un valore pratico, porta con se una valore culturale e sociale e dice che tutti i cittadini, indipendentemente dal loro orientamento sessuale, hanno pari dignit\u00e0 e devo aspirare ad avere pari diritti dal legislatore nazionale.<\/p>\n<p>Crediamo che da oggi le persone gay e lesbiche, che vivono da anni nella nostra citt\u00e0, possono sentirsi cittadini di Lecco a tutti gli effetti.<\/p>\n<p>Siamo soddisfatti che questa Amministrazione ha saputo fare un passo in avanti sul fronte dei diritti civili ed ha, almeno in questa occasione, interpretato bene il proprio ruolo di realt\u00e0 amministrativa concreta e laica.<\/p>\n<p>Un diritto civile \u00e8 un valore per tutti e non pu\u00f2 essere rinchiuso nelle maglie strette della tradizione e della paura, ma deve essere allargato e condiviso.<\/p>\n<p>Un passo importante anche per le unioni affettive eterosessuali, in attesa della riforma del diritto di famiglia che garantisca alle loro unioni qualche diritto ed a noi il matrimonio egualitario.<\/p>\n<p>Vogliamo anche credere che questo risultato a Lecco \u00e8 stato possibile anche grazie al lavoro che Renzo e Lucio, in questi sei anni della sua esistenza, ha saputo fare con il contributo prezioso dei volontari gay, lesbiche ed dei nostri amici etero. Riteniamo giusto ringraziare l&#8217;amministrazione comunale ed in modo particolare il presidente della commissione Rizzolino che con i consiglieri Venturini e Magni ed il PD hanno lavorato per un regolamento innovativo ed efficace.<\/p>\n<p>Come persone gay e lesbiche siamo contenti di stare in una citt\u00e0 accogliente e laica ed auspichiamo che dopo Mandello che ha fatto da capofila, poi Bellano ed ora Lecco, altri comuni della nostra provincia possano portare avanti questa giusta battaglia per i diritti civili e per il rispetto di ogni singola e differente persona.<\/p>\n<p><i><b>Renzo e Lucio<\/b><\/i><\/p>\n<p>&nbsp;<\/p>\n","protected":false},"excerpt":{"rendered":"<p>L&#8217;associazione &#8220;Renzo e Lucio&#8221; esprime grande soddisfazione per la decisione del Consiglio Comunale di istituire il\u00a0Registro delle Unioni Civili. Un atto di civilt\u00e0 che certifica per la nostra citt\u00e0 pari dignit\u00e0 per le differenti forme di famiglia che gi\u00e0 esistono sul nostro territorio. Un atto che, oltre ad avere un valore pratico, porta con se&#8230;<\/p>\n","protected":false},"author":3,"featured_media":0,"comment_status":"open","ping_status":"open","sticky":false,"template":"","format":"standard","meta":{"footnotes":""},"categories":[38],"tags":[59,725,730],"class_list":["post-203","post","type-post","status-publish","format-standard","hentry","category-unioni-civili","tag-citta-civile","tag-lecco","tag-unioni-civili"],"yoast_head":"<!-- This site is optimized with the Yoast SEO plugin v24.5 - https:\/\/yoast.com\/wordpress\/plugins\/seo\/ -->\r\n<title>LECCO. CITTA&#039; CIVILE. - LGBT+diritti RENZO E LUCIO<\/title>\r\n<meta name=\"robots\" content=\"index, follow, max-snippet:-1, max-image-preview:large, max-video-preview:-1\" \/>\r\n<link rel=\"canonical\" href=\"https:\/\/www.renzoelucio.it\/?p=203\" \/>\r\n<meta property=\"og:locale\" content=\"it_IT\" \/>\r\n<meta property=\"og:type\" content=\"article\" \/>\r\n<meta property=\"og:title\" content=\"LECCO. CITTA&#039; CIVILE. - LGBT+diritti RENZO E LUCIO\" \/>\r\n<meta property=\"og:description\" content=\"L&#8217;associazione &#8220;Renzo e Lucio&#8221; esprime grande soddisfazione per la decisione del Consiglio Comunale di istituire il\u00a0Registro delle Unioni Civili. Un atto di civilt\u00e0 che certifica per la nostra citt\u00e0 pari dignit\u00e0 per le differenti forme di famiglia che gi\u00e0 esistono sul nostro territorio. Un atto che, oltre ad avere un valore pratico, porta con se...\" \/>\r\n<meta property=\"og:url\" content=\"https:\/\/www.renzoelucio.it\/?p=203\" \/>\r\n<meta property=\"og:site_name\" content=\"LGBT+diritti RENZO E LUCIO\" \/>\r\n<meta property=\"article:published_time\" content=\"2014-01-18T14:49:47+00:00\" \/>\r\n<meta property=\"og:image\" content=\"http:\/\/www.renzoelucio.it\/public\/wordpress\/renzoelucio\/wp-content\/uploads\/2014\/01\/unionicivili-300x110.png\" \/>\r\n<meta name=\"author\" content=\"Marco Invernizzi\" \/>\r\n<meta name=\"twitter:card\" content=\"summary_large_image\" \/>\r\n<meta name=\"twitter:label1\" content=\"Scritto da\" \/>\n\t<meta name=\"twitter:data1\" content=\"Marco Invernizzi\" \/>\n\t<meta name=\"twitter:label2\" content=\"Tempo di lettura stimato\" \/>\n\t<meta name=\"twitter:data2\" content=\"2 minuti\" \/>\r\n<script type=\"application\/ld+json\" class=\"yoast-schema-graph\">{\"@context\":\"https:\/\/schema.org\",\"@graph\":[{\"@type\":\"WebPage\",\"@id\":\"https:\/\/www.renzoelucio.it\/?p=203\",\"url\":\"https:\/\/www.renzoelucio.it\/?p=203\",\"name\":\"LECCO. CITTA' CIVILE. - LGBT+diritti RENZO E LUCIO\",\"isPartOf\":{\"@id\":\"https:\/\/www.renzoelucio.it\/#website\"},\"primaryImageOfPage\":{\"@id\":\"https:\/\/www.renzoelucio.it\/?p=203#primaryimage\"},\"image\":{\"@id\":\"https:\/\/www.renzoelucio.it\/?p=203#primaryimage\"},\"thumbnailUrl\":\"http:\/\/www.renzoelucio.it\/public\/wordpress\/renzoelucio\/wp-content\/uploads\/2014\/01\/unionicivili-300x110.png\",\"datePublished\":\"2014-01-18T14:49:47+00:00\",\"author\":{\"@id\":\"https:\/\/www.renzoelucio.it\/#\/schema\/person\/88f64aacbe216f48e58727ec2ef83c63\"},\"breadcrumb\":{\"@id\":\"https:\/\/www.renzoelucio.it\/?p=203#breadcrumb\"},\"inLanguage\":\"it-IT\",\"potentialAction\":[{\"@type\":\"ReadAction\",\"target\":[\"https:\/\/www.renzoelucio.it\/?p=203\"]}]},{\"@type\":\"ImageObject\",\"inLanguage\":\"it-IT\",\"@id\":\"https:\/\/www.renzoelucio.it\/?p=203#primaryimage\",\"url\":\"https:\/\/www.renzoelucio.it\/public\/wordpress\/renzoelucio\/wp-content\/uploads\/2014\/01\/unionicivili.png\",\"contentUrl\":\"https:\/\/www.renzoelucio.it\/public\/wordpress\/renzoelucio\/wp-content\/uploads\/2014\/01\/unionicivili.png\",\"width\":425,\"height\":157},{\"@type\":\"BreadcrumbList\",\"@id\":\"https:\/\/www.renzoelucio.it\/?p=203#breadcrumb\",\"itemListElement\":[{\"@type\":\"ListItem\",\"position\":1,\"name\":\"Home\",\"item\":\"https:\/\/www.renzoelucio.it\/\"},{\"@type\":\"ListItem\",\"position\":2,\"name\":\"LECCO. CITTA&#8217; CIVILE.\"}]},{\"@type\":\"WebSite\",\"@id\":\"https:\/\/www.renzoelucio.it\/#website\",\"url\":\"https:\/\/www.renzoelucio.it\/\",\"name\":\"LGBT+diritti RENZO E LUCIO\",\"description\":\"\",\"potentialAction\":[{\"@type\":\"SearchAction\",\"target\":{\"@type\":\"EntryPoint\",\"urlTemplate\":\"https:\/\/www.renzoelucio.it\/?s={search_term_string}\"},\"query-input\":{\"@type\":\"PropertyValueSpecification\",\"valueRequired\":true,\"valueName\":\"search_term_string\"}}],\"inLanguage\":\"it-IT\"},{\"@type\":\"Person\",\"@id\":\"https:\/\/www.renzoelucio.it\/#\/schema\/person\/88f64aacbe216f48e58727ec2ef83c63\",\"name\":\"Marco Invernizzi\",\"image\":{\"@type\":\"ImageObject\",\"inLanguage\":\"it-IT\",\"@id\":\"https:\/\/www.renzoelucio.it\/#\/schema\/person\/image\/\",\"url\":\"https:\/\/secure.gravatar.com\/avatar\/3bd2bf16f7291d75fe1df0e37429b896c27819455f29181ac7a43c2350ac0089?s=96&d=mm&r=g\",\"contentUrl\":\"https:\/\/secure.gravatar.com\/avatar\/3bd2bf16f7291d75fe1df0e37429b896c27819455f29181ac7a43c2350ac0089?s=96&d=mm&r=g\",\"caption\":\"Marco Invernizzi\"},\"url\":\"https:\/\/www.renzoelucio.it\/?author=3\"}]}<\/script>\r\n<!-- \/ Yoast SEO plugin. -->","yoast_head_json":{"title":"LECCO. CITTA' CIVILE. - LGBT+diritti RENZO E LUCIO","robots":{"index":"index","follow":"follow","max-snippet":"max-snippet:-1","max-image-preview":"max-image-preview:large","max-video-preview":"max-video-preview:-1"},"canonical":"https:\/\/www.renzoelucio.it\/?p=203","og_locale":"it_IT","og_type":"article","og_title":"LECCO. CITTA' CIVILE. - LGBT+diritti RENZO E LUCIO","og_description":"L&#8217;associazione &#8220;Renzo e Lucio&#8221; esprime grande soddisfazione per la decisione del Consiglio Comunale di istituire il\u00a0Registro delle Unioni Civili. Un atto di civilt\u00e0 che certifica per la nostra citt\u00e0 pari dignit\u00e0 per le differenti forme di famiglia che gi\u00e0 esistono sul nostro territorio. Un atto che, oltre ad avere un valore pratico, porta con se...","og_url":"https:\/\/www.renzoelucio.it\/?p=203","og_site_name":"LGBT+diritti RENZO E LUCIO","article_published_time":"2014-01-18T14:49:47+00:00","og_image":[{"url":"http:\/\/www.renzoelucio.it\/public\/wordpress\/renzoelucio\/wp-content\/uploads\/2014\/01\/unionicivili-300x110.png","type":"","width":"","height":""}],"author":"Marco Invernizzi","twitter_card":"summary_large_image","twitter_misc":{"Scritto da":"Marco Invernizzi","Tempo di lettura stimato":"2 minuti"},"schema":{"@context":"https:\/\/schema.org","@graph":[{"@type":"WebPage","@id":"https:\/\/www.renzoelucio.it\/?p=203","url":"https:\/\/www.renzoelucio.it\/?p=203","name":"LECCO. CITTA' CIVILE. - LGBT+diritti RENZO E LUCIO","isPartOf":{"@id":"https:\/\/www.renzoelucio.it\/#website"},"primaryImageOfPage":{"@id":"https:\/\/www.renzoelucio.it\/?p=203#primaryimage"},"image":{"@id":"https:\/\/www.renzoelucio.it\/?p=203#primaryimage"},"thumbnailUrl":"http:\/\/www.renzoelucio.it\/public\/wordpress\/renzoelucio\/wp-content\/uploads\/2014\/01\/unionicivili-300x110.png","datePublished":"2014-01-18T14:49:47+00:00","author":{"@id":"https:\/\/www.renzoelucio.it\/#\/schema\/person\/88f64aacbe216f48e58727ec2ef83c63"},"breadcrumb":{"@id":"https:\/\/www.renzoelucio.it\/?p=203#breadcrumb"},"inLanguage":"it-IT","potentialAction":[{"@type":"ReadAction","target":["https:\/\/www.renzoelucio.it\/?p=203"]}]},{"@type":"ImageObject","inLanguage":"it-IT","@id":"https:\/\/www.renzoelucio.it\/?p=203#primaryimage","url":"https:\/\/www.renzoelucio.it\/public\/wordpress\/renzoelucio\/wp-content\/uploads\/2014\/01\/unionicivili.png","contentUrl":"https:\/\/www.renzoelucio.it\/public\/wordpress\/renzoelucio\/wp-content\/uploads\/2014\/01\/unionicivili.png","width":425,"height":157},{"@type":"BreadcrumbList","@id":"https:\/\/www.renzoelucio.it\/?p=203#breadcrumb","itemListElement":[{"@type":"ListItem","position":1,"name":"Home","item":"https:\/\/www.renzoelucio.it\/"},{"@type":"ListItem","position":2,"name":"LECCO. CITTA&#8217; CIVILE."}]},{"@type":"WebSite","@id":"https:\/\/www.renzoelucio.it\/#website","url":"https:\/\/www.renzoelucio.it\/","name":"LGBT+diritti RENZO E LUCIO","description":"","potentialAction":[{"@type":"SearchAction","target":{"@type":"EntryPoint","urlTemplate":"https:\/\/www.renzoelucio.it\/?s={search_term_string}"},"query-input":{"@type":"PropertyValueSpecification","valueRequired":true,"valueName":"search_term_string"}}],"inLanguage":"it-IT"},{"@type":"Person","@id":"https:\/\/www.renzoelucio.it\/#\/schema\/person\/88f64aacbe216f48e58727ec2ef83c63","name":"Marco Invernizzi","image":{"@type":"ImageObject","inLanguage":"it-IT","@id":"https:\/\/www.renzoelucio.it\/#\/schema\/person\/image\/","url":"https:\/\/secure.gravatar.com\/avatar\/3bd2bf16f7291d75fe1df0e37429b896c27819455f29181ac7a43c2350ac0089?s=96&d=mm&r=g","contentUrl":"https:\/\/secure.gravatar.com\/avatar\/3bd2bf16f7291d75fe1df0e37429b896c27819455f29181ac7a43c2350ac0089?s=96&d=mm&r=g","caption":"Marco Invernizzi"},"url":"https:\/\/www.renzoelucio.it\/?author=3"}]}},"_links":{"self":[{"href":"https:\/\/www.renzoelucio.it\/index.php?rest_route=\/wp\/v2\/posts\/203","targetHints":{"allow":["GET"]}}],"collection":[{"href":"https:\/\/www.renzoelucio.it\/index.php?rest_route=\/wp\/v2\/posts"}],"about":[{"href":"https:\/\/www.renzoelucio.it\/index.php?rest_route=\/wp\/v2\/types\/post"}],"author":[{"embeddable":true,"href":"https:\/\/www.renzoelucio.it\/index.php?rest_route=\/wp\/v2\/users\/3"}],"replies":[{"embeddable":true,"href":"https:\/\/www.renzoelucio.it\/index.php?rest_route=%2Fwp%2Fv2%2Fcomments&post=203"}],"version-history":[{"count":1,"href":"https:\/\/www.renzoelucio.it\/index.php?rest_route=\/wp\/v2\/posts\/203\/revisions"}],"predecessor-version":[{"id":205,"href":"https:\/\/www.renzoelucio.it\/index.php?rest_route=\/wp\/v2\/posts\/203\/revisions\/205"}],"wp:attachment":[{"href":"https:\/\/www.renzoelucio.it\/index.php?rest_route=%2Fwp%2Fv2%2Fmedia&parent=203"}],"wp:term":[{"taxonomy":"category","embeddable":true,"href":"https:\/\/www.renzoelucio.it\/index.php?rest_route=%2Fwp%2Fv2%2Fcategories&post=203"},{"taxonomy":"post_tag","embeddable":true,"href":"https:\/\/www.renzoelucio.it\/index.php?rest_route=%2Fwp%2Fv2%2Ftags&post=203"}],"curies":[{"name":"wp","href":"https:\/\/api.w.org\/{rel}","templated":true}]}}