{"id":2132,"date":"2017-01-02T23:48:16","date_gmt":"2017-01-02T22:48:16","guid":{"rendered":"http:\/\/www.renzoelucio.it\/?p=2132"},"modified":"2017-01-12T00:11:21","modified_gmt":"2017-01-11T23:11:21","slug":"unioni-civili-polemica-alla-rai-sul-programma-stato-civile","status":"publish","type":"post","link":"https:\/\/www.renzoelucio.it\/?p=2132","title":{"rendered":"Unioni civili: polemica alla Rai sul programma Stato Civile."},"content":{"rendered":"<p>Gli ultimi giorni dell\u2019anno hanno purtroppo ospitato una assurda e pretestuosa polemica contro la Rai, colpevole di aver riproposto in prima serata un programma dedicato alle <strong>unioni civili<\/strong>. La trasmissione, gi\u00e0 proposta fra ottobre e novembre in seconda serata, prende spunto dalla recente approvazione in Italia della<strong> legge Cirinn\u00e0<\/strong> sulle <strong>unioni civili<\/strong> e cerca di documentare le storie delle coppie che si sono accostate a questo nuovo strumento giuridico per tutelare le loro unioni. Storie fatte di tanta attesa, di anni lunghi ed intensi di convivenza senza alcun diritto, contro il pregiudizio iniziale delle persone, ma anche storie di affetti e di vicinanza che persone gay e lesbiche hanno saputo costruire negli anni e che hanno voluto essere a fianco con emozione e partecipazione al grande evento. Spaccati di vita belli da vedere che portano gli spettatori e commuoversi tanto sono semplici e reali.<\/p>\n<p>Proprio questo ha dato fastidio ai soliti neo-untori anti Gender che subito hanno chiesto la sospensione del programma e chiesto una maggiore cura per la tutela dei loro pregiudizi e delle loro ignoranze, sempre chiamando strumentalmente in causa la tutela dei bambini. \u201c Sono temi sensibili e non \u00e8 giusto che si parli ( in positivo) di questi argomenti nelle fasce in prima serata che dovrebbero essere dedicate alle famiglie.\u201d<\/p>\n<p>Ipocrisia, ideologia religiosa, bassezza politica e grande ignoranza si sono cos\u00ec mischiate in un grande mix mediatico. Probabilmente a queste persone infastidisce la narrazione della vita reale delle persone gay e lesbiche solo perch\u00e9 discreditano le loro posizioni fatte di pregiudizi e chiusure mentali.<\/p>\n<h2>Unioni Civili: l&#8217;articolo di Famiglia Cristiana.<\/h2>\n<p>Nella danza dei soliti neo-untori anti gender, tese sempre ad alimentare paure nei confronti di un&#8217; ideologia che sta solo nel loro meschino pregiudizio e da loro inventata e chiamata \u201cideologia del gender\u201d, ha purtroppo partecipato anche il settimanale cattolico Famiglia Cristiana. In un articolo del docente universitari lecchese Marco Deriu si pongono dubbi sia per il fatto che la trasmissione sulle <strong>unioni civili<\/strong> sia andata in onda nella cos\u00ec detta \u201cfascia protetta\u201d, sia perch\u00e9 il periodo scelto \u00e8 quello natalizio che per l\u2019autore dell\u2019articolo \u00e8 la festa per antonomasia della famiglia.<\/p>\n<p>Deriu prende spunto e fa suo il pensiero del rappresentante dell\u2019Associazione Italiana Telespettatori, una Onlus di chiara impostazione cattolica che fra i suoi scopi persegue l\u2019obbiettivo di \u201cContribuire allo sviluppo dei valori di libert\u00e0 e di giustizia, all\u2019affermazione della dignit\u00e0 della persona, al bene comune secondo i principi e i cardini della Dottrina Sociale della Chiesa\u201d. Il direttore della Onlus, protestando per la messa in onda del programma sull&#8217; <strong>unione civile<\/strong> si chiede perch\u00e9 mai Rai 3, la rete imputata, non realizza programmi che risaltano le difficolt\u00e0 ed i valori della tradizionale famiglia eterosessuale che fatica a progettare il suo futuro e generare figli. Osservazione banale che per\u00f2 Deriu fa sua e rilancia dimenticando che da sempre i programmi tv italiani si sono limitati a descrivere quella famiglia fatta solo da un uomo ed una donna. Ora che si apre uno spiraglio che racconta la vita di unioni e famiglie composte da due uomini o due donne, nasce lo scandalo delle<strong> unioni civili<\/strong> e si chiamano in causa banali fasce di ascolto protette. Non importa se per i restanti 360 giorni dell\u2019anno tale fasce protette spargono immagine di violenza a volte terrificanti, rappresentazioni di donne ridotte a veline, litigi fra politici di basso rango ospitati da giornalisti compiacenti che bramano solo polemica e rissa televisiva, o reality che indagano e promuovono pettegolezzi e maldicenze.<\/p>\n<p>Quanto ancora sono forti i pregiudizi sulla realt\u00e0 delle persone gay e lesbiche \u00e8 allora ancora una volta molto chiaro, cos\u00ec come \u00e8 chiaro il ruolo di cattolici pseudo progressisti o conservatori che non possono sopportare la narrazione della naturalit\u00e0 dell\u2019amore fra due persone dello steso sesso perch\u00e9 dentro di s\u00e9 \u00a0vogliono mantenere un\u2019immagine negativa dell\u2019omosessualit\u00e0 e fanno di tutto perch\u00e9 questa stessa visione omofoba venga riproposta alle nuove generazioni ed ai loro figlie, cercando di imporla anche ai figli degli altri.<\/p>\n","protected":false},"excerpt":{"rendered":"<p>Gli ultimi giorni dell\u2019anno hanno purtroppo ospitato una assurda e pretestuosa polemica contro la Rai, colpevole di aver riproposto in prima serata un programma dedicato alle unioni civili. La trasmissione, gi\u00e0 proposta fra ottobre e novembre in seconda serata, prende spunto dalla recente approvazione in Italia della legge Cirinn\u00e0 sulle unioni civili e cerca di&#8230;<\/p>\n","protected":false},"author":2,"featured_media":1937,"comment_status":"open","ping_status":"open","sticky":false,"template":"","format":"standard","meta":{"footnotes":""},"categories":[275,36,38],"tags":[566,570,568,569,567],"class_list":["post-2132","post","type-post","status-publish","format-standard","has-post-thumbnail","hentry","category-gender","category-omofobia","category-unioni-civili","tag-legge-cirinna","tag-legge-unioni-civili-approvata","tag-unione-civili","tag-unioni-civili-gay","tag-unioni-civili-italia"],"yoast_head":"<!-- This site is optimized with the Yoast SEO plugin v24.5 - https:\/\/yoast.com\/wordpress\/plugins\/seo\/ -->\r\n<title>Unioni civili: polemica alla Rai sul programma Stato Civile. - LGBT+diritti RENZO E LUCIO<\/title>\r\n<meta name=\"robots\" content=\"index, follow, max-snippet:-1, max-image-preview:large, max-video-preview:-1\" \/>\r\n<link rel=\"canonical\" href=\"https:\/\/www.renzoelucio.it\/?p=2132\" \/>\r\n<meta property=\"og:locale\" content=\"it_IT\" \/>\r\n<meta property=\"og:type\" content=\"article\" \/>\r\n<meta property=\"og:title\" content=\"Unioni civili: polemica alla Rai sul programma Stato Civile. - LGBT+diritti RENZO E LUCIO\" \/>\r\n<meta property=\"og:description\" content=\"Gli ultimi giorni dell\u2019anno hanno purtroppo ospitato una assurda e pretestuosa polemica contro la Rai, colpevole di aver riproposto in prima serata un programma dedicato alle unioni civili. La trasmissione, gi\u00e0 proposta fra ottobre e novembre in seconda serata, prende spunto dalla recente approvazione in Italia della legge Cirinn\u00e0 sulle unioni civili e cerca di...\" \/>\r\n<meta property=\"og:url\" content=\"https:\/\/www.renzoelucio.it\/?p=2132\" \/>\r\n<meta property=\"og:site_name\" content=\"LGBT+diritti RENZO E LUCIO\" \/>\r\n<meta property=\"article:published_time\" content=\"2017-01-02T22:48:16+00:00\" \/>\r\n<meta property=\"article:modified_time\" content=\"2017-01-11T23:11:21+00:00\" \/>\r\n<meta property=\"og:image\" content=\"https:\/\/www.renzoelucio.it\/public\/wordpress\/renzoelucio\/wp-content\/uploads\/2016\/09\/IMG_6166.jpg\" \/>\r\n\t<meta property=\"og:image:width\" content=\"640\" \/>\r\n\t<meta property=\"og:image:height\" content=\"480\" \/>\r\n\t<meta property=\"og:image:type\" content=\"image\/jpeg\" \/>\r\n<meta name=\"author\" content=\"Mauro Pirovano\" \/>\r\n<meta name=\"twitter:card\" content=\"summary_large_image\" \/>\r\n<meta name=\"twitter:label1\" content=\"Scritto da\" \/>\n\t<meta name=\"twitter:data1\" content=\"Mauro Pirovano\" \/>\n\t<meta name=\"twitter:label2\" content=\"Tempo di lettura stimato\" \/>\n\t<meta name=\"twitter:data2\" content=\"3 minuti\" \/>\r\n<script type=\"application\/ld+json\" class=\"yoast-schema-graph\">{\"@context\":\"https:\/\/schema.org\",\"@graph\":[{\"@type\":\"WebPage\",\"@id\":\"https:\/\/www.renzoelucio.it\/?p=2132\",\"url\":\"https:\/\/www.renzoelucio.it\/?p=2132\",\"name\":\"Unioni civili: polemica alla Rai sul programma Stato Civile. - LGBT+diritti RENZO E LUCIO\",\"isPartOf\":{\"@id\":\"https:\/\/www.renzoelucio.it\/#website\"},\"primaryImageOfPage\":{\"@id\":\"https:\/\/www.renzoelucio.it\/?p=2132#primaryimage\"},\"image\":{\"@id\":\"https:\/\/www.renzoelucio.it\/?p=2132#primaryimage\"},\"thumbnailUrl\":\"https:\/\/www.renzoelucio.it\/public\/wordpress\/renzoelucio\/wp-content\/uploads\/2016\/09\/IMG_6166.jpg\",\"datePublished\":\"2017-01-02T22:48:16+00:00\",\"dateModified\":\"2017-01-11T23:11:21+00:00\",\"author\":{\"@id\":\"https:\/\/www.renzoelucio.it\/#\/schema\/person\/0ecd8a1144e9dbb57b99cf93bcce77da\"},\"breadcrumb\":{\"@id\":\"https:\/\/www.renzoelucio.it\/?p=2132#breadcrumb\"},\"inLanguage\":\"it-IT\",\"potentialAction\":[{\"@type\":\"ReadAction\",\"target\":[\"https:\/\/www.renzoelucio.it\/?p=2132\"]}]},{\"@type\":\"ImageObject\",\"inLanguage\":\"it-IT\",\"@id\":\"https:\/\/www.renzoelucio.it\/?p=2132#primaryimage\",\"url\":\"https:\/\/www.renzoelucio.it\/public\/wordpress\/renzoelucio\/wp-content\/uploads\/2016\/09\/IMG_6166.jpg\",\"contentUrl\":\"https:\/\/www.renzoelucio.it\/public\/wordpress\/renzoelucio\/wp-content\/uploads\/2016\/09\/IMG_6166.jpg\",\"width\":640,\"height\":480,\"caption\":\"UNIONI CIVILI POLEMICA PROGRAMMI RAI STATO CIVILE\"},{\"@type\":\"BreadcrumbList\",\"@id\":\"https:\/\/www.renzoelucio.it\/?p=2132#breadcrumb\",\"itemListElement\":[{\"@type\":\"ListItem\",\"position\":1,\"name\":\"Home\",\"item\":\"https:\/\/www.renzoelucio.it\/\"},{\"@type\":\"ListItem\",\"position\":2,\"name\":\"Unioni civili: polemica alla Rai sul programma Stato Civile.\"}]},{\"@type\":\"WebSite\",\"@id\":\"https:\/\/www.renzoelucio.it\/#website\",\"url\":\"https:\/\/www.renzoelucio.it\/\",\"name\":\"LGBT+diritti RENZO E LUCIO\",\"description\":\"\",\"potentialAction\":[{\"@type\":\"SearchAction\",\"target\":{\"@type\":\"EntryPoint\",\"urlTemplate\":\"https:\/\/www.renzoelucio.it\/?s={search_term_string}\"},\"query-input\":{\"@type\":\"PropertyValueSpecification\",\"valueRequired\":true,\"valueName\":\"search_term_string\"}}],\"inLanguage\":\"it-IT\"},{\"@type\":\"Person\",\"@id\":\"https:\/\/www.renzoelucio.it\/#\/schema\/person\/0ecd8a1144e9dbb57b99cf93bcce77da\",\"name\":\"Mauro Pirovano\",\"image\":{\"@type\":\"ImageObject\",\"inLanguage\":\"it-IT\",\"@id\":\"https:\/\/www.renzoelucio.it\/#\/schema\/person\/image\/\",\"url\":\"https:\/\/secure.gravatar.com\/avatar\/98cdd444e02881ccfbbeb7860292420827bf54eea54779821111b0fb5476459b?s=96&d=mm&r=g\",\"contentUrl\":\"https:\/\/secure.gravatar.com\/avatar\/98cdd444e02881ccfbbeb7860292420827bf54eea54779821111b0fb5476459b?s=96&d=mm&r=g\",\"caption\":\"Mauro Pirovano\"},\"url\":\"https:\/\/www.renzoelucio.it\/?author=2\"}]}<\/script>\r\n<!-- \/ Yoast SEO plugin. -->","yoast_head_json":{"title":"Unioni civili: polemica alla Rai sul programma Stato Civile. - LGBT+diritti RENZO E LUCIO","robots":{"index":"index","follow":"follow","max-snippet":"max-snippet:-1","max-image-preview":"max-image-preview:large","max-video-preview":"max-video-preview:-1"},"canonical":"https:\/\/www.renzoelucio.it\/?p=2132","og_locale":"it_IT","og_type":"article","og_title":"Unioni civili: polemica alla Rai sul programma Stato Civile. - LGBT+diritti RENZO E LUCIO","og_description":"Gli ultimi giorni dell\u2019anno hanno purtroppo ospitato una assurda e pretestuosa polemica contro la Rai, colpevole di aver riproposto in prima serata un programma dedicato alle unioni civili. La trasmissione, gi\u00e0 proposta fra ottobre e novembre in seconda serata, prende spunto dalla recente approvazione in Italia della legge Cirinn\u00e0 sulle unioni civili e cerca di...","og_url":"https:\/\/www.renzoelucio.it\/?p=2132","og_site_name":"LGBT+diritti RENZO E LUCIO","article_published_time":"2017-01-02T22:48:16+00:00","article_modified_time":"2017-01-11T23:11:21+00:00","og_image":[{"width":640,"height":480,"url":"https:\/\/www.renzoelucio.it\/public\/wordpress\/renzoelucio\/wp-content\/uploads\/2016\/09\/IMG_6166.jpg","type":"image\/jpeg"}],"author":"Mauro Pirovano","twitter_card":"summary_large_image","twitter_misc":{"Scritto da":"Mauro Pirovano","Tempo di lettura stimato":"3 minuti"},"schema":{"@context":"https:\/\/schema.org","@graph":[{"@type":"WebPage","@id":"https:\/\/www.renzoelucio.it\/?p=2132","url":"https:\/\/www.renzoelucio.it\/?p=2132","name":"Unioni civili: polemica alla Rai sul programma Stato Civile. - LGBT+diritti RENZO E LUCIO","isPartOf":{"@id":"https:\/\/www.renzoelucio.it\/#website"},"primaryImageOfPage":{"@id":"https:\/\/www.renzoelucio.it\/?p=2132#primaryimage"},"image":{"@id":"https:\/\/www.renzoelucio.it\/?p=2132#primaryimage"},"thumbnailUrl":"https:\/\/www.renzoelucio.it\/public\/wordpress\/renzoelucio\/wp-content\/uploads\/2016\/09\/IMG_6166.jpg","datePublished":"2017-01-02T22:48:16+00:00","dateModified":"2017-01-11T23:11:21+00:00","author":{"@id":"https:\/\/www.renzoelucio.it\/#\/schema\/person\/0ecd8a1144e9dbb57b99cf93bcce77da"},"breadcrumb":{"@id":"https:\/\/www.renzoelucio.it\/?p=2132#breadcrumb"},"inLanguage":"it-IT","potentialAction":[{"@type":"ReadAction","target":["https:\/\/www.renzoelucio.it\/?p=2132"]}]},{"@type":"ImageObject","inLanguage":"it-IT","@id":"https:\/\/www.renzoelucio.it\/?p=2132#primaryimage","url":"https:\/\/www.renzoelucio.it\/public\/wordpress\/renzoelucio\/wp-content\/uploads\/2016\/09\/IMG_6166.jpg","contentUrl":"https:\/\/www.renzoelucio.it\/public\/wordpress\/renzoelucio\/wp-content\/uploads\/2016\/09\/IMG_6166.jpg","width":640,"height":480,"caption":"UNIONI CIVILI POLEMICA PROGRAMMI RAI STATO CIVILE"},{"@type":"BreadcrumbList","@id":"https:\/\/www.renzoelucio.it\/?p=2132#breadcrumb","itemListElement":[{"@type":"ListItem","position":1,"name":"Home","item":"https:\/\/www.renzoelucio.it\/"},{"@type":"ListItem","position":2,"name":"Unioni civili: polemica alla Rai sul programma Stato Civile."}]},{"@type":"WebSite","@id":"https:\/\/www.renzoelucio.it\/#website","url":"https:\/\/www.renzoelucio.it\/","name":"LGBT+diritti RENZO E LUCIO","description":"","potentialAction":[{"@type":"SearchAction","target":{"@type":"EntryPoint","urlTemplate":"https:\/\/www.renzoelucio.it\/?s={search_term_string}"},"query-input":{"@type":"PropertyValueSpecification","valueRequired":true,"valueName":"search_term_string"}}],"inLanguage":"it-IT"},{"@type":"Person","@id":"https:\/\/www.renzoelucio.it\/#\/schema\/person\/0ecd8a1144e9dbb57b99cf93bcce77da","name":"Mauro Pirovano","image":{"@type":"ImageObject","inLanguage":"it-IT","@id":"https:\/\/www.renzoelucio.it\/#\/schema\/person\/image\/","url":"https:\/\/secure.gravatar.com\/avatar\/98cdd444e02881ccfbbeb7860292420827bf54eea54779821111b0fb5476459b?s=96&d=mm&r=g","contentUrl":"https:\/\/secure.gravatar.com\/avatar\/98cdd444e02881ccfbbeb7860292420827bf54eea54779821111b0fb5476459b?s=96&d=mm&r=g","caption":"Mauro Pirovano"},"url":"https:\/\/www.renzoelucio.it\/?author=2"}]}},"_links":{"self":[{"href":"https:\/\/www.renzoelucio.it\/index.php?rest_route=\/wp\/v2\/posts\/2132","targetHints":{"allow":["GET"]}}],"collection":[{"href":"https:\/\/www.renzoelucio.it\/index.php?rest_route=\/wp\/v2\/posts"}],"about":[{"href":"https:\/\/www.renzoelucio.it\/index.php?rest_route=\/wp\/v2\/types\/post"}],"author":[{"embeddable":true,"href":"https:\/\/www.renzoelucio.it\/index.php?rest_route=\/wp\/v2\/users\/2"}],"replies":[{"embeddable":true,"href":"https:\/\/www.renzoelucio.it\/index.php?rest_route=%2Fwp%2Fv2%2Fcomments&post=2132"}],"version-history":[{"count":2,"href":"https:\/\/www.renzoelucio.it\/index.php?rest_route=\/wp\/v2\/posts\/2132\/revisions"}],"predecessor-version":[{"id":2134,"href":"https:\/\/www.renzoelucio.it\/index.php?rest_route=\/wp\/v2\/posts\/2132\/revisions\/2134"}],"wp:featuredmedia":[{"embeddable":true,"href":"https:\/\/www.renzoelucio.it\/index.php?rest_route=\/wp\/v2\/media\/1937"}],"wp:attachment":[{"href":"https:\/\/www.renzoelucio.it\/index.php?rest_route=%2Fwp%2Fv2%2Fmedia&parent=2132"}],"wp:term":[{"taxonomy":"category","embeddable":true,"href":"https:\/\/www.renzoelucio.it\/index.php?rest_route=%2Fwp%2Fv2%2Fcategories&post=2132"},{"taxonomy":"post_tag","embeddable":true,"href":"https:\/\/www.renzoelucio.it\/index.php?rest_route=%2Fwp%2Fv2%2Ftags&post=2132"}],"curies":[{"name":"wp","href":"https:\/\/api.w.org\/{rel}","templated":true}]}}