{"id":2153,"date":"2017-02-03T00:29:45","date_gmt":"2017-02-02T23:29:45","guid":{"rendered":"http:\/\/www.renzoelucio.it\/?p=2153"},"modified":"2017-02-06T07:52:30","modified_gmt":"2017-02-06T06:52:30","slug":"calolziocorte-unioni-civili-al-lavello-interviene-renzo-e-lucio","status":"publish","type":"post","link":"https:\/\/www.renzoelucio.it\/?p=2153","title":{"rendered":"Calolziocorte: unioni civili al Lavello intervento di renzo e lucio"},"content":{"rendered":"<figure id=\"attachment_2155\" aria-describedby=\"caption-attachment-2155\" style=\"width: 300px\" class=\"wp-caption aligncenter\"><a href=\"http:\/\/www.renzoelucio.it\/public\/wordpress\/renzoelucio\/wp-content\/uploads\/2017\/02\/lavello.jpg\"><img loading=\"lazy\" decoding=\"async\" class=\"size-medium wp-image-2155\" src=\"http:\/\/www.renzoelucio.it\/public\/wordpress\/renzoelucio\/wp-content\/uploads\/2017\/02\/lavello-300x177.jpg\" alt=\"unioni civili a calolziocorte\" width=\"300\" height=\"177\" srcset=\"https:\/\/www.renzoelucio.it\/public\/wordpress\/renzoelucio\/wp-content\/uploads\/2017\/02\/lavello-300x177.jpg 300w, https:\/\/www.renzoelucio.it\/public\/wordpress\/renzoelucio\/wp-content\/uploads\/2017\/02\/lavello-1024x606.jpg 1024w, https:\/\/www.renzoelucio.it\/public\/wordpress\/renzoelucio\/wp-content\/uploads\/2017\/02\/lavello-844x500.jpg 844w, https:\/\/www.renzoelucio.it\/public\/wordpress\/renzoelucio\/wp-content\/uploads\/2017\/02\/lavello.jpg 1916w\" sizes=\"auto, (max-width: 300px) 100vw, 300px\" \/><\/a><figcaption id=\"caption-attachment-2155\" class=\"wp-caption-text\">le unioni civili dopo la legge cirinn\u00e0 potranno essere celebrate anche al Lavello a Calolziocorte<\/figcaption><\/figure>\n<p>Abbiamo seguito in questi giorni quanto sta accadendo al Comune di Calolziocorte in merito alla decisione votata dall\u2019Amministrazione all\u2019unanimit\u00e0, di aprire un separato ufficio di stato civile nel monastero del Lavello. A seguito della legge 76\/2016, detta Cirinn\u00e0, tale ufficio potr\u00e0 dunque ospitare perci\u00f2 sia le celebrazioni dei Matrimoni Civili che quelle delle Unioni Civili, come confermato anche poi dai decreti attuativi della legge stessa pubblicati in Gazzetta Ufficiale il 27\/01\/17.<\/p>\n<p>Il dispositivo legislativo, al comma 20 art.1, con chiarezza pone una generale clausola di equivalenza tra matrimonio e unione civile tra persone dello stesso sesso, ed ha per sua natura una specifica funzione antidiscriminatoria, in attuazione dell\u2019articolo 3 della Costituzione.<\/p>\n<p>Questa \u00e8 la legge e di fronte alla legge gli amministratori locali devono rispondere. L\u2019atto amministrativo c\u2019\u00e8 stato ed esso vale sia per i matrimoni civili che per le unioni civili.\u00a0 Lo Stato e le amministrazioni locali sono delle istituzioni laiche e tali debbono rimanere. Chi amministra lo deve fare nell\u2019interesse di tutta la comunit\u00e0, nel rispetto della legge e non in difesa delle proprie idee o delle proprie ideologie religiose.<\/p>\n<p>Siamo preoccupati del balletto politico che un&#8217;amministrazione, poco chiara e divisa al suo interno, sta conducendo perch\u00e9 individuiamo in essa pi\u00f9 voci contrastanti. Chi assicura che il provvedimento rimarr\u00e0 e rispetter\u00e0 la legge, chi auspica un dietrofront della parte ecclesiale della Fondazione, escamotage che porterebbe alla sospensione dell\u2019atto amministrativo e toglierebbe le castagne dal fuoco alla maggioranza, incapace di trovare una linea comune.<\/p>\n<p>Ci pare assurda la posizione di chi preferisce negare un\u2019occasione a tutti soltanto per evitare che anche gli omosessuali possano godere di tale opportunit\u00e0, se questa non \u00e8 discriminazione \u00e8 sicuramente stupidit\u00e0.<\/p>\n<p>Siamo preoccupati perch\u00e9 in tanti interventi fatti non possiamo non notare imbarazzanti visioni della realt\u00e0 omosessuale negative, tentativi espliciti di rimarcare ancora la differenza tra le unioni fra due persone dello stesso sesso e quelle eterosessuali, come se le prime siano di secondo grado, come se si possa ancora giudicare l\u2019affetto e l\u2019amore da una visione politica e religiosa.<\/p>\n<p>Ci chiediamo perch\u00e9 mai una cerimonia che celebra l\u2019unione fra due persone, che pubblicamente scelgono di amarsi e di sostenersi reciprocamente, debba considerarsi offensiva solo perch\u00e9 ha per protagonisti due persone dello stesso sesso.<\/p>\n<p>Ci spiace osservare come esponenti politici locali strumentalizzino a fini politici questi temi facendolo sulle nostre vite e giudicando i nostri affetti. Ci spiace vedere che valori importanti come la fede e la religione vengono ancora strumentalizzati a fini ideologici da quelle parti politiche che si ergono a difensori della religione solo quando fa comodo, usano la Chiesa quando va contro gli omosessuali ma quando parla di accoglienza dello straniero e di una societ\u00e0 pi\u00f9 giusta a servizio dei poveri la deridono ed ignorano.<\/p>\n<p>Per questo chiediamo all\u2019amministrazione comunale di Calolzio, al Sindaco ed alla sua maggioranza seriet\u00e0 e determinazione a portare avanti l\u2019iniziativa intrapresa a sostegno del bene per tutti e dell\u2019uguaglianza.<\/p>\n<p>Ass. Renzo e Lucio<\/p>\n","protected":false},"excerpt":{"rendered":"<p>Abbiamo seguito in questi giorni quanto sta accadendo al Comune di Calolziocorte in merito alla decisione votata dall\u2019Amministrazione all\u2019unanimit\u00e0, di aprire un separato ufficio di stato civile nel monastero del Lavello. A seguito della legge 76\/2016, detta Cirinn\u00e0, tale ufficio potr\u00e0 dunque ospitare perci\u00f2 sia le celebrazioni dei Matrimoni Civili che quelle delle Unioni Civili,&#8230;<\/p>\n","protected":false},"author":2,"featured_media":2154,"comment_status":"open","ping_status":"open","sticky":false,"template":"","format":"standard","meta":{"footnotes":""},"categories":[202,38],"tags":[576,577,566,575,730],"class_list":["post-2153","post","type-post","status-publish","format-standard","has-post-thumbnail","hentry","category-renzo-e-lucio-2","category-unioni-civili","tag-comune-di-calolziocorte","tag-convento-del-lavello","tag-legge-cirinna","tag-unione-civile","tag-unioni-civili"],"yoast_head":"<!-- This site is optimized with the Yoast SEO plugin v24.5 - https:\/\/yoast.com\/wordpress\/plugins\/seo\/ -->\r\n<title>Calolziocorte: unioni civili al Lavello intervento di renzo e lucio - LGBT+diritti RENZO E LUCIO<\/title>\r\n<meta name=\"robots\" content=\"index, follow, max-snippet:-1, max-image-preview:large, max-video-preview:-1\" \/>\r\n<link rel=\"canonical\" href=\"https:\/\/www.renzoelucio.it\/?p=2153\" \/>\r\n<meta property=\"og:locale\" content=\"it_IT\" \/>\r\n<meta property=\"og:type\" content=\"article\" \/>\r\n<meta property=\"og:title\" content=\"Calolziocorte: unioni civili al Lavello intervento di renzo e lucio - LGBT+diritti RENZO E LUCIO\" \/>\r\n<meta property=\"og:description\" content=\"Abbiamo seguito in questi giorni quanto sta accadendo al Comune di Calolziocorte in merito alla decisione votata dall\u2019Amministrazione all\u2019unanimit\u00e0, di aprire un separato ufficio di stato civile nel monastero del Lavello. A seguito della legge 76\/2016, detta Cirinn\u00e0, tale ufficio potr\u00e0 dunque ospitare perci\u00f2 sia le celebrazioni dei Matrimoni Civili che quelle delle Unioni Civili,...\" \/>\r\n<meta property=\"og:url\" content=\"https:\/\/www.renzoelucio.it\/?p=2153\" \/>\r\n<meta property=\"og:site_name\" content=\"LGBT+diritti RENZO E LUCIO\" \/>\r\n<meta property=\"article:published_time\" content=\"2017-02-02T23:29:45+00:00\" \/>\r\n<meta property=\"article:modified_time\" content=\"2017-02-06T06:52:30+00:00\" \/>\r\n<meta property=\"og:image\" content=\"https:\/\/www.renzoelucio.it\/public\/wordpress\/renzoelucio\/wp-content\/uploads\/2017\/02\/unioni-civili.jpg\" \/>\r\n\t<meta property=\"og:image:width\" content=\"3072\" \/>\r\n\t<meta property=\"og:image:height\" content=\"1843\" \/>\r\n\t<meta property=\"og:image:type\" content=\"image\/jpeg\" \/>\r\n<meta name=\"author\" content=\"Mauro Pirovano\" \/>\r\n<meta name=\"twitter:card\" content=\"summary_large_image\" \/>\r\n<meta name=\"twitter:label1\" content=\"Scritto da\" \/>\n\t<meta name=\"twitter:data1\" content=\"Mauro Pirovano\" \/>\n\t<meta name=\"twitter:label2\" content=\"Tempo di lettura stimato\" \/>\n\t<meta name=\"twitter:data2\" content=\"3 minuti\" \/>\r\n<script type=\"application\/ld+json\" class=\"yoast-schema-graph\">{\"@context\":\"https:\/\/schema.org\",\"@graph\":[{\"@type\":\"WebPage\",\"@id\":\"https:\/\/www.renzoelucio.it\/?p=2153\",\"url\":\"https:\/\/www.renzoelucio.it\/?p=2153\",\"name\":\"Calolziocorte: unioni civili al Lavello intervento di renzo e lucio - LGBT+diritti RENZO E LUCIO\",\"isPartOf\":{\"@id\":\"https:\/\/www.renzoelucio.it\/#website\"},\"primaryImageOfPage\":{\"@id\":\"https:\/\/www.renzoelucio.it\/?p=2153#primaryimage\"},\"image\":{\"@id\":\"https:\/\/www.renzoelucio.it\/?p=2153#primaryimage\"},\"thumbnailUrl\":\"https:\/\/www.renzoelucio.it\/public\/wordpress\/renzoelucio\/wp-content\/uploads\/2017\/02\/unioni-civili.jpg\",\"datePublished\":\"2017-02-02T23:29:45+00:00\",\"dateModified\":\"2017-02-06T06:52:30+00:00\",\"author\":{\"@id\":\"https:\/\/www.renzoelucio.it\/#\/schema\/person\/0ecd8a1144e9dbb57b99cf93bcce77da\"},\"breadcrumb\":{\"@id\":\"https:\/\/www.renzoelucio.it\/?p=2153#breadcrumb\"},\"inLanguage\":\"it-IT\",\"potentialAction\":[{\"@type\":\"ReadAction\",\"target\":[\"https:\/\/www.renzoelucio.it\/?p=2153\"]}]},{\"@type\":\"ImageObject\",\"inLanguage\":\"it-IT\",\"@id\":\"https:\/\/www.renzoelucio.it\/?p=2153#primaryimage\",\"url\":\"https:\/\/www.renzoelucio.it\/public\/wordpress\/renzoelucio\/wp-content\/uploads\/2017\/02\/unioni-civili.jpg\",\"contentUrl\":\"https:\/\/www.renzoelucio.it\/public\/wordpress\/renzoelucio\/wp-content\/uploads\/2017\/02\/unioni-civili.jpg\",\"width\":3072,\"height\":1843,\"caption\":\"unioni civili dopo la legge cirinna sulle unioni omosessuali\"},{\"@type\":\"BreadcrumbList\",\"@id\":\"https:\/\/www.renzoelucio.it\/?p=2153#breadcrumb\",\"itemListElement\":[{\"@type\":\"ListItem\",\"position\":1,\"name\":\"Home\",\"item\":\"https:\/\/www.renzoelucio.it\/\"},{\"@type\":\"ListItem\",\"position\":2,\"name\":\"Calolziocorte: unioni civili al Lavello intervento di renzo e lucio\"}]},{\"@type\":\"WebSite\",\"@id\":\"https:\/\/www.renzoelucio.it\/#website\",\"url\":\"https:\/\/www.renzoelucio.it\/\",\"name\":\"LGBT+diritti RENZO E LUCIO\",\"description\":\"\",\"potentialAction\":[{\"@type\":\"SearchAction\",\"target\":{\"@type\":\"EntryPoint\",\"urlTemplate\":\"https:\/\/www.renzoelucio.it\/?s={search_term_string}\"},\"query-input\":{\"@type\":\"PropertyValueSpecification\",\"valueRequired\":true,\"valueName\":\"search_term_string\"}}],\"inLanguage\":\"it-IT\"},{\"@type\":\"Person\",\"@id\":\"https:\/\/www.renzoelucio.it\/#\/schema\/person\/0ecd8a1144e9dbb57b99cf93bcce77da\",\"name\":\"Mauro Pirovano\",\"image\":{\"@type\":\"ImageObject\",\"inLanguage\":\"it-IT\",\"@id\":\"https:\/\/www.renzoelucio.it\/#\/schema\/person\/image\/\",\"url\":\"https:\/\/secure.gravatar.com\/avatar\/98cdd444e02881ccfbbeb7860292420827bf54eea54779821111b0fb5476459b?s=96&d=mm&r=g\",\"contentUrl\":\"https:\/\/secure.gravatar.com\/avatar\/98cdd444e02881ccfbbeb7860292420827bf54eea54779821111b0fb5476459b?s=96&d=mm&r=g\",\"caption\":\"Mauro Pirovano\"},\"url\":\"https:\/\/www.renzoelucio.it\/?author=2\"}]}<\/script>\r\n<!-- \/ Yoast SEO plugin. -->","yoast_head_json":{"title":"Calolziocorte: unioni civili al Lavello intervento di renzo e lucio - LGBT+diritti RENZO E LUCIO","robots":{"index":"index","follow":"follow","max-snippet":"max-snippet:-1","max-image-preview":"max-image-preview:large","max-video-preview":"max-video-preview:-1"},"canonical":"https:\/\/www.renzoelucio.it\/?p=2153","og_locale":"it_IT","og_type":"article","og_title":"Calolziocorte: unioni civili al Lavello intervento di renzo e lucio - LGBT+diritti RENZO E LUCIO","og_description":"Abbiamo seguito in questi giorni quanto sta accadendo al Comune di Calolziocorte in merito alla decisione votata dall\u2019Amministrazione all\u2019unanimit\u00e0, di aprire un separato ufficio di stato civile nel monastero del Lavello. A seguito della legge 76\/2016, detta Cirinn\u00e0, tale ufficio potr\u00e0 dunque ospitare perci\u00f2 sia le celebrazioni dei Matrimoni Civili che quelle delle Unioni Civili,...","og_url":"https:\/\/www.renzoelucio.it\/?p=2153","og_site_name":"LGBT+diritti RENZO E LUCIO","article_published_time":"2017-02-02T23:29:45+00:00","article_modified_time":"2017-02-06T06:52:30+00:00","og_image":[{"width":3072,"height":1843,"url":"https:\/\/www.renzoelucio.it\/public\/wordpress\/renzoelucio\/wp-content\/uploads\/2017\/02\/unioni-civili.jpg","type":"image\/jpeg"}],"author":"Mauro Pirovano","twitter_card":"summary_large_image","twitter_misc":{"Scritto da":"Mauro Pirovano","Tempo di lettura stimato":"3 minuti"},"schema":{"@context":"https:\/\/schema.org","@graph":[{"@type":"WebPage","@id":"https:\/\/www.renzoelucio.it\/?p=2153","url":"https:\/\/www.renzoelucio.it\/?p=2153","name":"Calolziocorte: unioni civili al Lavello intervento di renzo e lucio - LGBT+diritti RENZO E LUCIO","isPartOf":{"@id":"https:\/\/www.renzoelucio.it\/#website"},"primaryImageOfPage":{"@id":"https:\/\/www.renzoelucio.it\/?p=2153#primaryimage"},"image":{"@id":"https:\/\/www.renzoelucio.it\/?p=2153#primaryimage"},"thumbnailUrl":"https:\/\/www.renzoelucio.it\/public\/wordpress\/renzoelucio\/wp-content\/uploads\/2017\/02\/unioni-civili.jpg","datePublished":"2017-02-02T23:29:45+00:00","dateModified":"2017-02-06T06:52:30+00:00","author":{"@id":"https:\/\/www.renzoelucio.it\/#\/schema\/person\/0ecd8a1144e9dbb57b99cf93bcce77da"},"breadcrumb":{"@id":"https:\/\/www.renzoelucio.it\/?p=2153#breadcrumb"},"inLanguage":"it-IT","potentialAction":[{"@type":"ReadAction","target":["https:\/\/www.renzoelucio.it\/?p=2153"]}]},{"@type":"ImageObject","inLanguage":"it-IT","@id":"https:\/\/www.renzoelucio.it\/?p=2153#primaryimage","url":"https:\/\/www.renzoelucio.it\/public\/wordpress\/renzoelucio\/wp-content\/uploads\/2017\/02\/unioni-civili.jpg","contentUrl":"https:\/\/www.renzoelucio.it\/public\/wordpress\/renzoelucio\/wp-content\/uploads\/2017\/02\/unioni-civili.jpg","width":3072,"height":1843,"caption":"unioni civili dopo la legge cirinna sulle unioni omosessuali"},{"@type":"BreadcrumbList","@id":"https:\/\/www.renzoelucio.it\/?p=2153#breadcrumb","itemListElement":[{"@type":"ListItem","position":1,"name":"Home","item":"https:\/\/www.renzoelucio.it\/"},{"@type":"ListItem","position":2,"name":"Calolziocorte: unioni civili al Lavello intervento di renzo e lucio"}]},{"@type":"WebSite","@id":"https:\/\/www.renzoelucio.it\/#website","url":"https:\/\/www.renzoelucio.it\/","name":"LGBT+diritti RENZO E LUCIO","description":"","potentialAction":[{"@type":"SearchAction","target":{"@type":"EntryPoint","urlTemplate":"https:\/\/www.renzoelucio.it\/?s={search_term_string}"},"query-input":{"@type":"PropertyValueSpecification","valueRequired":true,"valueName":"search_term_string"}}],"inLanguage":"it-IT"},{"@type":"Person","@id":"https:\/\/www.renzoelucio.it\/#\/schema\/person\/0ecd8a1144e9dbb57b99cf93bcce77da","name":"Mauro Pirovano","image":{"@type":"ImageObject","inLanguage":"it-IT","@id":"https:\/\/www.renzoelucio.it\/#\/schema\/person\/image\/","url":"https:\/\/secure.gravatar.com\/avatar\/98cdd444e02881ccfbbeb7860292420827bf54eea54779821111b0fb5476459b?s=96&d=mm&r=g","contentUrl":"https:\/\/secure.gravatar.com\/avatar\/98cdd444e02881ccfbbeb7860292420827bf54eea54779821111b0fb5476459b?s=96&d=mm&r=g","caption":"Mauro Pirovano"},"url":"https:\/\/www.renzoelucio.it\/?author=2"}]}},"_links":{"self":[{"href":"https:\/\/www.renzoelucio.it\/index.php?rest_route=\/wp\/v2\/posts\/2153","targetHints":{"allow":["GET"]}}],"collection":[{"href":"https:\/\/www.renzoelucio.it\/index.php?rest_route=\/wp\/v2\/posts"}],"about":[{"href":"https:\/\/www.renzoelucio.it\/index.php?rest_route=\/wp\/v2\/types\/post"}],"author":[{"embeddable":true,"href":"https:\/\/www.renzoelucio.it\/index.php?rest_route=\/wp\/v2\/users\/2"}],"replies":[{"embeddable":true,"href":"https:\/\/www.renzoelucio.it\/index.php?rest_route=%2Fwp%2Fv2%2Fcomments&post=2153"}],"version-history":[{"count":3,"href":"https:\/\/www.renzoelucio.it\/index.php?rest_route=\/wp\/v2\/posts\/2153\/revisions"}],"predecessor-version":[{"id":2162,"href":"https:\/\/www.renzoelucio.it\/index.php?rest_route=\/wp\/v2\/posts\/2153\/revisions\/2162"}],"wp:featuredmedia":[{"embeddable":true,"href":"https:\/\/www.renzoelucio.it\/index.php?rest_route=\/wp\/v2\/media\/2154"}],"wp:attachment":[{"href":"https:\/\/www.renzoelucio.it\/index.php?rest_route=%2Fwp%2Fv2%2Fmedia&parent=2153"}],"wp:term":[{"taxonomy":"category","embeddable":true,"href":"https:\/\/www.renzoelucio.it\/index.php?rest_route=%2Fwp%2Fv2%2Fcategories&post=2153"},{"taxonomy":"post_tag","embeddable":true,"href":"https:\/\/www.renzoelucio.it\/index.php?rest_route=%2Fwp%2Fv2%2Ftags&post=2153"}],"curies":[{"name":"wp","href":"https:\/\/api.w.org\/{rel}","templated":true}]}}