{"id":2513,"date":"2019-10-30T22:44:11","date_gmt":"2019-10-30T21:44:11","guid":{"rendered":"http:\/\/www.renzoelucio.it\/?p=2513"},"modified":"2020-04-20T13:09:46","modified_gmt":"2020-04-20T11:09:46","slug":"appello-per-sospendere-il-documento-ministeriale-sui-paesi-di-origine-sicuri","status":"publish","type":"post","link":"https:\/\/www.renzoelucio.it\/?p=2513","title":{"rendered":"APPELLO DOCUMENTO MINISTERIALE SUI PAESI DI ORIGINE SICURI"},"content":{"rendered":"\n<h2 class=\"wp-block-heading\">&nbsp;<\/h2>\n\n\n\n<p>Alcuni giorni fa Renzo e Lucio con Certi Diritti e Il grande Colibr\u00ec ha denunciato gli effetti perversi del&nbsp;<a href=\"https:\/\/www.ilgrandecolibri.com\/decreto-sui-paesi-sicuri-allarme-delle-associazioni-lgbt\/\">decreto ministeriale sui \u201cpaesi di origine sicuri\u201d<\/a>&nbsp;sulle donne richiedenti asilo e sulle persone appartenenti a minoranze che cercano protezione in Italia. Il rispetto dei diritti di queste persone \u00e8 davvero in forte pericolo e per questo le tre associazioni hanno deciso di inviare ai ministri firmatari del decreto la lettera-appello che trovate qui sotto e che \u00e8 stata&nbsp;<strong>sottoscritta da molte realt\u00e0 associative<\/strong>&nbsp;che lottano per i diritti delle persone migranti e\/o delle persone LGBTQIA (lesbiche, gay, bisessuali, trans, queer, intersex e asessuali).<\/p>\n\n\n\n<p>La mobilitazione delle associazioni ha gi\u00e0 portato un primo frutto in parlamento: i deputati Riccardo Magi (+Europa), Laura Boldrini (PD), Gennaro Migliore (Italia Viva) e Lia Quartapelle (PD) hanno&nbsp;<strong>depositato un\u2019interrogazione parlamentare<\/strong>&nbsp;sul tema, che pochi minuti fa \u00e8 stata presentata con una conferenza stampa alla Camera.<\/p>\n\n\n\n<p><em>Al Ministro degli affari esteri e della cooperazione internazionale<\/em><br><em>Alla Ministra dell\u2019interno<\/em><br><em>Al Ministro della giustizia<\/em><\/p>\n\n\n\n<p><strong>Noi associazioni esprimiamo la nostra profonda preoccupazione in seguito al decreto ministeriale pubblicato il 4 ottobre ed entrato in vigore il 22 ottobre 2019 a firma dei Ministri degli affari esteri, dell\u2019interno e della giustizia che ha emanato la prima lista di Paesi che l\u2019Italia considera \u201csicuri\u201d, in applicazione delle modifiche introdotte nel decreto legislativo 28 gennaio 2008, n. 25, dal decreto-legge 4 ottobre 2018, n. 113.<\/strong><\/p>\n\n\n\n<p>Tale decreto, senza esplicitare alcuna documentazione e motivazione a sostegno delle scelte fatte, afferma che le nazioni indicate in elenco rispettino i diritti umani e che quindi la valutazione delle richieste di asilo e protezione internazionale di persone provenienti da questi paesi debba considerarle infondate.<\/p>\n\n\n\n<p>Questi&nbsp; \u201cpaesi di origine sicuri\u201d (Albania, Algeria, Bosnia-Erzegovina, Capo Verde, Ghana, Kosovo, Macedonia del Nord, Marocco, Montenegro, Senegal, Serbia, Tunisia e Ucraina)&nbsp;sono stati individuati rifacendosi nelle premesse a due atti che non sono pubblici (la nota n. 22723 del 3 aprile 2019 del Ministero dell\u2019interno e l\u2019appunto n. 167189 del 1 ottobre 2019 del Ministero degli affari esteri).<\/p>\n\n\n\n<p>La scelta, che appare del tutto immotivata e gravemente infondata, \u00e8 persino aggravata dal fatto che non si sono neppure individuate categorie o gruppi di persone che, pur provenendo da quelle nazioni, in realt\u00e0 vengono perseguitate, sebbene tale possibilit\u00e0 fosse prevista dalla normativa da attuare (art. 2-bis del d.lgs. 25 del 28\/01\/08).<\/p>\n\n\n\n<p>Nella maggior parte dei paesi elencati<strong> \u00e8 ampiamente dimostrato che esistono gravi violazioni dei diritti umani<\/strong>, in particolare dei diritti delle donne e delle minoranze etniche, religiose, politiche e sessuali.<\/p>\n\n\n\n<p><strong>Condanniamo quindi fermamente la scelta delle nostre istituzioni di ignorare informazioni provenienti da fonti riconosciute a livello internazionale e, di conseguenza, di negare gravi violazioni dei diritti umani, in violazione del dettato costituzionale e delle convenzioni internazionali.<\/strong><\/p>\n\n\n\n<p>Ci limitiamo qui a sottolineare brevemente le principali condizioni di repressione che vivono le minoranze sessuali in alcuni dei paesi oggi considerati \u201csicuri\u201d:<\/p>\n\n\n\n<p><strong>Albania<\/strong>: pur in assenza di una criminalizzazione legislativa dei rapporti omosessuali, i pregiudizi contro le minoranze sessuali si traducono in frequenti discriminazioni e atti di violenza. Secondo un&nbsp;<a href=\"https:\/\/www.ndi.org\/LGBTI_Balkans_poll\" target=\"_blank\" rel=\"noreferrer noopener\">sondaggio<\/a>&nbsp;condotto dal National Democratic Institute nel 2016, solo il 3% degli intervistati accetterebbe un amico o un vicino apertamente LGBTI e solo il 6% accetterebbe un familiare apertamente LGBTI.<\/p>\n\n\n\n<p><strong>Algeria<\/strong>: i rapporti omosessuali sono puniti con 3 anni di carcere. Nelle indagini, gli uomini sospettati di essere omosessuali sono sottoposti a test anali, pratiche degradanti e dolorose che la comunit\u00e0 medica e scientifica definisce forme di tortura. Le persone sospettate di o condannate per rapporti omosessuali subiscono spesso violenze fisiche e psicologiche da parte sia delle forze dell\u2019ordine sia degli altri detenuti. Ma la persecuzione giudiziaria&nbsp;<a href=\"https:\/\/www.ilgrandecolibri.com\/algeria-romanzo-blasfemo\/\">colpisce anche chi descrive relazioni omosessuali<\/a>&nbsp;in opere letterarie. Oltre alle discriminazioni legislative, si segnala una forte ostilit\u00e0 sociale: solo per citare uno dei casi che hanno destato pi\u00f9 clamore, a febbraio di quest\u2019anno un giovane universitario&nbsp;<a href=\"http:\/\/www.gaynews.it\/2019\/02\/12\/algeria-due-uomini-studente-universitario-assil-belalta-poi-col-suo-sangue-scrivono-su-un-muro-he-is-gay-lgbt\/\" target=\"_blank\" rel=\"noreferrer noopener\">\u00e8 stato sgozzato<\/a>&nbsp;nel campus Taleb Abderrahmane di Ben Aknoun (Algeri) e con il suo sangue l\u2019assassino ha scritto la frase \u201cLui \u00e8 gay\u201d sulle pareti della stanza. Molte persone omosessuali&nbsp;<a href=\"https:\/\/www.ilgrandecolibri.com\/algeria-sopravvivere-lesbica-societa-maschilista\/\">sono costrette a sposarsi<\/a>&nbsp;per nascondere il proprio orientamento sessuale agli occhi della societ\u00e0 ed evitare discriminazioni e violenze.<\/p>\n\n\n\n<p><strong>Bosnia-Erzegovina<\/strong>: pur in assenza di una criminalizzazione legislativa dei rapporti omosessuali, i pregiudizi contro le minoranze sessuali si traducono in frequenti discriminazioni e atti di violenza. A causa delle minacce e del clima ostile, a settembre di quest\u2019anno la prima manifestazione del&nbsp;<a href=\"https:\/\/www.repubblica.it\/esteri\/2019\/09\/08\/news\/sarajevo_primo_gay_pride_bosnia_proteste-235519815\/\" target=\"_blank\" rel=\"noreferrer noopener\">Pride a Sarajevo<\/a>&nbsp;si \u00e8 potuta svolgere solo grazie alla presenza di 1.100 poliziotti, molti in tenuta anti-sommossa.<\/p>\n\n\n\n<p><strong>Ghana<\/strong>: i rapporti omosessuali sono puniti con 3 anni di carcere. Anche il \u201ctravestitismo\u201d \u00e8 considerato reato. Oltre alle discriminazioni legislative, si segnala una forte ostilit\u00e0 sociale, continuamente alimentata dalla stampa, dai&nbsp;<a href=\"https:\/\/www.ilgrandecolibri.com\/ninfomani-ani-sfondati-cosi-ghana-parla-lgbt\/\">leader politici<\/a>&nbsp;e&nbsp;<a href=\"https:\/\/www.ilgrandecolibri.com\/lgbt-camerun-ghana-arresti\/\">religiosi<\/a>&nbsp;del paese. I pregiudizi contro le minoranze sessuali si traducono in frequenti discriminazioni e atti di violenza. E risale a pochi giorni fa l\u2019ennesima&nbsp;<a href=\"https:\/\/www.ilgrandecolibri.com\/allarme-in-ghana-lonu-insegnera-lomosessualita-a-scuola\/\">grande campagna politica e mediatica<\/a>&nbsp;di fake news per descrivere la comunit\u00e0 LGBTI come al centro di un complotto per distruggere l\u2019identit\u00e0 religiosa, culturale e sociale del paese.<\/p>\n\n\n\n<p><strong>Kosovo<\/strong>: pur in assenza di una criminalizzazione legislativa dei rapporti omosessuali, i pregiudizi contro le minoranze sessuali si traducono in frequenti discriminazioni e atti di violenza. Le persone LGBTI sono condannate all\u2019<a href=\"https:\/\/www.lexpress.fr\/actualites\/1\/styles\/communaute-lgbt-les-ombres-du-kosovo_2036511.html\" target=\"_blank\" rel=\"noreferrer noopener\">invisibilit\u00e0 sociale<\/a>&nbsp;e anche le associazioni per i diritti delle minoranze sessuali operano nella clandestinit\u00e0 per motivi di sicurezza.<\/p>\n\n\n\n<p><strong>Marocco<\/strong>: i rapporti omosessuali sono puniti con 3 anni di carcere. Secondo fonti governative ufficiali, sono state&nbsp;<a href=\"https:\/\/www.ilgrandecolibri.com\/omosessualita-in-un-anno-il-marocco-ha-indagato-170-persone\/\">arrestate e processate per \u201csodomia\u201d<\/a>&nbsp;197 persone nel 2017 e 170 nel 2018. Anche nel 2019 gli arresti sono continuati: uno degli ultimi casi&nbsp;<a href=\"https:\/\/www.bladi.net\/maroc-etudiants-homosexualite,59442.html\" target=\"_blank\" rel=\"noreferrer noopener\">segnalati dalla stampa<\/a>, per esempio, \u00e8 avvenuto a met\u00e0 settembre a Safi. Oltre alle discriminazioni legislative, si segnala una forte ostilit\u00e0 sociale, con numerosi casi di discriminazione e di violenza. Per limitarsi a due casi che hanno avuto larga eco, a marzo del 2018 c\u2019\u00e8 stato un&nbsp;<a href=\"https:\/\/www.ilgrandecolibri.com\/marocco-linciaggio-gay\/\">tentato linciaggio a Tangeri<\/a>&nbsp;e a maggio del 2019 un uomo ha subito&nbsp;<a href=\"https:\/\/www.ilgrandecolibri.com\/vittoria-in-tunisia-difendere-le-persone-lgbt-e-un-diritto\/\">vicino a Tafraout un\u2019aggressione di gruppo<\/a>, che \u00e8 stata anche filmata dagli aggressori.<\/p>\n\n\n\n<p><strong>Senegal<\/strong>: i rapporti omosessuali sono puniti con 5 anni di carcere. Gli arresti sono frequenti, come dimostra, per esempio,&nbsp;<a href=\"https:\/\/www.ilgrandecolibri.com\/dagli-arresti-al-corano-lgbt-i-deliri-omofobi-del-senegal\/\">un caso riportato dalla stampa<\/a>&nbsp;a met\u00e0 settembre. Oltre alle discriminazioni legislative, si segnala una forte ostilit\u00e0 sociale, con numerosi casi di discriminazione e di violenza. Varie organizzazioni sociali e religiose hanno organizzato manifestazioni contro le persone LGBTI, raccogliendo grandi adesioni nella popolazione. Tutti i principali leader politici, tanto nella maggioranza al governo quanto nell\u2019opposizione,&nbsp;<a href=\"https:\/\/www.ilgrandecolibri.com\/e-gara-di-omofobia-tra-i-candidati-presidenti-in-senegal\/\">alimentano sentimenti ostili<\/a>&nbsp;alle minoranze sessuali e&nbsp;<a href=\"https:\/\/www.ilgrandecolibri.com\/oxfam-sotto-accusa-in-senegal-promuove-lomosessualita\/\">vere e proprie teorie complottiste<\/a>.<\/p>\n\n\n\n<p><strong>Tunisia<\/strong>: i rapporti omosessuali sono puniti con 3 anni di carcere. Nelle indagini, gli uomini sospettati di essere omosessuali sono sottoposti a test anali, pratiche degradanti e dolorose che la comunit\u00e0 medica e scientifica definisce forme di tortura. Le persone sospettate di o condannate per rapporti omosessuali subiscono spesso violenze fisiche e psicologiche da parte sia delle forze dell\u2019ordine sia degli altri detenuti; inoltre spesso i detenuti omosessuali e transgender sono&nbsp;<a href=\"https:\/\/www.ilgrandecolibri.com\/vita-e-morte-dei-detenuti-lgbt-nelle-prigioni-in-tunisia\/\">costretti a prostituirsi per ottenere cibo<\/a>. Oltre alle discriminazioni legislative, si segnala una forte ostilit\u00e0 sociale, con numerosi casi di discriminazione e di violenza. Le persone LGBTI che denunciano le violenze subite, rischiano di essere&nbsp;<a href=\"https:\/\/www.ilgrandecolibri.com\/tunisia-stuprato-carcere-gay\/\">arrestate al posto degli aggressori<\/a>. Inoltre,&nbsp;<a href=\"https:\/\/www.ilgrandecolibri.com\/tunisia-il-governo-e-pronto-a-chiudere-lassociazione-lgbt\/\">il governo ostacola l\u2019azione<\/a>&nbsp;e l\u2019esistenza stessa delle associazioni che si occupano dei diritti delle minoranze sessuali. La frequenza dei casi di persecuzione, arresto e tortura a causa dell\u2019identit\u00e0 sessuale ha spinto vari membri dell\u2019Europarlamento a lanciare un&nbsp;<a href=\"https:\/\/76crimes.com\/2019\/01\/18\/european-mps-urge-tunisia-to-halt-gay-arrests-torture\/\" target=\"_blank\" rel=\"noreferrer noopener\">appello<\/a>&nbsp;a gennaio di quest\u2019anno.<\/p>\n\n\n\n<p><strong>Ucraina<\/strong>: pur in assenza di una criminalizzazione legislativa dei rapporti omosessuali, i pregiudizi contro le minoranze sessuali si traducono in frequenti discriminazioni e atti di violenza. La situazione, secondo quanto testimoniano organizzazioni per i diritti umani locali e internazionali, ha continuato a peggiorare negli ultimi anni, con un&nbsp;<a href=\"https:\/\/www.ilgrandecolibri.com\/ucraina-i-crimini-omofobi-dei-nazionalisti-restano-impuniti\/\">forte aumento delle aggressioni<\/a>, in particolare da parte di gruppi di estrema destra. La polizia non solo spesso non interviene a difesa delle persone LGBTI, ma in alcuni casi&nbsp;<a href=\"https:\/\/www.ilgrandecolibri.com\/ucraina-raid-della-polizia-contro-club-gay-e-un-bordello\/\">ha attaccato ingiustificatamente locali<\/a>&nbsp;frequentati da omosessuali. La&nbsp;<a href=\"https:\/\/www.ilgrandecolibri.com\/ucraina-tra-destra-e-chiesa-lonu-lancia-lallarme-omofobia\/\">profonda insicurezza<\/a>&nbsp;vissuta dalle minoranze sessuali nel paese \u00e8 stata denunciata anche dall\u2019esperto indipendente delle Nazioni Unite per la protezione contro la violenza e la discriminazione basate sull\u2019orientamento sessuale e l\u2019identit\u00e0 di genere a maggio di quest\u2019anno.<\/p>\n\n\n\n<p>Alla condanna culturale e sociale in molti di questi Paesi si aggiunge la condanna religiosa, che, indipendentemente dal fatto che si traduca in norme di legge o meno, favorisce le persecuzioni e giustifica le violenze di genere o&nbsp;in base all\u2019orientamento sessuale e l\u2019identit\u00e0 di genere.<\/p>\n\n\n\n<p>Ricordiamo che per le persone richiedenti asilo provenienti da un \u201cpaese di origine sicuro\u201d si applicher\u00e0 una procedura accelerata, in cui la persona richiedente asilo dovr\u00e0 provare in tempi brevissimi le discriminazioni e le violenze subite, e il diniego alla loro domanda rischia di limitarsi ad affermare che lo stato di provenienza fa parte della lista stilata nel decreto ministeriale. A questo si aggiunge l\u2019assenza dell\u2019effetto sospensivo per l\u2019eventuale ricorso: pertanto al primo diniego scatter\u00e0 l\u2019espulsione.<\/p>\n\n\n\n<p>Ci chiediamo come sia possibile che persone in fuga e richiedenti asilo possano documentare l\u2019eccezionalit\u00e0 della propria situazione individuale in tempi cos\u00ec brevi.&nbsp;Inoltre si evidenzia come la scarsa conoscenza dei propri diritti garantiti dalle leggi italiane, il senso di vergogna profondamente radicato sin dall\u2019infanzia, la paura di essere rifiutati&nbsp;e discriminati proprio a causa della propria \u201cdiversit\u00e0\u201d, la necessit\u00e0 di affrontare la propria stessa identit\u00e0 renda estremamente arduo il percorso che porta una persona LGBTI o vittima di tratta o di violenze di genere a raccontare il proprio vissuto. Questa difficolt\u00e0 \u00e8 ovviamente molto maggiore proprio per chi proviene dai paesi in cui i pregiudizi omotransbifobici sono pi\u00f9 forti o in cui le leggi releghino a ruoli subordinati le donne. Lo stesso vale per&nbsp; le vittime di tratta e le vittime di violenze di genere: le loro domande di protezione verranno respinte perch\u00e9 la nuova normativa ignora il fatto che spesso la denuncia dello sfruttamento avviene al termine di un percorso di \u201crassicurazione\u201d contro le minacce subite. Le nuove norme rischiano paradossalmente di colpire soprattutto le persone vulnerabili che pi\u00f9 avrebbero diritto alla protezione internazionale.<\/p>\n\n\n\n<p><strong>Per questo chiediamo con forza che il decreto ministeriale del 4 ottobre 2019 venga sospeso in attesa di una indicazione normativa che verifichi e rispetti gli elementi e le informazioni in base ai quali valutare ogni Stato prima di consideralo \u201csicuro\u201d a tutela del diritto di asilo cos\u00ec come indicato&nbsp; nell\u2019art. 10, c. 3, della nostra Costituzione,<\/strong> che&nbsp;prevede che \u201clo straniero, al quale sia impedito nel suo Paese l\u2019effettivo esercizio delle libert\u00e0 democratiche garantite dalla Costituzione italiana, ha diritto di asilo nel territorio della Repubblica, secondo le condizioni stabilite dalla legge\u201d.<\/p>\n\n\n\n<p><strong>Associazione Radicale Certi Diritti<\/strong><br><strong>Il Grande Colibr\u00ec \u2013 Essere LGBT nel mondo<\/strong><br><strong>Renzo e Lucio \u2013 Gruppo LGBTS Lecco<\/strong><\/p>\n\n\n\n<p><strong>AGEDO Nazionale<\/strong><br><strong>ANOLF \u2013 Associazione Nazionale Oltre Le Frontiere<\/strong><br><strong>Arcigay<\/strong><br><strong>Arcigay Rainbow Vercelli Valsesia<\/strong><br><strong>ASGI \u2013 Associazione per gli Studi Giuridici sull\u2019Immigrazione<\/strong><br><strong>Associazione Dimensioni Diverse \u2013 Milano<\/strong><br><strong>Associazione Eguaglianza e Solidariet\u00e0<\/strong><br><strong>Associazione Lieviti \u2013 Bisessuali Pansessuali e Queer del Veneto<\/strong><br><strong>Associazione Nazionale Giuristi Democratici<br>Associazione Tampep (Torino)<br><\/strong><strong>Associazione Todo Cambia (Milano)<\/strong><br><strong>Best Milano<\/strong><br><strong>B.Rain Bicocca Rainbow Milano<\/strong><br><strong>Il Cerchio \u2013 Metropolitan Community Churches<\/strong><br><strong>Chiesa Pastafariana Italiana<\/strong><br><strong>Circolo culturale TBIGL+ Rizzo Lari<\/strong><br><strong>Circolo di cultura omosessuale Mario Mieli<\/strong><br><strong>Circolo Fabrik (Firenze)<\/strong><br><strong>CISL Lecco<\/strong><br><strong>Collettivo De-Generi<\/strong><br><strong>Comitato Diritti Civili delle Prostitute Onlus<\/strong><br><strong>Comunit\u00e0 di via Gaggio ONLUS (Lecco)<\/strong><br><strong>Comunit\u00e0 Il Gabbiano ONLUS<\/strong><br><strong>Comunit\u00e0 San Benedetto al Porto<\/strong><br><strong>Coordinamento Liguria Rainbow<\/strong><br><strong>Les Cultures \u2013 Laboratorio di cultura internazionale ONLUS<\/strong><br><strong>Famiglie Arcobaleno<\/strong><br><strong>Gaymin Out LGBT Nord Milano<\/strong><br><strong>Gay Statale (Milano)<\/strong><br><strong>Gruppo Trans<\/strong><br><strong>Il Guado \u2013 Gruppo di confronto su fede e omosessualit\u00e0<\/strong><br><strong>Komos \u2013 Coro LGBT di Bologna<\/strong><br><strong>Lezioni al Campo (Lecco)<\/strong><br><strong>Libreria LGBT Antigone (Milano)<\/strong><br><strong>MIT \u2013 Movimento Identit\u00e0 Trans<\/strong><br><strong>MiXED lgbt<\/strong><br><strong>NAGA (Milano)<\/strong><br><strong>Omphalos LGBTI<\/strong><br><strong>Possibile LGBTI+<\/strong><br><strong>Pride Sport Milano<\/strong><br><strong>Rete Genitori Rainbow<\/strong><br><strong>Rete Lenford \u2013 Avvocatura per i diritti LGBTI<\/strong><br><strong>Rete Mai pi\u00f9 lager \u2013 No ai CPR<\/strong><br><strong>Rete 21 marzo \u2013 mano nella mano contro il razzismo<\/strong><br><strong>Le Rose di Gertrude (Magenta)<\/strong><br><strong>Spazio Condiviso (Calolziocorte)<\/strong><br><strong>La Tenda di Gionata<\/strong><br><strong>UNIRE \u2013 Unione Nazionale Italiana per i Rifugiati ed Esuli<\/strong><\/p>\n\n\n\n<p>&nbsp;<\/p>\n","protected":false},"excerpt":{"rendered":"<p>decreto Pauesi Sicuri e persone LGBT richiedenti asilo<\/p>\n","protected":false},"author":4,"featured_media":2515,"comment_status":"closed","ping_status":"open","sticky":false,"template":"","format":"standard","meta":{"footnotes":""},"categories":[796],"tags":[659],"class_list":["post-2513","post","type-post","status-publish","format-standard","has-post-thumbnail","hentry","category-richiedenti-asilo","tag-richiedenti-asilo-lgbt"],"yoast_head":"<!-- This site is optimized with the Yoast SEO plugin v24.5 - https:\/\/yoast.com\/wordpress\/plugins\/seo\/ -->\r\n<title>APPELLO DOCUMENTO MINISTERIALE SUI PAESI DI ORIGINE SICURI - LGBT+diritti RENZO E LUCIO<\/title>\r\n<meta name=\"robots\" content=\"index, follow, max-snippet:-1, max-image-preview:large, max-video-preview:-1\" \/>\r\n<link rel=\"canonical\" href=\"https:\/\/www.renzoelucio.it\/?p=2513\" \/>\r\n<meta property=\"og:locale\" content=\"it_IT\" \/>\r\n<meta property=\"og:type\" content=\"article\" \/>\r\n<meta property=\"og:title\" content=\"APPELLO DOCUMENTO MINISTERIALE SUI PAESI DI ORIGINE SICURI - LGBT+diritti RENZO E LUCIO\" \/>\r\n<meta property=\"og:description\" content=\"decreto Pauesi Sicuri e persone LGBT richiedenti asilo\" \/>\r\n<meta property=\"og:url\" content=\"https:\/\/www.renzoelucio.it\/?p=2513\" \/>\r\n<meta property=\"og:site_name\" content=\"LGBT+diritti RENZO E LUCIO\" \/>\r\n<meta property=\"article:published_time\" content=\"2019-10-30T21:44:11+00:00\" \/>\r\n<meta property=\"article:modified_time\" content=\"2020-04-20T11:09:46+00:00\" \/>\r\n<meta property=\"og:image\" content=\"https:\/\/www.renzoelucio.it\/public\/wordpress\/renzoelucio\/wp-content\/uploads\/2019\/10\/camerun-gay-e1585508957865.jpg\" \/>\r\n\t<meta property=\"og:image:width\" content=\"597\" \/>\r\n\t<meta property=\"og:image:height\" content=\"435\" \/>\r\n\t<meta property=\"og:image:type\" content=\"image\/jpeg\" \/>\r\n<meta name=\"author\" content=\"Renzo e Lucio\" \/>\r\n<meta name=\"twitter:card\" content=\"summary_large_image\" \/>\r\n<meta name=\"twitter:label1\" content=\"Scritto da\" \/>\n\t<meta name=\"twitter:data1\" content=\"Renzo e Lucio\" \/>\n\t<meta name=\"twitter:label2\" content=\"Tempo di lettura stimato\" \/>\n\t<meta name=\"twitter:data2\" content=\"10 minuti\" \/>\r\n<script type=\"application\/ld+json\" class=\"yoast-schema-graph\">{\"@context\":\"https:\/\/schema.org\",\"@graph\":[{\"@type\":\"WebPage\",\"@id\":\"https:\/\/www.renzoelucio.it\/?p=2513\",\"url\":\"https:\/\/www.renzoelucio.it\/?p=2513\",\"name\":\"APPELLO DOCUMENTO MINISTERIALE SUI PAESI DI ORIGINE SICURI - LGBT+diritti RENZO E LUCIO\",\"isPartOf\":{\"@id\":\"https:\/\/www.renzoelucio.it\/#website\"},\"primaryImageOfPage\":{\"@id\":\"https:\/\/www.renzoelucio.it\/?p=2513#primaryimage\"},\"image\":{\"@id\":\"https:\/\/www.renzoelucio.it\/?p=2513#primaryimage\"},\"thumbnailUrl\":\"https:\/\/www.renzoelucio.it\/public\/wordpress\/renzoelucio\/wp-content\/uploads\/2019\/10\/camerun-gay-e1585508957865.jpg\",\"datePublished\":\"2019-10-30T21:44:11+00:00\",\"dateModified\":\"2020-04-20T11:09:46+00:00\",\"author\":{\"@id\":\"https:\/\/www.renzoelucio.it\/#\/schema\/person\/50e8eadc8f57dce531456b1324d80c00\"},\"breadcrumb\":{\"@id\":\"https:\/\/www.renzoelucio.it\/?p=2513#breadcrumb\"},\"inLanguage\":\"it-IT\",\"potentialAction\":[{\"@type\":\"ReadAction\",\"target\":[\"https:\/\/www.renzoelucio.it\/?p=2513\"]}]},{\"@type\":\"ImageObject\",\"inLanguage\":\"it-IT\",\"@id\":\"https:\/\/www.renzoelucio.it\/?p=2513#primaryimage\",\"url\":\"https:\/\/www.renzoelucio.it\/public\/wordpress\/renzoelucio\/wp-content\/uploads\/2019\/10\/camerun-gay-e1585508957865.jpg\",\"contentUrl\":\"https:\/\/www.renzoelucio.it\/public\/wordpress\/renzoelucio\/wp-content\/uploads\/2019\/10\/camerun-gay-e1585508957865.jpg\",\"width\":597,\"height\":435,\"caption\":\"il decreto paesi sicuri non rispetta i diritti\"},{\"@type\":\"BreadcrumbList\",\"@id\":\"https:\/\/www.renzoelucio.it\/?p=2513#breadcrumb\",\"itemListElement\":[{\"@type\":\"ListItem\",\"position\":1,\"name\":\"Home\",\"item\":\"https:\/\/www.renzoelucio.it\/\"},{\"@type\":\"ListItem\",\"position\":2,\"name\":\"APPELLO DOCUMENTO MINISTERIALE SUI PAESI DI ORIGINE SICURI\"}]},{\"@type\":\"WebSite\",\"@id\":\"https:\/\/www.renzoelucio.it\/#website\",\"url\":\"https:\/\/www.renzoelucio.it\/\",\"name\":\"LGBT+diritti RENZO E LUCIO\",\"description\":\"\",\"potentialAction\":[{\"@type\":\"SearchAction\",\"target\":{\"@type\":\"EntryPoint\",\"urlTemplate\":\"https:\/\/www.renzoelucio.it\/?s={search_term_string}\"},\"query-input\":{\"@type\":\"PropertyValueSpecification\",\"valueRequired\":true,\"valueName\":\"search_term_string\"}}],\"inLanguage\":\"it-IT\"},{\"@type\":\"Person\",\"@id\":\"https:\/\/www.renzoelucio.it\/#\/schema\/person\/50e8eadc8f57dce531456b1324d80c00\",\"name\":\"Renzo e Lucio\",\"image\":{\"@type\":\"ImageObject\",\"inLanguage\":\"it-IT\",\"@id\":\"https:\/\/www.renzoelucio.it\/#\/schema\/person\/image\/\",\"url\":\"https:\/\/secure.gravatar.com\/avatar\/51ec206b4e24cb43343f5a170b1b6bc8d776af15b4fda2519702bef74418f793?s=96&d=mm&r=g\",\"contentUrl\":\"https:\/\/secure.gravatar.com\/avatar\/51ec206b4e24cb43343f5a170b1b6bc8d776af15b4fda2519702bef74418f793?s=96&d=mm&r=g\",\"caption\":\"Renzo e Lucio\"},\"url\":\"https:\/\/www.renzoelucio.it\/?author=4\"}]}<\/script>\r\n<!-- \/ Yoast SEO plugin. -->","yoast_head_json":{"title":"APPELLO DOCUMENTO MINISTERIALE SUI PAESI DI ORIGINE SICURI - LGBT+diritti RENZO E LUCIO","robots":{"index":"index","follow":"follow","max-snippet":"max-snippet:-1","max-image-preview":"max-image-preview:large","max-video-preview":"max-video-preview:-1"},"canonical":"https:\/\/www.renzoelucio.it\/?p=2513","og_locale":"it_IT","og_type":"article","og_title":"APPELLO DOCUMENTO MINISTERIALE SUI PAESI DI ORIGINE SICURI - LGBT+diritti RENZO E LUCIO","og_description":"decreto Pauesi Sicuri e persone LGBT richiedenti asilo","og_url":"https:\/\/www.renzoelucio.it\/?p=2513","og_site_name":"LGBT+diritti RENZO E LUCIO","article_published_time":"2019-10-30T21:44:11+00:00","article_modified_time":"2020-04-20T11:09:46+00:00","og_image":[{"width":597,"height":435,"url":"https:\/\/www.renzoelucio.it\/public\/wordpress\/renzoelucio\/wp-content\/uploads\/2019\/10\/camerun-gay-e1585508957865.jpg","type":"image\/jpeg"}],"author":"Renzo e Lucio","twitter_card":"summary_large_image","twitter_misc":{"Scritto da":"Renzo e Lucio","Tempo di lettura stimato":"10 minuti"},"schema":{"@context":"https:\/\/schema.org","@graph":[{"@type":"WebPage","@id":"https:\/\/www.renzoelucio.it\/?p=2513","url":"https:\/\/www.renzoelucio.it\/?p=2513","name":"APPELLO DOCUMENTO MINISTERIALE SUI PAESI DI ORIGINE SICURI - LGBT+diritti RENZO E LUCIO","isPartOf":{"@id":"https:\/\/www.renzoelucio.it\/#website"},"primaryImageOfPage":{"@id":"https:\/\/www.renzoelucio.it\/?p=2513#primaryimage"},"image":{"@id":"https:\/\/www.renzoelucio.it\/?p=2513#primaryimage"},"thumbnailUrl":"https:\/\/www.renzoelucio.it\/public\/wordpress\/renzoelucio\/wp-content\/uploads\/2019\/10\/camerun-gay-e1585508957865.jpg","datePublished":"2019-10-30T21:44:11+00:00","dateModified":"2020-04-20T11:09:46+00:00","author":{"@id":"https:\/\/www.renzoelucio.it\/#\/schema\/person\/50e8eadc8f57dce531456b1324d80c00"},"breadcrumb":{"@id":"https:\/\/www.renzoelucio.it\/?p=2513#breadcrumb"},"inLanguage":"it-IT","potentialAction":[{"@type":"ReadAction","target":["https:\/\/www.renzoelucio.it\/?p=2513"]}]},{"@type":"ImageObject","inLanguage":"it-IT","@id":"https:\/\/www.renzoelucio.it\/?p=2513#primaryimage","url":"https:\/\/www.renzoelucio.it\/public\/wordpress\/renzoelucio\/wp-content\/uploads\/2019\/10\/camerun-gay-e1585508957865.jpg","contentUrl":"https:\/\/www.renzoelucio.it\/public\/wordpress\/renzoelucio\/wp-content\/uploads\/2019\/10\/camerun-gay-e1585508957865.jpg","width":597,"height":435,"caption":"il decreto paesi sicuri non rispetta i diritti"},{"@type":"BreadcrumbList","@id":"https:\/\/www.renzoelucio.it\/?p=2513#breadcrumb","itemListElement":[{"@type":"ListItem","position":1,"name":"Home","item":"https:\/\/www.renzoelucio.it\/"},{"@type":"ListItem","position":2,"name":"APPELLO DOCUMENTO MINISTERIALE SUI PAESI DI ORIGINE SICURI"}]},{"@type":"WebSite","@id":"https:\/\/www.renzoelucio.it\/#website","url":"https:\/\/www.renzoelucio.it\/","name":"LGBT+diritti RENZO E LUCIO","description":"","potentialAction":[{"@type":"SearchAction","target":{"@type":"EntryPoint","urlTemplate":"https:\/\/www.renzoelucio.it\/?s={search_term_string}"},"query-input":{"@type":"PropertyValueSpecification","valueRequired":true,"valueName":"search_term_string"}}],"inLanguage":"it-IT"},{"@type":"Person","@id":"https:\/\/www.renzoelucio.it\/#\/schema\/person\/50e8eadc8f57dce531456b1324d80c00","name":"Renzo e Lucio","image":{"@type":"ImageObject","inLanguage":"it-IT","@id":"https:\/\/www.renzoelucio.it\/#\/schema\/person\/image\/","url":"https:\/\/secure.gravatar.com\/avatar\/51ec206b4e24cb43343f5a170b1b6bc8d776af15b4fda2519702bef74418f793?s=96&d=mm&r=g","contentUrl":"https:\/\/secure.gravatar.com\/avatar\/51ec206b4e24cb43343f5a170b1b6bc8d776af15b4fda2519702bef74418f793?s=96&d=mm&r=g","caption":"Renzo e Lucio"},"url":"https:\/\/www.renzoelucio.it\/?author=4"}]}},"_links":{"self":[{"href":"https:\/\/www.renzoelucio.it\/index.php?rest_route=\/wp\/v2\/posts\/2513","targetHints":{"allow":["GET"]}}],"collection":[{"href":"https:\/\/www.renzoelucio.it\/index.php?rest_route=\/wp\/v2\/posts"}],"about":[{"href":"https:\/\/www.renzoelucio.it\/index.php?rest_route=\/wp\/v2\/types\/post"}],"author":[{"embeddable":true,"href":"https:\/\/www.renzoelucio.it\/index.php?rest_route=\/wp\/v2\/users\/4"}],"replies":[{"embeddable":true,"href":"https:\/\/www.renzoelucio.it\/index.php?rest_route=%2Fwp%2Fv2%2Fcomments&post=2513"}],"version-history":[{"count":4,"href":"https:\/\/www.renzoelucio.it\/index.php?rest_route=\/wp\/v2\/posts\/2513\/revisions"}],"predecessor-version":[{"id":2853,"href":"https:\/\/www.renzoelucio.it\/index.php?rest_route=\/wp\/v2\/posts\/2513\/revisions\/2853"}],"wp:featuredmedia":[{"embeddable":true,"href":"https:\/\/www.renzoelucio.it\/index.php?rest_route=\/wp\/v2\/media\/2515"}],"wp:attachment":[{"href":"https:\/\/www.renzoelucio.it\/index.php?rest_route=%2Fwp%2Fv2%2Fmedia&parent=2513"}],"wp:term":[{"taxonomy":"category","embeddable":true,"href":"https:\/\/www.renzoelucio.it\/index.php?rest_route=%2Fwp%2Fv2%2Fcategories&post=2513"},{"taxonomy":"post_tag","embeddable":true,"href":"https:\/\/www.renzoelucio.it\/index.php?rest_route=%2Fwp%2Fv2%2Ftags&post=2513"}],"curies":[{"name":"wp","href":"https:\/\/api.w.org\/{rel}","templated":true}]}}