{"id":2907,"date":"2020-04-27T19:20:17","date_gmt":"2020-04-27T17:20:17","guid":{"rendered":"https:\/\/www.renzoelucio.it\/?p=2907"},"modified":"2020-05-03T16:42:40","modified_gmt":"2020-05-03T14:42:40","slug":"sentenza-ue-sul-caso-taormina","status":"publish","type":"post","link":"https:\/\/www.renzoelucio.it\/?p=2907","title":{"rendered":"SENTENZA UE CONTRO LE FRASI OMOFOBE DI TAORMINA"},"content":{"rendered":"\n<p><strong>Importante sentenza della Corte di Giustizia\u00a0 dell\u2019Unione Europe<\/strong>a che accetta l\u2019interpretazione presentata da<a href=\"https:\/\/www.retelenford.it\/\" class=\"aioseop-link\"> Rete Lenford (avvocatura per i diritti LGBT)<\/a> in merito alla vicenda dell\u2019avvocato ed ex parlamentare di Forza Italia Carlo Taormina. <\/p>\n\n\n\n<p><\/p>\n\n\n\n<p><strong>La vicenda:<\/strong> il caso fa riferimento alla vicenda che inizia nel 2014 quando Taormina, intervistato durante una trasmissione su Radio 24 , si lascia andare in una serie di dichiarazioni che esprimono disgusto e disprezzo per le persone gay definendole: \u00a0\u00abgente malata\u00bb, \u00abmi fanno ribrezzo\u201d , \u201cHo una crisi di rigetto, mi viene il vomito\u00bb. Nella stessa intervista arriva poi a dichiarare che mai assumerebbe nel proprio studio legale persone omosessuali: \u00abfaccio una cernita adeguata in modo che questo non accada\u00bb. Da qui inizia il procedimento legale intentato da Rete Lenford che chiede che l\u2019avvocato venga condannato per discriminazione sull\u2019ambiente di lavoro.<\/p>\n\n\n\n<figure class=\"wp-block-image size-large is-style-default\"><img loading=\"lazy\" decoding=\"async\" width=\"800\" height=\"409\" src=\"https:\/\/www.renzoelucio.it\/public\/wordpress\/renzoelucio\/wp-content\/uploads\/2020\/04\/giustia-europea-sede.jpg\" alt=\"\" class=\"wp-image-2910\" srcset=\"https:\/\/www.renzoelucio.it\/public\/wordpress\/renzoelucio\/wp-content\/uploads\/2020\/04\/giustia-europea-sede.jpg 800w, https:\/\/www.renzoelucio.it\/public\/wordpress\/renzoelucio\/wp-content\/uploads\/2020\/04\/giustia-europea-sede-300x153.jpg 300w, https:\/\/www.renzoelucio.it\/public\/wordpress\/renzoelucio\/wp-content\/uploads\/2020\/04\/giustia-europea-sede-768x393.jpg 768w\" sizes=\"auto, (max-width: 800px) 100vw, 800px\" \/><\/figure>\n\n\n\n<p><strong>Le sentenze precedenti<\/strong>: gi\u00e0 prima dell\u2019odierna sentenza della Corte Europea a cui si era rivolta la Corte di Cassazione Italiana, l\u2019avvocato era stato <a href=\"https:\/\/www.huffingtonpost.it\/2014\/08\/06\/taormina-condannato-omofobia_n_5654804.html\" class=\"aioseop-link\">condannato dapprima il 6 agosto 2014 <\/a>veniva condannato dal Tribunale di Bergamo per discriminazione sul lavoro e a risarcire di 10.000 euro a Rete Lenford. Sentenza che veniva poi confermata il <a href=\"https:\/\/milano.repubblica.it\/cronaca\/2015\/01\/23\/news\/omofobia_l_avvocato_taormina_condannato_anche_in_appello_niente_gay_nel_mio_studio_legale-105607128\/\" class=\"aioseop-link\">23 gennaio 2015 <\/a>dalla Corte d\u2019Appello di Brescia.<\/p>\n\n\n\n<p>Taormina si rivolge allora alla Cassazione in nome del diritto alla libert\u00e0 di espressione e sulla base della considerazione che le sue osservazioni erano generali e non riguardavano alcuna assunzione in corso che La corte di Cassazione, con ordinanza depositata il 20.07.2018, aveva sospeso il procedimento, ritenendo pregiudiziale l\u2019interpretazione del diritto dell\u2019Unione Europea. <\/p>\n\n\n\n<p><strong>La santenza di oggi<\/strong>: ora per\u00f2 la Corte di Giustizia dell\u2019Unione europea ha stabilito che \u00e8 discriminazione non solo per fatti concreti realmente appurati ma anche per le intenzioni espresse.<\/p>\n\n\n\n<p>Qui la<a href=\"https:\/\/www.retelenford.it\/news\/articoli\/la-corte-di-giustizia-dellunione-europea-le-dichiarazioni-omofobe-costituiscono-una-discriminazione-in-materia-di-occupazione-e-di-lavoro-se-pronunciate-da-chi-esercita-o-puo-ess\/\" class=\"aioseop-link\"> nota dell\u2019 Associazione Rete Lenfor<\/a> che \u201c esprime la propria soddisfazione in merito alla decisione \u2013 che nasce a seguito di un\u2019azione legale avviata nel 2014 da Rete Lenford- nella quale la Corte afferma che il divieto di discriminazione in ragione dell\u2019orientamento sessuale previsto dalla Direttiva 2000\/78 \u00e8 violato da dichiarazioni omofobe pronunciate da chi esercita, o pu\u00f2 essere percepito come capace di esercitare, un\u2019influenza determinante sulla politica di assunzioni di un datore di lavoro, indipendentemente dall\u2019attualit\u00e0 di un procedura di selezione. \u2026..Il principio affermato dalla Corte fissa quindi il criterio guida che deve impegnare tutti i soggetti economici a tutela del buon funzionamento del mercato del lavoro che non tollera discriminazioni in ragioni dell\u2019orientamento sessuale.\u201d <\/p>\n\n\n\n<p><strong>Perch\u00e8 \u00e8 importante:<\/strong> la sentenza della Corte di Giustizia Europea sancisce due principi fondamentali : il limite alla libert\u00e0 di espressione qualora essa ha potenzialit\u00e0 discriminatorie e la legittimit\u00e0 per un\u2019associazione di ricorrere alla giustizia per difendere la dignit\u00e0 delle persone anche in assenza di casi specifici e particolari.<\/p>\n\n\n\n<div class=\"wp-block-image is-style-default\"><figure class=\"aligncenter size-large\"><img loading=\"lazy\" decoding=\"async\" width=\"850\" height=\"198\" src=\"https:\/\/www.renzoelucio.it\/public\/wordpress\/renzoelucio\/wp-content\/uploads\/2020\/04\/logo_retelenford.png\" alt=\"\" class=\"wp-image-2911\" srcset=\"https:\/\/www.renzoelucio.it\/public\/wordpress\/renzoelucio\/wp-content\/uploads\/2020\/04\/logo_retelenford.png 850w, https:\/\/www.renzoelucio.it\/public\/wordpress\/renzoelucio\/wp-content\/uploads\/2020\/04\/logo_retelenford-300x70.png 300w, https:\/\/www.renzoelucio.it\/public\/wordpress\/renzoelucio\/wp-content\/uploads\/2020\/04\/logo_retelenford-768x179.png 768w\" sizes=\"auto, (max-width: 850px) 100vw, 850px\" \/><\/figure><\/div>\n\n\n\n<p><\/p>\n\n\n\n<p><strong>Chi ha lottato per questo risultato<\/strong>: Rete Lenford ringrazia l\u2019avvocato Alberto Guariso per aver rappresentato l\u2019Associazione e aver seguito il caso sin dal giudizio di primo grado insieme alla socia avvocata Caterina Caput e al socio avvocato Francesco Rizzi.<\/p>\n\n\n\n<p><\/p>\n","protected":false},"excerpt":{"rendered":"<p>Importante sentenza della Corte di Giustizia\u00a0 dell\u2019Unione Europea che accetta l\u2019interpretazione presentata da Rete Lenford (avvocatura per i diritti LGBT) in merito alla vicenda dell\u2019avvocato ed ex parlamentare di Forza Italia Carlo Taormina. La vicenda: il caso fa riferimento alla vicenda che inizia nel 2014 quando Taormina, intervistato durante una trasmissione su Radio 24 ,&#8230;<\/p>\n","protected":false},"author":4,"featured_media":2909,"comment_status":"closed","ping_status":"open","sticky":false,"template":"","format":"standard","meta":{"footnotes":""},"categories":[36],"tags":[271],"class_list":["post-2907","post","type-post","status-publish","format-standard","has-post-thumbnail","hentry","category-omofobia","tag-sentenze-tribunale"],"yoast_head":"<!-- This site is optimized with the Yoast SEO plugin v24.5 - https:\/\/yoast.com\/wordpress\/plugins\/seo\/ -->\r\n<title>SENTENZA UE CONTRO LE FRASI OMOFOBE DI TAORMINA - LGBT+diritti RENZO E LUCIO<\/title>\r\n<meta name=\"robots\" content=\"index, follow, max-snippet:-1, max-image-preview:large, max-video-preview:-1\" \/>\r\n<link rel=\"canonical\" href=\"https:\/\/www.renzoelucio.it\/?p=2907\" \/>\r\n<meta property=\"og:locale\" content=\"it_IT\" \/>\r\n<meta property=\"og:type\" content=\"article\" \/>\r\n<meta property=\"og:title\" content=\"SENTENZA UE CONTRO LE FRASI OMOFOBE DI TAORMINA - LGBT+diritti RENZO E LUCIO\" \/>\r\n<meta property=\"og:description\" content=\"Importante sentenza della Corte di Giustizia\u00a0 dell\u2019Unione Europea che accetta l\u2019interpretazione presentata da Rete Lenford (avvocatura per i diritti LGBT) in merito alla vicenda dell\u2019avvocato ed ex parlamentare di Forza Italia Carlo Taormina. La vicenda: il caso fa riferimento alla vicenda che inizia nel 2014 quando Taormina, intervistato durante una trasmissione su Radio 24 ,...\" \/>\r\n<meta property=\"og:url\" content=\"https:\/\/www.renzoelucio.it\/?p=2907\" \/>\r\n<meta property=\"og:site_name\" content=\"LGBT+diritti RENZO E LUCIO\" \/>\r\n<meta property=\"article:published_time\" content=\"2020-04-27T17:20:17+00:00\" \/>\r\n<meta property=\"article:modified_time\" content=\"2020-05-03T14:42:40+00:00\" \/>\r\n<meta property=\"og:image\" content=\"https:\/\/www.renzoelucio.it\/public\/wordpress\/renzoelucio\/wp-content\/uploads\/2020\/04\/corte-giustia-europea-logo-1.png\" \/>\r\n\t<meta property=\"og:image:width\" content=\"1200\" \/>\r\n\t<meta property=\"og:image:height\" content=\"1463\" \/>\r\n\t<meta property=\"og:image:type\" content=\"image\/png\" \/>\r\n<meta name=\"author\" content=\"Renzo e Lucio\" \/>\r\n<meta name=\"twitter:card\" content=\"summary_large_image\" \/>\r\n<meta name=\"twitter:label1\" content=\"Scritto da\" \/>\n\t<meta name=\"twitter:data1\" content=\"Renzo e Lucio\" \/>\n\t<meta name=\"twitter:label2\" content=\"Tempo di lettura stimato\" \/>\n\t<meta name=\"twitter:data2\" content=\"3 minuti\" \/>\r\n<script type=\"application\/ld+json\" class=\"yoast-schema-graph\">{\"@context\":\"https:\/\/schema.org\",\"@graph\":[{\"@type\":\"WebPage\",\"@id\":\"https:\/\/www.renzoelucio.it\/?p=2907\",\"url\":\"https:\/\/www.renzoelucio.it\/?p=2907\",\"name\":\"SENTENZA UE CONTRO LE FRASI OMOFOBE DI TAORMINA - LGBT+diritti RENZO E LUCIO\",\"isPartOf\":{\"@id\":\"https:\/\/www.renzoelucio.it\/#website\"},\"primaryImageOfPage\":{\"@id\":\"https:\/\/www.renzoelucio.it\/?p=2907#primaryimage\"},\"image\":{\"@id\":\"https:\/\/www.renzoelucio.it\/?p=2907#primaryimage\"},\"thumbnailUrl\":\"https:\/\/www.renzoelucio.it\/public\/wordpress\/renzoelucio\/wp-content\/uploads\/2020\/04\/corte-giustia-europea-logo-1.png\",\"datePublished\":\"2020-04-27T17:20:17+00:00\",\"dateModified\":\"2020-05-03T14:42:40+00:00\",\"author\":{\"@id\":\"https:\/\/www.renzoelucio.it\/#\/schema\/person\/50e8eadc8f57dce531456b1324d80c00\"},\"breadcrumb\":{\"@id\":\"https:\/\/www.renzoelucio.it\/?p=2907#breadcrumb\"},\"inLanguage\":\"it-IT\",\"potentialAction\":[{\"@type\":\"ReadAction\",\"target\":[\"https:\/\/www.renzoelucio.it\/?p=2907\"]}]},{\"@type\":\"ImageObject\",\"inLanguage\":\"it-IT\",\"@id\":\"https:\/\/www.renzoelucio.it\/?p=2907#primaryimage\",\"url\":\"https:\/\/www.renzoelucio.it\/public\/wordpress\/renzoelucio\/wp-content\/uploads\/2020\/04\/corte-giustia-europea-logo-1.png\",\"contentUrl\":\"https:\/\/www.renzoelucio.it\/public\/wordpress\/renzoelucio\/wp-content\/uploads\/2020\/04\/corte-giustia-europea-logo-1.png\",\"width\":1200,\"height\":1463},{\"@type\":\"BreadcrumbList\",\"@id\":\"https:\/\/www.renzoelucio.it\/?p=2907#breadcrumb\",\"itemListElement\":[{\"@type\":\"ListItem\",\"position\":1,\"name\":\"Home\",\"item\":\"https:\/\/www.renzoelucio.it\/\"},{\"@type\":\"ListItem\",\"position\":2,\"name\":\"SENTENZA UE CONTRO LE FRASI OMOFOBE DI TAORMINA\"}]},{\"@type\":\"WebSite\",\"@id\":\"https:\/\/www.renzoelucio.it\/#website\",\"url\":\"https:\/\/www.renzoelucio.it\/\",\"name\":\"LGBT+diritti RENZO E LUCIO\",\"description\":\"\",\"potentialAction\":[{\"@type\":\"SearchAction\",\"target\":{\"@type\":\"EntryPoint\",\"urlTemplate\":\"https:\/\/www.renzoelucio.it\/?s={search_term_string}\"},\"query-input\":{\"@type\":\"PropertyValueSpecification\",\"valueRequired\":true,\"valueName\":\"search_term_string\"}}],\"inLanguage\":\"it-IT\"},{\"@type\":\"Person\",\"@id\":\"https:\/\/www.renzoelucio.it\/#\/schema\/person\/50e8eadc8f57dce531456b1324d80c00\",\"name\":\"Renzo e Lucio\",\"image\":{\"@type\":\"ImageObject\",\"inLanguage\":\"it-IT\",\"@id\":\"https:\/\/www.renzoelucio.it\/#\/schema\/person\/image\/\",\"url\":\"https:\/\/secure.gravatar.com\/avatar\/51ec206b4e24cb43343f5a170b1b6bc8d776af15b4fda2519702bef74418f793?s=96&d=mm&r=g\",\"contentUrl\":\"https:\/\/secure.gravatar.com\/avatar\/51ec206b4e24cb43343f5a170b1b6bc8d776af15b4fda2519702bef74418f793?s=96&d=mm&r=g\",\"caption\":\"Renzo e Lucio\"},\"url\":\"https:\/\/www.renzoelucio.it\/?author=4\"}]}<\/script>\r\n<!-- \/ Yoast SEO plugin. -->","yoast_head_json":{"title":"SENTENZA UE CONTRO LE FRASI OMOFOBE DI TAORMINA - LGBT+diritti RENZO E LUCIO","robots":{"index":"index","follow":"follow","max-snippet":"max-snippet:-1","max-image-preview":"max-image-preview:large","max-video-preview":"max-video-preview:-1"},"canonical":"https:\/\/www.renzoelucio.it\/?p=2907","og_locale":"it_IT","og_type":"article","og_title":"SENTENZA UE CONTRO LE FRASI OMOFOBE DI TAORMINA - LGBT+diritti RENZO E LUCIO","og_description":"Importante sentenza della Corte di Giustizia\u00a0 dell\u2019Unione Europea che accetta l\u2019interpretazione presentata da Rete Lenford (avvocatura per i diritti LGBT) in merito alla vicenda dell\u2019avvocato ed ex parlamentare di Forza Italia Carlo Taormina. La vicenda: il caso fa riferimento alla vicenda che inizia nel 2014 quando Taormina, intervistato durante una trasmissione su Radio 24 ,...","og_url":"https:\/\/www.renzoelucio.it\/?p=2907","og_site_name":"LGBT+diritti RENZO E LUCIO","article_published_time":"2020-04-27T17:20:17+00:00","article_modified_time":"2020-05-03T14:42:40+00:00","og_image":[{"width":1200,"height":1463,"url":"https:\/\/www.renzoelucio.it\/public\/wordpress\/renzoelucio\/wp-content\/uploads\/2020\/04\/corte-giustia-europea-logo-1.png","type":"image\/png"}],"author":"Renzo e Lucio","twitter_card":"summary_large_image","twitter_misc":{"Scritto da":"Renzo e Lucio","Tempo di lettura stimato":"3 minuti"},"schema":{"@context":"https:\/\/schema.org","@graph":[{"@type":"WebPage","@id":"https:\/\/www.renzoelucio.it\/?p=2907","url":"https:\/\/www.renzoelucio.it\/?p=2907","name":"SENTENZA UE CONTRO LE FRASI OMOFOBE DI TAORMINA - LGBT+diritti RENZO E LUCIO","isPartOf":{"@id":"https:\/\/www.renzoelucio.it\/#website"},"primaryImageOfPage":{"@id":"https:\/\/www.renzoelucio.it\/?p=2907#primaryimage"},"image":{"@id":"https:\/\/www.renzoelucio.it\/?p=2907#primaryimage"},"thumbnailUrl":"https:\/\/www.renzoelucio.it\/public\/wordpress\/renzoelucio\/wp-content\/uploads\/2020\/04\/corte-giustia-europea-logo-1.png","datePublished":"2020-04-27T17:20:17+00:00","dateModified":"2020-05-03T14:42:40+00:00","author":{"@id":"https:\/\/www.renzoelucio.it\/#\/schema\/person\/50e8eadc8f57dce531456b1324d80c00"},"breadcrumb":{"@id":"https:\/\/www.renzoelucio.it\/?p=2907#breadcrumb"},"inLanguage":"it-IT","potentialAction":[{"@type":"ReadAction","target":["https:\/\/www.renzoelucio.it\/?p=2907"]}]},{"@type":"ImageObject","inLanguage":"it-IT","@id":"https:\/\/www.renzoelucio.it\/?p=2907#primaryimage","url":"https:\/\/www.renzoelucio.it\/public\/wordpress\/renzoelucio\/wp-content\/uploads\/2020\/04\/corte-giustia-europea-logo-1.png","contentUrl":"https:\/\/www.renzoelucio.it\/public\/wordpress\/renzoelucio\/wp-content\/uploads\/2020\/04\/corte-giustia-europea-logo-1.png","width":1200,"height":1463},{"@type":"BreadcrumbList","@id":"https:\/\/www.renzoelucio.it\/?p=2907#breadcrumb","itemListElement":[{"@type":"ListItem","position":1,"name":"Home","item":"https:\/\/www.renzoelucio.it\/"},{"@type":"ListItem","position":2,"name":"SENTENZA UE CONTRO LE FRASI OMOFOBE DI TAORMINA"}]},{"@type":"WebSite","@id":"https:\/\/www.renzoelucio.it\/#website","url":"https:\/\/www.renzoelucio.it\/","name":"LGBT+diritti RENZO E LUCIO","description":"","potentialAction":[{"@type":"SearchAction","target":{"@type":"EntryPoint","urlTemplate":"https:\/\/www.renzoelucio.it\/?s={search_term_string}"},"query-input":{"@type":"PropertyValueSpecification","valueRequired":true,"valueName":"search_term_string"}}],"inLanguage":"it-IT"},{"@type":"Person","@id":"https:\/\/www.renzoelucio.it\/#\/schema\/person\/50e8eadc8f57dce531456b1324d80c00","name":"Renzo e Lucio","image":{"@type":"ImageObject","inLanguage":"it-IT","@id":"https:\/\/www.renzoelucio.it\/#\/schema\/person\/image\/","url":"https:\/\/secure.gravatar.com\/avatar\/51ec206b4e24cb43343f5a170b1b6bc8d776af15b4fda2519702bef74418f793?s=96&d=mm&r=g","contentUrl":"https:\/\/secure.gravatar.com\/avatar\/51ec206b4e24cb43343f5a170b1b6bc8d776af15b4fda2519702bef74418f793?s=96&d=mm&r=g","caption":"Renzo e Lucio"},"url":"https:\/\/www.renzoelucio.it\/?author=4"}]}},"_links":{"self":[{"href":"https:\/\/www.renzoelucio.it\/index.php?rest_route=\/wp\/v2\/posts\/2907","targetHints":{"allow":["GET"]}}],"collection":[{"href":"https:\/\/www.renzoelucio.it\/index.php?rest_route=\/wp\/v2\/posts"}],"about":[{"href":"https:\/\/www.renzoelucio.it\/index.php?rest_route=\/wp\/v2\/types\/post"}],"author":[{"embeddable":true,"href":"https:\/\/www.renzoelucio.it\/index.php?rest_route=\/wp\/v2\/users\/4"}],"replies":[{"embeddable":true,"href":"https:\/\/www.renzoelucio.it\/index.php?rest_route=%2Fwp%2Fv2%2Fcomments&post=2907"}],"version-history":[{"count":2,"href":"https:\/\/www.renzoelucio.it\/index.php?rest_route=\/wp\/v2\/posts\/2907\/revisions"}],"predecessor-version":[{"id":2956,"href":"https:\/\/www.renzoelucio.it\/index.php?rest_route=\/wp\/v2\/posts\/2907\/revisions\/2956"}],"wp:featuredmedia":[{"embeddable":true,"href":"https:\/\/www.renzoelucio.it\/index.php?rest_route=\/wp\/v2\/media\/2909"}],"wp:attachment":[{"href":"https:\/\/www.renzoelucio.it\/index.php?rest_route=%2Fwp%2Fv2%2Fmedia&parent=2907"}],"wp:term":[{"taxonomy":"category","embeddable":true,"href":"https:\/\/www.renzoelucio.it\/index.php?rest_route=%2Fwp%2Fv2%2Fcategories&post=2907"},{"taxonomy":"post_tag","embeddable":true,"href":"https:\/\/www.renzoelucio.it\/index.php?rest_route=%2Fwp%2Fv2%2Ftags&post=2907"}],"curies":[{"name":"wp","href":"https:\/\/api.w.org\/{rel}","templated":true}]}}