{"id":3051,"date":"2020-07-19T19:08:01","date_gmt":"2020-07-19T17:08:01","guid":{"rendered":"https:\/\/www.renzoelucio.it\/?p=3051"},"modified":"2020-07-19T19:08:04","modified_gmt":"2020-07-19T17:08:04","slug":"la-proposta-di-legge-contro-lomotransfobia-e-la-misoginia","status":"publish","type":"post","link":"https:\/\/www.renzoelucio.it\/?p=3051","title":{"rendered":"LA PROPOSTA DI LEGGE CONTRO L&#8217;OMOTRANSFOBIA E LA MISOGINIA."},"content":{"rendered":"\n<p>Ogni volta che in Italia si parla di diritti per gli omosessuali si scatena sempre un putiferio e da subito, coloro che da sempre si oppongono al riconoscimento di questi diritti, si alleano per introdurre informazioni non corrette all\u2019interno del dibattito pubblico. Gi\u00e0 ai tempi della legge sulle Unioni Civili circolavano notizie non corrette, e palesemente costruite ad hoc, per screditare la proposta di Legge e creare inutili paure nell\u2019opinione pubblica. La stessa cosa si sta verificando ora in merito alla proposta di legge Zan che mira al contrasto dell\u2019omotransfobia e la misoginia. Questo scritto serve a fare chiarezza su quello che \u00e8 la proposta in esame al Parlamento a partire dal 27 luglio.<\/p>\n\n\n\n<p><strong>Non \u00e8 una nuova legge:<\/strong> infatti il testo della proposta di Legge si basa sull\u2019estensione di una legge gi\u00e0 esistente dal 1993 (decreto legge 26 aprile 1993,n.122 convertito con modificazioni, dalla legge 205 dal 26 giugno 1993), la famosa legge Mancino, che sanziona e condanna chi incita a commettere o commette atti di discriminazione per motivi razziali, etnici, nazionali o religiosi.<\/p>\n\n\n\n<p><strong>La proposta di legge Zan<\/strong> a queste ultime categorie aggiunge anche le discriminazioni per orientamento sessuale, identit\u00e0 di genere, genere e sesso. <\/p>\n\n\n\n<p><strong>Da chi, pretestuosamente, sostiene che sia una legge liberticida<\/strong> ci piacerebbe capire come mai, una legge esistente da anni che non si \u00e8 mai rivelata liberticida, lo possa diventare semplicemente perch\u00e9 estesa ad altre categorie. Traducendo semplicemente questo modo di pensare dovremmo costatare che: se la legge \u00a0sanziona giustamente chi commette reati d\u2019odio legati sul presupposto di una differenza religiosa pu\u00f2 andar bene. Se invece la stessa legge viene estesa a chi commette reati d\u2019odio legati al diverso orientamento sessuale o alla diversa identit\u00e0 di genere allora non va bene e diventa improvvisamente \u201cliberticida\u201d. In entrambi casi la legge infatti si occupa di reati di violenza o incitamento all\u2019odio, basati su una presunta superiorit\u00e0, e non riguarda le opinioni la cui libert\u00e0 \u00e8 sancita,e resta garantita, dall\u2019articolo 21 della costituzione.<\/p>\n\n\n\n<p>La legge in esame vuole colpire anche tutte quelle manifestazioni di violenza, odio e discriminazione che si basano sull\u2019orientamento sessuale e sull\u2019identit\u00e0 di genere, il sesso ed il genere.<\/p>\n\n\n\n<p><strong>Sulla presunta non definitezza dei termini,<\/strong> in specifico quello dell\u2019identit\u00e0 di genere, che viene rilevata come un problema dai detrattori della legge, facciamo notare che essa ha invece un solido ancoraggio giuridico rilevabile nelle sentenze della Corte di Cassazione, della Corte Costituzionale unite a sentenze della Corte Internazionale ed a numerose direttive europee, si veda fra tante la Convezione di Istambul. Risulta allora solo strumentale e totalmente priva di valore tale affermazione.<\/p>\n\n\n\n<figure class=\"wp-block-image size-large\"><img loading=\"lazy\" decoding=\"async\" width=\"940\" height=\"788\" src=\"https:\/\/www.renzoelucio.it\/public\/wordpress\/renzoelucio\/wp-content\/uploads\/2020\/07\/adesione.png\" alt=\"\" class=\"wp-image-3043\" srcset=\"https:\/\/www.renzoelucio.it\/public\/wordpress\/renzoelucio\/wp-content\/uploads\/2020\/07\/adesione.png 940w, https:\/\/www.renzoelucio.it\/public\/wordpress\/renzoelucio\/wp-content\/uploads\/2020\/07\/adesione-300x251.png 300w, https:\/\/www.renzoelucio.it\/public\/wordpress\/renzoelucio\/wp-content\/uploads\/2020\/07\/adesione-768x644.png 768w\" sizes=\"auto, (max-width: 940px) 100vw, 940px\" \/><\/figure>\n\n\n\n<p><strong>La realt\u00e0 \u00e8 che siamo di fronte ad una campagna orchestrata per delegittimare il percorso legislativo della proposta di legge.<\/strong> Una campagna che si muove nell\u2019unica direzione di creare, attraverso una pretestuosa informazione, paure infondate all\u2019interno dell\u2019opinione pubblica. Non vi \u00e8 alcuna minaccia alla libert\u00e0 di espressione ma semplicemente si vuole combattere quei reati che nascono dall\u2019odio e che spesso colpiscono persone omosessuali, transessuali e di genere femminile.<\/p>\n\n\n\n<p><strong>Non solo una legge contro l&#8217;omotransfobia.<\/strong> Perch\u00e9 dobbiamo ricordare che non \u00e8 semplicemente una legge contro l\u2019omotransfobia ma una legge che colpisce anche atti legati alla differenza di genere e che tende a combattere la misogenia; un particolare neppure rilevato da coloro che contrastano il Disegno di Legge, forse perch\u00e9 poco consono alla loro propaganda denigratoria. La propaganda, si sa, \u00e8 motivazionale e spesso corre il rischio di essere poco lucida, ma un minimo di onest\u00e0 intellettuale sarebbe sempre ben gradito.<\/p>\n\n\n\n<p>Riteniamo quindi importante affermare che \u00e8 una legge importante che lavora sia sul campo della sanzione (art.1-4), contro chi commette reati d\u2019odio, ma che impegna lo Stato (art.5-9) anche ad una seria azione di prevenzione per contrastare le discriminazioni fra i cittadini.<\/p>\n\n\n\n<figure class=\"wp-block-image size-large\"><img loading=\"lazy\" decoding=\"async\" width=\"930\" height=\"487\" src=\"https:\/\/www.renzoelucio.it\/public\/wordpress\/renzoelucio\/wp-content\/uploads\/2020\/07\/foto-adesione.jpg\" alt=\"\" class=\"wp-image-3048\" srcset=\"https:\/\/www.renzoelucio.it\/public\/wordpress\/renzoelucio\/wp-content\/uploads\/2020\/07\/foto-adesione.jpg 930w, https:\/\/www.renzoelucio.it\/public\/wordpress\/renzoelucio\/wp-content\/uploads\/2020\/07\/foto-adesione-300x157.jpg 300w, https:\/\/www.renzoelucio.it\/public\/wordpress\/renzoelucio\/wp-content\/uploads\/2020\/07\/foto-adesione-768x402.jpg 768w\" sizes=\"auto, (max-width: 930px) 100vw, 930px\" \/><\/figure>\n\n\n\n<p><strong>Una legge di cui alcune persone hanno bisogno<\/strong> perch\u00e9 nel nostro Paese sono ancora tanti gli atti di violenza nei confronti delle donne, delle persone omosessuali e transessuali. Ragazze e ragazzi picchiati per strada perch\u00e9 si tenevano per mano, donne molestate o uccise, persone transessuali massacrate di botte, giovani insultati per il loro diverso orientamento sessuale. Azioni violente frutto di una cultura in cui la differenza non \u00e8 un valore o una ricchezza ma un motivo per additare nemici e continuare a mantenere o generare verso di loro odio e minacce.<\/p>\n\n\n\n<p><\/p>\n\n\n\n<p><\/p>\n","protected":false},"excerpt":{"rendered":"<p>Ogni volta che in Italia si parla di diritti per gli omosessuali si scatena sempre un putiferio e da subito, coloro che da sempre si oppongono al riconoscimento di questi diritti, si alleano per introdurre informazioni non corrette all\u2019interno del dibattito pubblico. Gi\u00e0 ai tempi della legge sulle Unioni Civili circolavano notizie non corrette, e&#8230;<\/p>\n","protected":false},"author":4,"featured_media":3052,"comment_status":"closed","ping_status":"open","sticky":false,"template":"","format":"standard","meta":{"footnotes":""},"categories":[36,507],"tags":[728,744],"class_list":["post-3051","post","type-post","status-publish","format-standard","has-post-thumbnail","hentry","category-omofobia","category-transfobia","tag-omofobia","tag-transfobia"],"yoast_head":"<!-- This site is optimized with the Yoast SEO plugin v24.5 - https:\/\/yoast.com\/wordpress\/plugins\/seo\/ -->\r\n<title>LA PROPOSTA DI LEGGE CONTRO L&#039;OMOTRANSFOBIA E LA MISOGINIA. - LGBT+diritti RENZO E LUCIO<\/title>\r\n<meta name=\"robots\" content=\"index, follow, max-snippet:-1, max-image-preview:large, max-video-preview:-1\" \/>\r\n<link rel=\"canonical\" href=\"https:\/\/www.renzoelucio.it\/?p=3051\" \/>\r\n<meta property=\"og:locale\" content=\"it_IT\" \/>\r\n<meta property=\"og:type\" content=\"article\" \/>\r\n<meta property=\"og:title\" content=\"LA PROPOSTA DI LEGGE CONTRO L&#039;OMOTRANSFOBIA E LA MISOGINIA. - LGBT+diritti RENZO E LUCIO\" \/>\r\n<meta property=\"og:description\" content=\"Ogni volta che in Italia si parla di diritti per gli omosessuali si scatena sempre un putiferio e da subito, coloro che da sempre si oppongono al riconoscimento di questi diritti, si alleano per introdurre informazioni non corrette all\u2019interno del dibattito pubblico. Gi\u00e0 ai tempi della legge sulle Unioni Civili circolavano notizie non corrette, e...\" \/>\r\n<meta property=\"og:url\" content=\"https:\/\/www.renzoelucio.it\/?p=3051\" \/>\r\n<meta property=\"og:site_name\" content=\"LGBT+diritti RENZO E LUCIO\" \/>\r\n<meta property=\"article:published_time\" content=\"2020-07-19T17:08:01+00:00\" \/>\r\n<meta property=\"article:modified_time\" content=\"2020-07-19T17:08:04+00:00\" \/>\r\n<meta property=\"og:image\" content=\"https:\/\/www.renzoelucio.it\/public\/wordpress\/renzoelucio\/wp-content\/uploads\/2020\/07\/da-voce-al-rispetto.png\" \/>\r\n\t<meta property=\"og:image:width\" content=\"225\" \/>\r\n\t<meta property=\"og:image:height\" content=\"225\" \/>\r\n\t<meta property=\"og:image:type\" content=\"image\/png\" \/>\r\n<meta name=\"author\" content=\"Renzo e Lucio\" \/>\r\n<meta name=\"twitter:card\" content=\"summary_large_image\" \/>\r\n<meta name=\"twitter:label1\" content=\"Scritto da\" \/>\n\t<meta name=\"twitter:data1\" content=\"Renzo e Lucio\" \/>\n\t<meta name=\"twitter:label2\" content=\"Tempo di lettura stimato\" \/>\n\t<meta name=\"twitter:data2\" content=\"4 minuti\" \/>\r\n<script type=\"application\/ld+json\" class=\"yoast-schema-graph\">{\"@context\":\"https:\/\/schema.org\",\"@graph\":[{\"@type\":\"WebPage\",\"@id\":\"https:\/\/www.renzoelucio.it\/?p=3051\",\"url\":\"https:\/\/www.renzoelucio.it\/?p=3051\",\"name\":\"LA PROPOSTA DI LEGGE CONTRO L'OMOTRANSFOBIA E LA MISOGINIA. - LGBT+diritti RENZO E LUCIO\",\"isPartOf\":{\"@id\":\"https:\/\/www.renzoelucio.it\/#website\"},\"primaryImageOfPage\":{\"@id\":\"https:\/\/www.renzoelucio.it\/?p=3051#primaryimage\"},\"image\":{\"@id\":\"https:\/\/www.renzoelucio.it\/?p=3051#primaryimage\"},\"thumbnailUrl\":\"https:\/\/www.renzoelucio.it\/public\/wordpress\/renzoelucio\/wp-content\/uploads\/2020\/07\/da-voce-al-rispetto.png\",\"datePublished\":\"2020-07-19T17:08:01+00:00\",\"dateModified\":\"2020-07-19T17:08:04+00:00\",\"author\":{\"@id\":\"https:\/\/www.renzoelucio.it\/#\/schema\/person\/50e8eadc8f57dce531456b1324d80c00\"},\"breadcrumb\":{\"@id\":\"https:\/\/www.renzoelucio.it\/?p=3051#breadcrumb\"},\"inLanguage\":\"it-IT\",\"potentialAction\":[{\"@type\":\"ReadAction\",\"target\":[\"https:\/\/www.renzoelucio.it\/?p=3051\"]}]},{\"@type\":\"ImageObject\",\"inLanguage\":\"it-IT\",\"@id\":\"https:\/\/www.renzoelucio.it\/?p=3051#primaryimage\",\"url\":\"https:\/\/www.renzoelucio.it\/public\/wordpress\/renzoelucio\/wp-content\/uploads\/2020\/07\/da-voce-al-rispetto.png\",\"contentUrl\":\"https:\/\/www.renzoelucio.it\/public\/wordpress\/renzoelucio\/wp-content\/uploads\/2020\/07\/da-voce-al-rispetto.png\",\"width\":225,\"height\":225},{\"@type\":\"BreadcrumbList\",\"@id\":\"https:\/\/www.renzoelucio.it\/?p=3051#breadcrumb\",\"itemListElement\":[{\"@type\":\"ListItem\",\"position\":1,\"name\":\"Home\",\"item\":\"https:\/\/www.renzoelucio.it\/\"},{\"@type\":\"ListItem\",\"position\":2,\"name\":\"LA PROPOSTA DI LEGGE CONTRO L&#8217;OMOTRANSFOBIA E LA MISOGINIA.\"}]},{\"@type\":\"WebSite\",\"@id\":\"https:\/\/www.renzoelucio.it\/#website\",\"url\":\"https:\/\/www.renzoelucio.it\/\",\"name\":\"LGBT+diritti RENZO E LUCIO\",\"description\":\"\",\"potentialAction\":[{\"@type\":\"SearchAction\",\"target\":{\"@type\":\"EntryPoint\",\"urlTemplate\":\"https:\/\/www.renzoelucio.it\/?s={search_term_string}\"},\"query-input\":{\"@type\":\"PropertyValueSpecification\",\"valueRequired\":true,\"valueName\":\"search_term_string\"}}],\"inLanguage\":\"it-IT\"},{\"@type\":\"Person\",\"@id\":\"https:\/\/www.renzoelucio.it\/#\/schema\/person\/50e8eadc8f57dce531456b1324d80c00\",\"name\":\"Renzo e Lucio\",\"image\":{\"@type\":\"ImageObject\",\"inLanguage\":\"it-IT\",\"@id\":\"https:\/\/www.renzoelucio.it\/#\/schema\/person\/image\/\",\"url\":\"https:\/\/secure.gravatar.com\/avatar\/51ec206b4e24cb43343f5a170b1b6bc8d776af15b4fda2519702bef74418f793?s=96&d=mm&r=g\",\"contentUrl\":\"https:\/\/secure.gravatar.com\/avatar\/51ec206b4e24cb43343f5a170b1b6bc8d776af15b4fda2519702bef74418f793?s=96&d=mm&r=g\",\"caption\":\"Renzo e Lucio\"},\"url\":\"https:\/\/www.renzoelucio.it\/?author=4\"}]}<\/script>\r\n<!-- \/ Yoast SEO plugin. -->","yoast_head_json":{"title":"LA PROPOSTA DI LEGGE CONTRO L'OMOTRANSFOBIA E LA MISOGINIA. - LGBT+diritti RENZO E LUCIO","robots":{"index":"index","follow":"follow","max-snippet":"max-snippet:-1","max-image-preview":"max-image-preview:large","max-video-preview":"max-video-preview:-1"},"canonical":"https:\/\/www.renzoelucio.it\/?p=3051","og_locale":"it_IT","og_type":"article","og_title":"LA PROPOSTA DI LEGGE CONTRO L'OMOTRANSFOBIA E LA MISOGINIA. - LGBT+diritti RENZO E LUCIO","og_description":"Ogni volta che in Italia si parla di diritti per gli omosessuali si scatena sempre un putiferio e da subito, coloro che da sempre si oppongono al riconoscimento di questi diritti, si alleano per introdurre informazioni non corrette all\u2019interno del dibattito pubblico. Gi\u00e0 ai tempi della legge sulle Unioni Civili circolavano notizie non corrette, e...","og_url":"https:\/\/www.renzoelucio.it\/?p=3051","og_site_name":"LGBT+diritti RENZO E LUCIO","article_published_time":"2020-07-19T17:08:01+00:00","article_modified_time":"2020-07-19T17:08:04+00:00","og_image":[{"width":225,"height":225,"url":"https:\/\/www.renzoelucio.it\/public\/wordpress\/renzoelucio\/wp-content\/uploads\/2020\/07\/da-voce-al-rispetto.png","type":"image\/png"}],"author":"Renzo e Lucio","twitter_card":"summary_large_image","twitter_misc":{"Scritto da":"Renzo e Lucio","Tempo di lettura stimato":"4 minuti"},"schema":{"@context":"https:\/\/schema.org","@graph":[{"@type":"WebPage","@id":"https:\/\/www.renzoelucio.it\/?p=3051","url":"https:\/\/www.renzoelucio.it\/?p=3051","name":"LA PROPOSTA DI LEGGE CONTRO L'OMOTRANSFOBIA E LA MISOGINIA. - LGBT+diritti RENZO E LUCIO","isPartOf":{"@id":"https:\/\/www.renzoelucio.it\/#website"},"primaryImageOfPage":{"@id":"https:\/\/www.renzoelucio.it\/?p=3051#primaryimage"},"image":{"@id":"https:\/\/www.renzoelucio.it\/?p=3051#primaryimage"},"thumbnailUrl":"https:\/\/www.renzoelucio.it\/public\/wordpress\/renzoelucio\/wp-content\/uploads\/2020\/07\/da-voce-al-rispetto.png","datePublished":"2020-07-19T17:08:01+00:00","dateModified":"2020-07-19T17:08:04+00:00","author":{"@id":"https:\/\/www.renzoelucio.it\/#\/schema\/person\/50e8eadc8f57dce531456b1324d80c00"},"breadcrumb":{"@id":"https:\/\/www.renzoelucio.it\/?p=3051#breadcrumb"},"inLanguage":"it-IT","potentialAction":[{"@type":"ReadAction","target":["https:\/\/www.renzoelucio.it\/?p=3051"]}]},{"@type":"ImageObject","inLanguage":"it-IT","@id":"https:\/\/www.renzoelucio.it\/?p=3051#primaryimage","url":"https:\/\/www.renzoelucio.it\/public\/wordpress\/renzoelucio\/wp-content\/uploads\/2020\/07\/da-voce-al-rispetto.png","contentUrl":"https:\/\/www.renzoelucio.it\/public\/wordpress\/renzoelucio\/wp-content\/uploads\/2020\/07\/da-voce-al-rispetto.png","width":225,"height":225},{"@type":"BreadcrumbList","@id":"https:\/\/www.renzoelucio.it\/?p=3051#breadcrumb","itemListElement":[{"@type":"ListItem","position":1,"name":"Home","item":"https:\/\/www.renzoelucio.it\/"},{"@type":"ListItem","position":2,"name":"LA PROPOSTA DI LEGGE CONTRO L&#8217;OMOTRANSFOBIA E LA MISOGINIA."}]},{"@type":"WebSite","@id":"https:\/\/www.renzoelucio.it\/#website","url":"https:\/\/www.renzoelucio.it\/","name":"LGBT+diritti RENZO E LUCIO","description":"","potentialAction":[{"@type":"SearchAction","target":{"@type":"EntryPoint","urlTemplate":"https:\/\/www.renzoelucio.it\/?s={search_term_string}"},"query-input":{"@type":"PropertyValueSpecification","valueRequired":true,"valueName":"search_term_string"}}],"inLanguage":"it-IT"},{"@type":"Person","@id":"https:\/\/www.renzoelucio.it\/#\/schema\/person\/50e8eadc8f57dce531456b1324d80c00","name":"Renzo e Lucio","image":{"@type":"ImageObject","inLanguage":"it-IT","@id":"https:\/\/www.renzoelucio.it\/#\/schema\/person\/image\/","url":"https:\/\/secure.gravatar.com\/avatar\/51ec206b4e24cb43343f5a170b1b6bc8d776af15b4fda2519702bef74418f793?s=96&d=mm&r=g","contentUrl":"https:\/\/secure.gravatar.com\/avatar\/51ec206b4e24cb43343f5a170b1b6bc8d776af15b4fda2519702bef74418f793?s=96&d=mm&r=g","caption":"Renzo e Lucio"},"url":"https:\/\/www.renzoelucio.it\/?author=4"}]}},"_links":{"self":[{"href":"https:\/\/www.renzoelucio.it\/index.php?rest_route=\/wp\/v2\/posts\/3051","targetHints":{"allow":["GET"]}}],"collection":[{"href":"https:\/\/www.renzoelucio.it\/index.php?rest_route=\/wp\/v2\/posts"}],"about":[{"href":"https:\/\/www.renzoelucio.it\/index.php?rest_route=\/wp\/v2\/types\/post"}],"author":[{"embeddable":true,"href":"https:\/\/www.renzoelucio.it\/index.php?rest_route=\/wp\/v2\/users\/4"}],"replies":[{"embeddable":true,"href":"https:\/\/www.renzoelucio.it\/index.php?rest_route=%2Fwp%2Fv2%2Fcomments&post=3051"}],"version-history":[{"count":1,"href":"https:\/\/www.renzoelucio.it\/index.php?rest_route=\/wp\/v2\/posts\/3051\/revisions"}],"predecessor-version":[{"id":3053,"href":"https:\/\/www.renzoelucio.it\/index.php?rest_route=\/wp\/v2\/posts\/3051\/revisions\/3053"}],"wp:featuredmedia":[{"embeddable":true,"href":"https:\/\/www.renzoelucio.it\/index.php?rest_route=\/wp\/v2\/media\/3052"}],"wp:attachment":[{"href":"https:\/\/www.renzoelucio.it\/index.php?rest_route=%2Fwp%2Fv2%2Fmedia&parent=3051"}],"wp:term":[{"taxonomy":"category","embeddable":true,"href":"https:\/\/www.renzoelucio.it\/index.php?rest_route=%2Fwp%2Fv2%2Fcategories&post=3051"},{"taxonomy":"post_tag","embeddable":true,"href":"https:\/\/www.renzoelucio.it\/index.php?rest_route=%2Fwp%2Fv2%2Ftags&post=3051"}],"curies":[{"name":"wp","href":"https:\/\/api.w.org\/{rel}","templated":true}]}}