{"id":3059,"date":"2020-07-19T20:06:21","date_gmt":"2020-07-19T18:06:21","guid":{"rendered":"https:\/\/www.renzoelucio.it\/?p=3059"},"modified":"2023-08-30T23:32:01","modified_gmt":"2023-08-30T21:32:01","slug":"il-testo-della-proposta-di-legge-contro-lomotranfobia-e-la-misoginia-zan-boldrini","status":"publish","type":"post","link":"https:\/\/www.renzoelucio.it\/?p=3059","title":{"rendered":"Il testo della proposta di legge contro l&#8217;omotranfobia e la misoginia (Zan -Boldrini)"},"content":{"rendered":"\r\n<p><strong>Art. 1<\/strong><\/p>\r\n\r\n\r\n\r\n<p><strong>(<em>Modifiche all\u2019articolo 604-bis del codice penale<\/em>)<\/strong><\/p>\r\n\r\n\r\n\r\n<ol class=\"wp-block-list\" type=\"1\">\r\n<li>All\u2019articolo 604-<em>bis<\/em>\u00a0del codice penale sono apportate le seguenti modificazioni:<\/li>\r\n<\/ol>\r\n\r\n\r\n\r\n<ol class=\"wp-block-list\" type=\"1\">\r\n<li>a) alle lettere a) e b) del primo comma sono aggiunte, in fine, le seguenti parole: \u00aboppure fondati sul sesso, sul genere, sull\u2019orientamento sessuale o sull\u2019identit\u00e0 di genere\u00bb;<\/li>\r\n<\/ol>\r\n\r\n\r\n\r\n<ol class=\"wp-block-list\" type=\"1\">\r\n<li>b) al primo periodo del secondo comma sono aggiunte, in fine, le seguenti parole: \u00aboppure fondati sul sesso, sul genere, sull\u2019orientamento sessuale o sull\u2019identit\u00e0 di genere\u00bb;<\/li>\r\n<\/ol>\r\n\r\n\r\n\r\n<ol class=\"wp-block-list\" type=\"1\">\r\n<li>c) la rubrica \u00e8 sostituita dalla seguente: \u00abPropaganda di idee fondate sulla superiorit\u00e0 o sull\u2019odio razziale o etnico, istigazione a delinquere e atti discriminatori e violenti per motivi razziali, etnici, religiosi o fondati sul sesso, sul genere, sull\u2019orientamento sessuale o sull\u2019identit\u00e0 di genere\u00bb.<\/li>\r\n<\/ol>\r\n\r\n\r\n\r\n<p><strong>Art. 2<\/strong><\/p>\r\n\r\n\r\n\r\n<p><strong>(<em>Modifica all\u2019articolo 604-ter del codice penale<\/em>)<\/strong><\/p>\r\n\r\n\r\n\r\n<ol class=\"wp-block-list\" type=\"1\">\r\n<li>Al primo comma dell\u2019articolo 604-<em>ter<\/em>\u00a0del codice penale, dopo le parole: \u00abo religioso,\u00bb sono inserite le seguenti: \u00aboppure fondati sul sesso, sul genere, sull\u2019orientamento sessuale o sull\u2019identit\u00e0 di genere,\u00bb.<\/li>\r\n<\/ol>\r\n\r\n\r\n\r\n<p><strong>Art. 3<\/strong><\/p>\r\n\r\n\r\n\r\n<p><strong>(<em>Modifiche al decreto-legge 26 aprile 1993, n. 122<\/em>)<\/strong><\/p>\r\n\r\n\r\n\r\n<ol class=\"wp-block-list\" type=\"1\">\r\n<li>Al decreto-legge 26 aprile 1993, n. 122, convertito, con modificazioni, dalla legge 25 giugno 1993, n. 205, sono apportate le seguenti modificazioni:<\/li>\r\n<li>a) al titolo, le parole: \u00abe religiosa\u00bb sono sostituite dalle seguenti: \u00ab, religiosa o fondata sul sesso, sul genere, sull\u2019orientamento sessuale e sull\u2019identit\u00e0 di genere\u00bb;<\/li>\r\n<li>b) all\u2019articolo 1, sono apportate le seguenti modifiche:<\/li>\r\n<\/ol>\r\n\r\n\r\n\r\n<p>1) al comma 1-<em>bis<\/em>, le parole \u00abreati previsti dall\u2019art. 3 della legge 13 ottobre 1975, n. 654, o per uno dei reati previsti dalla legge 9 ottobre 1967, n. 962\u00bb sono sostituite dalle seguenti: \u00abper uno dei delitti di cui all\u2019articolo 604-<em>bis<\/em>, ovvero per un delitto aggravato dalla circostanza di cui all\u2019articolo 604-<em>ter<\/em>\u00a0del codice penale, nonch\u00e9 per il delitto previsto all\u2019articolo 7 comma 2 della legge 9 ottobre 1967, n. 962 e per quelli indicati dall\u2019articolo 2\u00bb;<\/p>\r\n\r\n\r\n\r\n<p>2) il comma 1-<em>ter<\/em>\u00a0\u00e8 sostituito dal seguente: \u00abNel caso di condanna per uno dei delitti di cui al comma 1-<em>bis<\/em>, la sospensione condizionale della pena pu\u00f2 essere subordinata, se il condannato non si oppone, alla prestazione di un\u2019attivit\u00e0 non retribuita in favore della collettivit\u00e0 secondo quanto previsto dai commi successivi. Per i medesimi delitti nei casi di richiesta dell\u2019imputato di sospensione del procedimento con messa alla prova, per lavoro di pubblica utilit\u00e0 si intende quanto previsto dai commi successivi\u00bb.<\/p>\r\n\r\n\r\n\r\n<p>3) al comma 1-<em>quater<\/em>, le parole \u00ab, da svolgersi al termine dell\u2019espiazione della pena detentiva per un periodo massimo di dodici settimane, deve essere\u00bb sono sostituite dalla parola \u00ab\u00e8\u00bb e dopo la parola \u00abgiudice\u00bb sono inserite le seguenti \u00ab, tenuto conto delle ragioni che hanno determinato la condotta,\u00bb;<\/p>\r\n\r\n\r\n\r\n<p>4) al comma 1-<em>quinquies<\/em>, le parole \u00abo degli extracomunitari\u00bb sono sostituite dalle seguenti: \u00ab, degli stranieri o in favore delle associazioni di tutela delle vittime dei reati di cui all\u2019articolo 604-<em>bis<\/em>\u00a0del codice penale\u00bb;<\/p>\r\n\r\n\r\n\r\n<p>5)\u00a0 alla rubrica, dopo la parola \u00abreligiosi\u00bb sono inserite le seguenti: \u00abo fondati sul sesso, sul genere, sull\u2019orientamento sessuale o sull\u2019identit\u00e0 di genere\u00bb.<\/p>\r\n\r\n\r\n\r\n<ul class=\"wp-block-list\">\r\n<li>Entro trenta giorni dalla data di entrata in vigore della presente legge, con regolamento adottato con decreto del Ministro della giustizia sono determinate le modalit\u00e0 di svolgimento dell\u2019attivit\u00e0 non retribuita in favore della collettivit\u00e0, di cui all\u2019articolo 1 del decreto legge 26 aprile 1993, n. 122, convertito, con modificazioni, dalla legge 25 giugno 1993, n. 205, come modificato dal comma 1 del presente articolo.<\/li>\r\n<\/ul>\r\n\r\n\r\n\r\n<p><strong>Art. 4<\/strong><\/p>\r\n\r\n\r\n\r\n<p><strong>(<em>Modifica all\u2019articolo 90-quater del codice di procedura penale<\/em>)<\/strong><\/p>\r\n\r\n\r\n\r\n<ol class=\"wp-block-list\" type=\"1\">\r\n<li>Al comma 1 dell\u2019articolo 90-<em>quater<\/em>\u00a0del codice di procedura penale, dopo le parole: \u00abodio razziale\u00bb sono inserite le seguenti: \u00abo fondato sul sesso, sul genere, sull\u2019orientamento sessuale o sull\u2019identit\u00e0 di genere\u00bb.<\/li>\r\n<\/ol>\r\n\r\n\r\n\r\n<p><strong>Art. 5<\/strong><\/p>\r\n\r\n\r\n\r\n<p><strong>(<em>Istituzione della giornata nazionale contro l\u2019omofobia, la lesbofobia, la bifobia e la transfobia<\/em>)<\/strong><\/p>\r\n\r\n\r\n\r\n<ol class=\"wp-block-list\" type=\"1\">\r\n<li>La Repubblica italiana riconosce il giorno 17 maggio quale \u00abGiornata nazionale contro l\u2019omofobia, la lesbofobia, la bifobia e la transfobia\u00bb, al fine di promuovere la cultura del rispetto e dell\u2019inclusione nonch\u00e9 di contrastare i pregiudizi, le discriminazioni e le violenze motivati dall\u2019orientamento sessuale e dall\u2019identit\u00e0 di genere, in attuazione dei princ\u00ecpi di uguaglianza e di pari dignit\u00e0 sociale sanciti dalla Costituzione.<\/li>\r\n<li>La Giornata di cui al comma 1 non determina riduzioni dell\u2019orario di lavoro degli uffici pubblici n\u00e9, qualora cada in un giorno feriale, costituisce giorno di vacanza o comporta la riduzione di orario per le scuole di ogni ordine e grado, ai sensi degli articoli 2 e 3 della legge 5 marzo 1977, n. 54.<\/li>\r\n<li>In occasione della \u00abGiornata nazionale contro l\u2019omofobia, la lesbofobia, la bifobia e la transfobia\u00bb, sono organizzate cerimonie, incontri e ogni altra iniziativa utile, anche da parte delle amministrazioni pubbliche, in modo particolare nelle scuole di ogni ordine e grado, per la realizzazione delle finalit\u00e0 di cui al comma 1.<\/li>\r\n<li>Dall\u2019attuazione del presente articolo non derivano nuovi o maggiori oneri per il bilancio dello Stato.<\/li>\r\n<\/ol>\r\n\r\n\r\n\r\n<p><strong>Art. 6<\/strong><\/p>\r\n\r\n\r\n\r\n<p><strong>(<em>Modifiche al decreto legislativo 9 luglio 2003, n. 215, in materia di prevenzione e contrasto delle discriminazioni per motivi legati all\u2019orientamento sessuale e all\u2019identit\u00e0 di genere<\/em>)<\/strong><\/p>\r\n\r\n\r\n\r\n<ol class=\"wp-block-list\" type=\"1\">\r\n<li>All\u2019articolo 7 del decreto legislativo 9 luglio 2003, n. 215 dopo il comma 2 \u00e8 inserito il seguente:<\/li>\r\n<\/ol>\r\n\r\n\r\n\r\n<p>\u201c2-bis. Nell\u2019ambito delle competenze di cui al comma 2, l\u2019ufficio elabora con cadenza triennale una strategia nazionale per la prevenzione e il contrasto delle discriminazioni per motivi legati all\u2019orientamento sessuale e all\u2019identit\u00e0 di genere. La strategia reca la definizione degli obiettivi e l\u2019individuazione di misure relative all\u2019educazione e istruzione, al lavoro, alla sicurezza, anche con riferimento alla situazione carceraria, alla comunicazione e ai media. La strategia \u00e8 elaborata nel quadro di una consultazione permanente delle amministrazioni locali, delle organizzazioni di categoria e delle associazioni impegnate nel contrasto delle discriminazioni fondate sull\u2019orientamento sessuale e sull\u2019identit\u00e0 di genere e individua specifici interventi volti a prevenire e contrastare l\u2019insorgere di fenomeni di violenza e discriminazione fondati sull\u2019orientamento sessuale e sull\u2019identit\u00e0 di genere.<\/p>\r\n\r\n\r\n\r\n<p><strong>Art. 7<\/strong><\/p>\r\n\r\n\r\n\r\n<p><strong>(<em>Misure per la prevenzione e il contrasto della violenza per motivi legati all\u2019orientamento sessuale e all\u2019identit\u00e0 di genere e per il sostegno alle vittime<\/em>)<\/strong><\/p>\r\n\r\n\r\n\r\n<ol class=\"wp-block-list\" type=\"1\">\r\n<li>Il Fondo per le politiche relative ai diritti e alle pari opportunit\u00e0, di cui all\u2019articolo 19, comma 3, del decreto-legge 4 luglio 2006, n. 223, convertito, con modificazioni, dalla legge 4 agosto 2006, n. 248, \u00e8 incrementato di 4 milioni di euro annui a decorrere dall\u2019anno 2020, al fine di finanziare politiche per la prevenzione e il contrasto della violenza per motivi legati all\u2019orientamento sessuale e all\u2019identit\u00e0 di genere e per il sostegno delle vittime.<\/li>\r\n<li>Nei limiti delle risorse di cui al comma 1, \u00e8 istituito un programma per la realizzazione in tutto il territorio nazionale di centri contro le discriminazioni motivate da orientamento sessuale e identit\u00e0 di genere. I centri garantiscono adeguata assistenza legale, sanitaria, psicologica, di mediazione sociale e ove necessario adeguate condizioni di alloggio e di vitto alle vittime dei reati previsti dagli articoli 604-<em>bis<\/em>\u00a0del codice penale, commessi per motivi fondati sull\u2019orientamento sessuale o sull\u2019identit\u00e0 di genere della vittima ovvero di un reato aggravato, per le medesime ragioni, dalla circostanza di cui all\u2019articolo 604-<em>ter<\/em>\u00a0del codice penale, nonch\u00e9 per soggetti che si trovino in condizione di vulnerabilit\u00e0 legata all\u2019orientamento sessuale o all\u2019identit\u00e0 di genere in ragione del contesto sociale e familiare di riferimento.<\/li>\r\n<li>I centri di cui al comma 2 svolgono la loro attivit\u00e0 garantendo l\u2019anonimato delle vittime e possono essere gestiti dagli enti locali, in forma singola o associata, nonch\u00e9 da associazioni operanti nel settore del sostegno e dell\u2019aiuto ai soggetti di cui al medesimo comma. I centri operano in maniera integrata, anche con la rete dei servizi socio-sanitari e assistenzialiterritoriali, tenendo conto delle necessit\u00e0 fondamentali per la protezione dei soggetti di cui al comma 2, ivi compresa l\u2019assistenza legale, sanitaria, psicologica e di mediazione sociale dei medesimi.<\/li>\r\n<li>Il programma di cui al comma 2 \u00e8 definito con regolamento da adottare ai sensi dell\u2019articolo 17, comma 1, della legge 23 agosto 1988, n. 400, su proposta del Ministro per le pari opportunit\u00e0. Il regolamento individua i requisiti organizzativi dei centri di cui al comma 2, le tipologie degli stessi, le categorie professionali che vi possono operare e le modalit\u00e0 di erogazione dei servizi assistenziali e assicura, in sede di elaborazione del programma, opportune forme di consultazione delle associazioni di cui al comma 3.<\/li>\r\n<\/ol>\r\n\r\n\r\n\r\n<p><strong>Art. 8<\/strong><\/p>\r\n\r\n\r\n\r\n<p><strong>(<em>Statistiche sulle discriminazioni e sulla violenza<\/em>)<\/strong><\/p>\r\n\r\n\r\n\r\n<ol class=\"wp-block-list\" type=\"1\">\r\n<li>Ai fini della verifica dell\u2019applicazione della presente legge e della progettazione e della realizzazione di politiche di contrasto alla discriminazione e alla violenza per motivi razziali, etnici, nazionali o religiosi, oppure fondati sull\u2019orientamento sessuale o sull\u2019identit\u00e0 di genere e del monitoraggio delle politiche di prevenzione, l\u2019Istituto nazionale di statistica, nell\u2019ambito delle proprie risorse e competenze istituzionali, assicura lo svolgimento, con cadenza almeno triennale, di una rilevazione statistica sugli atteggiamenti della popolazione. La rilevazione dovr\u00e0 misurare anche le discriminazioni e la violenza subite e le caratteristiche dei soggetti pi\u00f9 esposti al rischio, secondo i quesiti contenuti nell\u2019Indagine sulle discriminazioni condotta dall\u2019Istituto nazionale di Statistica a partire dal 2011.<\/li>\r\n<\/ol>\r\n\r\n\r\n\r\n<p><strong>Art. 9<\/strong><\/p>\r\n\r\n\r\n\r\n<p><strong>(<em>Copertura finanziaria<\/em>)<\/strong><\/p>\r\n\r\n\r\n\r\n<p>Agli oneri derivanti dall\u2019attuazione dell\u2019articolo 8, comma 1, pari a 4 milioni di euro annui a decorrere dall\u2019anno 2020, si provvede mediante corrispondente riduzione del Fondo di cui all\u2019articolo 1, comma 200, della legge 23 dicembre 2014, n. 190.<\/p>\r\n","protected":false},"excerpt":{"rendered":"<p>Art. 1 (Modifiche all\u2019articolo 604-bis del codice penale) All\u2019articolo 604-bis\u00a0del codice penale sono apportate le seguenti modificazioni: a) alle lettere a) e b) del primo comma sono aggiunte, in fine, le seguenti parole: \u00aboppure fondati sul sesso, sul genere, sull\u2019orientamento sessuale o sull\u2019identit\u00e0 di genere\u00bb; b) al primo periodo del secondo comma sono aggiunte, in&#8230;<\/p>\n","protected":false},"author":4,"featured_media":3060,"comment_status":"closed","ping_status":"open","sticky":false,"template":"","format":"standard","meta":{"footnotes":""},"categories":[36,507],"tags":[825],"class_list":["post-3059","post","type-post","status-publish","format-standard","has-post-thumbnail","hentry","category-omofobia","category-transfobia","tag-omofobia-transfobia"],"yoast_head":"<!-- This site is optimized with the Yoast SEO plugin v24.5 - https:\/\/yoast.com\/wordpress\/plugins\/seo\/ -->\r\n<title>Il testo della proposta di legge contro l&#039;omotranfobia e la misoginia (Zan -Boldrini) - LGBT+diritti RENZO E LUCIO<\/title>\r\n<meta name=\"description\" content=\"QUI POTETE TROVARE IL TESTO DELLA PROPOSTA DI LEGGE A FIRMA ALESSANDRO ZAN E BOLDRINI PRESENTATO AL SENATO\" \/>\r\n<meta name=\"robots\" content=\"index, follow, max-snippet:-1, max-image-preview:large, max-video-preview:-1\" \/>\r\n<link rel=\"canonical\" href=\"https:\/\/www.renzoelucio.it\/?p=3059\" \/>\r\n<meta property=\"og:locale\" content=\"it_IT\" \/>\r\n<meta property=\"og:type\" content=\"article\" \/>\r\n<meta property=\"og:title\" content=\"Il testo della proposta di legge contro l&#039;omotranfobia e la misoginia (Zan -Boldrini) - LGBT+diritti RENZO E LUCIO\" \/>\r\n<meta property=\"og:description\" content=\"QUI POTETE TROVARE IL TESTO DELLA PROPOSTA DI LEGGE A FIRMA ALESSANDRO ZAN E BOLDRINI PRESENTATO AL SENATO\" \/>\r\n<meta property=\"og:url\" content=\"https:\/\/www.renzoelucio.it\/?p=3059\" \/>\r\n<meta property=\"og:site_name\" content=\"LGBT+diritti RENZO E LUCIO\" \/>\r\n<meta property=\"article:published_time\" content=\"2020-07-19T18:06:21+00:00\" \/>\r\n<meta property=\"article:modified_time\" content=\"2023-08-30T21:32:01+00:00\" \/>\r\n<meta property=\"og:image\" content=\"https:\/\/www.renzoelucio.it\/public\/wordpress\/renzoelucio\/wp-content\/uploads\/2020\/07\/ora-usa.jpg\" \/>\r\n\t<meta property=\"og:image:width\" content=\"512\" \/>\r\n\t<meta property=\"og:image:height\" content=\"188\" \/>\r\n\t<meta property=\"og:image:type\" content=\"image\/jpeg\" \/>\r\n<meta name=\"author\" content=\"Renzo e Lucio\" \/>\r\n<meta name=\"twitter:card\" content=\"summary_large_image\" \/>\r\n<meta name=\"twitter:label1\" content=\"Scritto da\" \/>\n\t<meta name=\"twitter:data1\" content=\"Renzo e Lucio\" \/>\n\t<meta name=\"twitter:label2\" content=\"Tempo di lettura stimato\" \/>\n\t<meta name=\"twitter:data2\" content=\"9 minuti\" \/>\r\n<script type=\"application\/ld+json\" class=\"yoast-schema-graph\">{\"@context\":\"https:\/\/schema.org\",\"@graph\":[{\"@type\":\"WebPage\",\"@id\":\"https:\/\/www.renzoelucio.it\/?p=3059\",\"url\":\"https:\/\/www.renzoelucio.it\/?p=3059\",\"name\":\"Il testo della proposta di legge contro l'omotranfobia e la misoginia (Zan -Boldrini) - LGBT+diritti RENZO E LUCIO\",\"isPartOf\":{\"@id\":\"https:\/\/www.renzoelucio.it\/#website\"},\"primaryImageOfPage\":{\"@id\":\"https:\/\/www.renzoelucio.it\/?p=3059#primaryimage\"},\"image\":{\"@id\":\"https:\/\/www.renzoelucio.it\/?p=3059#primaryimage\"},\"thumbnailUrl\":\"https:\/\/www.renzoelucio.it\/public\/wordpress\/renzoelucio\/wp-content\/uploads\/2020\/07\/ora-usa.jpg\",\"datePublished\":\"2020-07-19T18:06:21+00:00\",\"dateModified\":\"2023-08-30T21:32:01+00:00\",\"author\":{\"@id\":\"https:\/\/www.renzoelucio.it\/#\/schema\/person\/50e8eadc8f57dce531456b1324d80c00\"},\"description\":\"QUI POTETE TROVARE IL TESTO DELLA PROPOSTA DI LEGGE A FIRMA ALESSANDRO ZAN E BOLDRINI PRESENTATO AL SENATO\",\"breadcrumb\":{\"@id\":\"https:\/\/www.renzoelucio.it\/?p=3059#breadcrumb\"},\"inLanguage\":\"it-IT\",\"potentialAction\":[{\"@type\":\"ReadAction\",\"target\":[\"https:\/\/www.renzoelucio.it\/?p=3059\"]}]},{\"@type\":\"ImageObject\",\"inLanguage\":\"it-IT\",\"@id\":\"https:\/\/www.renzoelucio.it\/?p=3059#primaryimage\",\"url\":\"https:\/\/www.renzoelucio.it\/public\/wordpress\/renzoelucio\/wp-content\/uploads\/2020\/07\/ora-usa.jpg\",\"contentUrl\":\"https:\/\/www.renzoelucio.it\/public\/wordpress\/renzoelucio\/wp-content\/uploads\/2020\/07\/ora-usa.jpg\",\"width\":512,\"height\":188},{\"@type\":\"BreadcrumbList\",\"@id\":\"https:\/\/www.renzoelucio.it\/?p=3059#breadcrumb\",\"itemListElement\":[{\"@type\":\"ListItem\",\"position\":1,\"name\":\"Home\",\"item\":\"https:\/\/www.renzoelucio.it\/\"},{\"@type\":\"ListItem\",\"position\":2,\"name\":\"Il testo della proposta di legge contro l&#8217;omotranfobia e la misoginia (Zan -Boldrini)\"}]},{\"@type\":\"WebSite\",\"@id\":\"https:\/\/www.renzoelucio.it\/#website\",\"url\":\"https:\/\/www.renzoelucio.it\/\",\"name\":\"LGBT+diritti RENZO E LUCIO\",\"description\":\"\",\"potentialAction\":[{\"@type\":\"SearchAction\",\"target\":{\"@type\":\"EntryPoint\",\"urlTemplate\":\"https:\/\/www.renzoelucio.it\/?s={search_term_string}\"},\"query-input\":{\"@type\":\"PropertyValueSpecification\",\"valueRequired\":true,\"valueName\":\"search_term_string\"}}],\"inLanguage\":\"it-IT\"},{\"@type\":\"Person\",\"@id\":\"https:\/\/www.renzoelucio.it\/#\/schema\/person\/50e8eadc8f57dce531456b1324d80c00\",\"name\":\"Renzo e Lucio\",\"image\":{\"@type\":\"ImageObject\",\"inLanguage\":\"it-IT\",\"@id\":\"https:\/\/www.renzoelucio.it\/#\/schema\/person\/image\/\",\"url\":\"https:\/\/secure.gravatar.com\/avatar\/51ec206b4e24cb43343f5a170b1b6bc8d776af15b4fda2519702bef74418f793?s=96&d=mm&r=g\",\"contentUrl\":\"https:\/\/secure.gravatar.com\/avatar\/51ec206b4e24cb43343f5a170b1b6bc8d776af15b4fda2519702bef74418f793?s=96&d=mm&r=g\",\"caption\":\"Renzo e Lucio\"},\"url\":\"https:\/\/www.renzoelucio.it\/?author=4\"}]}<\/script>\r\n<!-- \/ Yoast SEO plugin. -->","yoast_head_json":{"title":"Il testo della proposta di legge contro l'omotranfobia e la misoginia (Zan -Boldrini) - LGBT+diritti RENZO E LUCIO","description":"QUI POTETE TROVARE IL TESTO DELLA PROPOSTA DI LEGGE A FIRMA ALESSANDRO ZAN E BOLDRINI PRESENTATO AL SENATO","robots":{"index":"index","follow":"follow","max-snippet":"max-snippet:-1","max-image-preview":"max-image-preview:large","max-video-preview":"max-video-preview:-1"},"canonical":"https:\/\/www.renzoelucio.it\/?p=3059","og_locale":"it_IT","og_type":"article","og_title":"Il testo della proposta di legge contro l'omotranfobia e la misoginia (Zan -Boldrini) - LGBT+diritti RENZO E LUCIO","og_description":"QUI POTETE TROVARE IL TESTO DELLA PROPOSTA DI LEGGE A FIRMA ALESSANDRO ZAN E BOLDRINI PRESENTATO AL SENATO","og_url":"https:\/\/www.renzoelucio.it\/?p=3059","og_site_name":"LGBT+diritti RENZO E LUCIO","article_published_time":"2020-07-19T18:06:21+00:00","article_modified_time":"2023-08-30T21:32:01+00:00","og_image":[{"width":512,"height":188,"url":"https:\/\/www.renzoelucio.it\/public\/wordpress\/renzoelucio\/wp-content\/uploads\/2020\/07\/ora-usa.jpg","type":"image\/jpeg"}],"author":"Renzo e Lucio","twitter_card":"summary_large_image","twitter_misc":{"Scritto da":"Renzo e Lucio","Tempo di lettura stimato":"9 minuti"},"schema":{"@context":"https:\/\/schema.org","@graph":[{"@type":"WebPage","@id":"https:\/\/www.renzoelucio.it\/?p=3059","url":"https:\/\/www.renzoelucio.it\/?p=3059","name":"Il testo della proposta di legge contro l'omotranfobia e la misoginia (Zan -Boldrini) - LGBT+diritti RENZO E LUCIO","isPartOf":{"@id":"https:\/\/www.renzoelucio.it\/#website"},"primaryImageOfPage":{"@id":"https:\/\/www.renzoelucio.it\/?p=3059#primaryimage"},"image":{"@id":"https:\/\/www.renzoelucio.it\/?p=3059#primaryimage"},"thumbnailUrl":"https:\/\/www.renzoelucio.it\/public\/wordpress\/renzoelucio\/wp-content\/uploads\/2020\/07\/ora-usa.jpg","datePublished":"2020-07-19T18:06:21+00:00","dateModified":"2023-08-30T21:32:01+00:00","author":{"@id":"https:\/\/www.renzoelucio.it\/#\/schema\/person\/50e8eadc8f57dce531456b1324d80c00"},"description":"QUI POTETE TROVARE IL TESTO DELLA PROPOSTA DI LEGGE A FIRMA ALESSANDRO ZAN E BOLDRINI PRESENTATO AL SENATO","breadcrumb":{"@id":"https:\/\/www.renzoelucio.it\/?p=3059#breadcrumb"},"inLanguage":"it-IT","potentialAction":[{"@type":"ReadAction","target":["https:\/\/www.renzoelucio.it\/?p=3059"]}]},{"@type":"ImageObject","inLanguage":"it-IT","@id":"https:\/\/www.renzoelucio.it\/?p=3059#primaryimage","url":"https:\/\/www.renzoelucio.it\/public\/wordpress\/renzoelucio\/wp-content\/uploads\/2020\/07\/ora-usa.jpg","contentUrl":"https:\/\/www.renzoelucio.it\/public\/wordpress\/renzoelucio\/wp-content\/uploads\/2020\/07\/ora-usa.jpg","width":512,"height":188},{"@type":"BreadcrumbList","@id":"https:\/\/www.renzoelucio.it\/?p=3059#breadcrumb","itemListElement":[{"@type":"ListItem","position":1,"name":"Home","item":"https:\/\/www.renzoelucio.it\/"},{"@type":"ListItem","position":2,"name":"Il testo della proposta di legge contro l&#8217;omotranfobia e la misoginia (Zan -Boldrini)"}]},{"@type":"WebSite","@id":"https:\/\/www.renzoelucio.it\/#website","url":"https:\/\/www.renzoelucio.it\/","name":"LGBT+diritti RENZO E LUCIO","description":"","potentialAction":[{"@type":"SearchAction","target":{"@type":"EntryPoint","urlTemplate":"https:\/\/www.renzoelucio.it\/?s={search_term_string}"},"query-input":{"@type":"PropertyValueSpecification","valueRequired":true,"valueName":"search_term_string"}}],"inLanguage":"it-IT"},{"@type":"Person","@id":"https:\/\/www.renzoelucio.it\/#\/schema\/person\/50e8eadc8f57dce531456b1324d80c00","name":"Renzo e Lucio","image":{"@type":"ImageObject","inLanguage":"it-IT","@id":"https:\/\/www.renzoelucio.it\/#\/schema\/person\/image\/","url":"https:\/\/secure.gravatar.com\/avatar\/51ec206b4e24cb43343f5a170b1b6bc8d776af15b4fda2519702bef74418f793?s=96&d=mm&r=g","contentUrl":"https:\/\/secure.gravatar.com\/avatar\/51ec206b4e24cb43343f5a170b1b6bc8d776af15b4fda2519702bef74418f793?s=96&d=mm&r=g","caption":"Renzo e Lucio"},"url":"https:\/\/www.renzoelucio.it\/?author=4"}]}},"_links":{"self":[{"href":"https:\/\/www.renzoelucio.it\/index.php?rest_route=\/wp\/v2\/posts\/3059","targetHints":{"allow":["GET"]}}],"collection":[{"href":"https:\/\/www.renzoelucio.it\/index.php?rest_route=\/wp\/v2\/posts"}],"about":[{"href":"https:\/\/www.renzoelucio.it\/index.php?rest_route=\/wp\/v2\/types\/post"}],"author":[{"embeddable":true,"href":"https:\/\/www.renzoelucio.it\/index.php?rest_route=\/wp\/v2\/users\/4"}],"replies":[{"embeddable":true,"href":"https:\/\/www.renzoelucio.it\/index.php?rest_route=%2Fwp%2Fv2%2Fcomments&post=3059"}],"version-history":[{"count":2,"href":"https:\/\/www.renzoelucio.it\/index.php?rest_route=\/wp\/v2\/posts\/3059\/revisions"}],"predecessor-version":[{"id":3697,"href":"https:\/\/www.renzoelucio.it\/index.php?rest_route=\/wp\/v2\/posts\/3059\/revisions\/3697"}],"wp:featuredmedia":[{"embeddable":true,"href":"https:\/\/www.renzoelucio.it\/index.php?rest_route=\/wp\/v2\/media\/3060"}],"wp:attachment":[{"href":"https:\/\/www.renzoelucio.it\/index.php?rest_route=%2Fwp%2Fv2%2Fmedia&parent=3059"}],"wp:term":[{"taxonomy":"category","embeddable":true,"href":"https:\/\/www.renzoelucio.it\/index.php?rest_route=%2Fwp%2Fv2%2Fcategories&post=3059"},{"taxonomy":"post_tag","embeddable":true,"href":"https:\/\/www.renzoelucio.it\/index.php?rest_route=%2Fwp%2Fv2%2Ftags&post=3059"}],"curies":[{"name":"wp","href":"https:\/\/api.w.org\/{rel}","templated":true}]}}