{"id":3540,"date":"2022-10-24T22:35:38","date_gmt":"2022-10-24T20:35:38","guid":{"rendered":"https:\/\/www.renzoelucio.it\/?p=3540"},"modified":"2022-11-10T23:47:04","modified_gmt":"2022-11-10T22:47:04","slug":"quindici-anni-con-renzo-e-lucio-a-lecco","status":"publish","type":"post","link":"https:\/\/www.renzoelucio.it\/?p=3540","title":{"rendered":"COMPLEANNO RENZO E LUCIO"},"content":{"rendered":"<p>Domenica 16 ottobre, ospiti del Circolo Libero Pensiero che da 15 anni \u00e8 anche la nostra sede, abbiamo festeggiato i 15 anni di vita dell&#8217;Associazione. Abbiamo scelto un momento conviviale, un pranzo, convinti che siano le relazioni fra le persone che tengono in vita il lavoro di un&#8217;associazione. Non bastano gli ideali e le giuste motivazioni, serve anche e soprattutto un rapporto di relazione e stima fra le persone che collaborano insieme.<\/p>\n<p>In questi anni abbiamo fatto tanta strada ma tanta c&#8217;\u00e8 ancora da fare e noi rinnoviamo il nostro impegno ad esserci e lavorare per i diritti delle persone LGBT+ ma anche per i diritti di tutti, solo cos\u00ec riusciremo a cambiare la societ\u00e0 e renderla pi\u00f9 accogliente e inclusiva.<\/p>\n<p>Forse ci aspettano anni pi\u00f9 difficili sul fronte dei diritti civili, ma non ci stancheremo mai di lottare affinch\u00e9 non si facciano passi indietro.<\/p>\n","protected":false},"excerpt":{"rendered":"<p>un pranzo per festeggiare Renzo e Lucio<\/p>\n","protected":false},"author":4,"featured_media":3541,"comment_status":"closed","ping_status":"open","sticky":false,"template":"","format":"standard","meta":{"footnotes":""},"categories":[202],"tags":[778],"class_list":["post-3540","post","type-post","status-publish","format-standard","has-post-thumbnail","hentry","category-renzo-e-lucio-2","tag-iniziative-renzo-e-lucio"],"yoast_head":"<!-- This site is optimized with the Yoast SEO plugin v24.5 - https:\/\/yoast.com\/wordpress\/plugins\/seo\/ -->\r\n<title>COMPLEANNO RENZO E LUCIO - LGBT+diritti RENZO E LUCIO<\/title>\r\n<meta name=\"description\" content=\"Renzo e Lucio \u00e8 un&#039;associazione LGBT+ che opera sul territorio di Lecco e festeggia i suoi quindici anni di attivit\u00e0 nella provincia\" \/>\r\n<meta name=\"robots\" content=\"index, follow, max-snippet:-1, max-image-preview:large, max-video-preview:-1\" \/>\r\n<link rel=\"canonical\" href=\"https:\/\/www.renzoelucio.it\/?p=3540\" \/>\r\n<meta property=\"og:locale\" content=\"it_IT\" \/>\r\n<meta property=\"og:type\" content=\"article\" \/>\r\n<meta property=\"og:title\" content=\"COMPLEANNO RENZO E LUCIO - LGBT+diritti RENZO E LUCIO\" \/>\r\n<meta property=\"og:description\" content=\"Renzo e Lucio \u00e8 un&#039;associazione LGBT+ che opera sul territorio di Lecco e festeggia i suoi quindici anni di attivit\u00e0 nella provincia\" \/>\r\n<meta property=\"og:url\" content=\"https:\/\/www.renzoelucio.it\/?p=3540\" \/>\r\n<meta property=\"og:site_name\" content=\"LGBT+diritti RENZO E LUCIO\" \/>\r\n<meta property=\"article:published_time\" content=\"2022-10-24T20:35:38+00:00\" \/>\r\n<meta property=\"article:modified_time\" content=\"2022-11-10T22:47:04+00:00\" \/>\r\n<meta property=\"og:image\" content=\"https:\/\/www.renzoelucio.it\/public\/wordpress\/renzoelucio\/wp-content\/uploads\/2022\/10\/comleanno-1024x819.png\" \/>\r\n\t<meta property=\"og:image:width\" content=\"1024\" \/>\r\n\t<meta property=\"og:image:height\" content=\"819\" \/>\r\n\t<meta property=\"og:image:type\" content=\"image\/png\" \/>\r\n<meta name=\"author\" content=\"Renzo e Lucio\" \/>\r\n<meta name=\"twitter:card\" content=\"summary_large_image\" \/>\r\n<meta name=\"twitter:label1\" content=\"Scritto da\" \/>\n\t<meta name=\"twitter:data1\" content=\"Renzo e Lucio\" \/>\n\t<meta name=\"twitter:label2\" content=\"Tempo di lettura stimato\" \/>\n\t<meta name=\"twitter:data2\" content=\"1 minuto\" \/>\r\n<script type=\"application\/ld+json\" class=\"yoast-schema-graph\">{\"@context\":\"https:\/\/schema.org\",\"@graph\":[{\"@type\":\"WebPage\",\"@id\":\"https:\/\/www.renzoelucio.it\/?p=3540\",\"url\":\"https:\/\/www.renzoelucio.it\/?p=3540\",\"name\":\"COMPLEANNO RENZO E LUCIO - LGBT+diritti RENZO E LUCIO\",\"isPartOf\":{\"@id\":\"https:\/\/www.renzoelucio.it\/#website\"},\"primaryImageOfPage\":{\"@id\":\"https:\/\/www.renzoelucio.it\/?p=3540#primaryimage\"},\"image\":{\"@id\":\"https:\/\/www.renzoelucio.it\/?p=3540#primaryimage\"},\"thumbnailUrl\":\"https:\/\/www.renzoelucio.it\/public\/wordpress\/renzoelucio\/wp-content\/uploads\/2022\/10\/comleanno.png\",\"datePublished\":\"2022-10-24T20:35:38+00:00\",\"dateModified\":\"2022-11-10T22:47:04+00:00\",\"author\":{\"@id\":\"https:\/\/www.renzoelucio.it\/#\/schema\/person\/50e8eadc8f57dce531456b1324d80c00\"},\"description\":\"Renzo e Lucio \u00e8 un'associazione LGBT+ che opera sul territorio di Lecco e festeggia i suoi quindici anni di attivit\u00e0 nella provincia\",\"breadcrumb\":{\"@id\":\"https:\/\/www.renzoelucio.it\/?p=3540#breadcrumb\"},\"inLanguage\":\"it-IT\",\"potentialAction\":[{\"@type\":\"ReadAction\",\"target\":[\"https:\/\/www.renzoelucio.it\/?p=3540\"]}]},{\"@type\":\"ImageObject\",\"inLanguage\":\"it-IT\",\"@id\":\"https:\/\/www.renzoelucio.it\/?p=3540#primaryimage\",\"url\":\"https:\/\/www.renzoelucio.it\/public\/wordpress\/renzoelucio\/wp-content\/uploads\/2022\/10\/comleanno.png\",\"contentUrl\":\"https:\/\/www.renzoelucio.it\/public\/wordpress\/renzoelucio\/wp-content\/uploads\/2022\/10\/comleanno.png\",\"width\":1280,\"height\":1024,\"caption\":\"Renzo e Lucio LGBT+ compie 15 anni\"},{\"@type\":\"BreadcrumbList\",\"@id\":\"https:\/\/www.renzoelucio.it\/?p=3540#breadcrumb\",\"itemListElement\":[{\"@type\":\"ListItem\",\"position\":1,\"name\":\"Home\",\"item\":\"https:\/\/www.renzoelucio.it\/\"},{\"@type\":\"ListItem\",\"position\":2,\"name\":\"COMPLEANNO RENZO E LUCIO\"}]},{\"@type\":\"WebSite\",\"@id\":\"https:\/\/www.renzoelucio.it\/#website\",\"url\":\"https:\/\/www.renzoelucio.it\/\",\"name\":\"LGBT+diritti RENZO E LUCIO\",\"description\":\"\",\"potentialAction\":[{\"@type\":\"SearchAction\",\"target\":{\"@type\":\"EntryPoint\",\"urlTemplate\":\"https:\/\/www.renzoelucio.it\/?s={search_term_string}\"},\"query-input\":{\"@type\":\"PropertyValueSpecification\",\"valueRequired\":true,\"valueName\":\"search_term_string\"}}],\"inLanguage\":\"it-IT\"},{\"@type\":\"Person\",\"@id\":\"https:\/\/www.renzoelucio.it\/#\/schema\/person\/50e8eadc8f57dce531456b1324d80c00\",\"name\":\"Renzo e Lucio\",\"image\":{\"@type\":\"ImageObject\",\"inLanguage\":\"it-IT\",\"@id\":\"https:\/\/www.renzoelucio.it\/#\/schema\/person\/image\/\",\"url\":\"https:\/\/secure.gravatar.com\/avatar\/51ec206b4e24cb43343f5a170b1b6bc8d776af15b4fda2519702bef74418f793?s=96&d=mm&r=g\",\"contentUrl\":\"https:\/\/secure.gravatar.com\/avatar\/51ec206b4e24cb43343f5a170b1b6bc8d776af15b4fda2519702bef74418f793?s=96&d=mm&r=g\",\"caption\":\"Renzo e Lucio\"},\"url\":\"https:\/\/www.renzoelucio.it\/?author=4\"}]}<\/script>\r\n<!-- \/ Yoast SEO plugin. -->","yoast_head_json":{"title":"COMPLEANNO RENZO E LUCIO - LGBT+diritti RENZO E LUCIO","description":"Renzo e Lucio \u00e8 un'associazione LGBT+ che opera sul territorio di Lecco e festeggia i suoi quindici anni di attivit\u00e0 nella provincia","robots":{"index":"index","follow":"follow","max-snippet":"max-snippet:-1","max-image-preview":"max-image-preview:large","max-video-preview":"max-video-preview:-1"},"canonical":"https:\/\/www.renzoelucio.it\/?p=3540","og_locale":"it_IT","og_type":"article","og_title":"COMPLEANNO RENZO E LUCIO - LGBT+diritti RENZO E LUCIO","og_description":"Renzo e Lucio \u00e8 un'associazione LGBT+ che opera sul territorio di Lecco e festeggia i suoi quindici anni di attivit\u00e0 nella provincia","og_url":"https:\/\/www.renzoelucio.it\/?p=3540","og_site_name":"LGBT+diritti RENZO E LUCIO","article_published_time":"2022-10-24T20:35:38+00:00","article_modified_time":"2022-11-10T22:47:04+00:00","og_image":[{"width":1024,"height":819,"url":"https:\/\/www.renzoelucio.it\/public\/wordpress\/renzoelucio\/wp-content\/uploads\/2022\/10\/comleanno-1024x819.png","type":"image\/png"}],"author":"Renzo e Lucio","twitter_card":"summary_large_image","twitter_misc":{"Scritto da":"Renzo e Lucio","Tempo di lettura stimato":"1 minuto"},"schema":{"@context":"https:\/\/schema.org","@graph":[{"@type":"WebPage","@id":"https:\/\/www.renzoelucio.it\/?p=3540","url":"https:\/\/www.renzoelucio.it\/?p=3540","name":"COMPLEANNO RENZO E LUCIO - LGBT+diritti RENZO E LUCIO","isPartOf":{"@id":"https:\/\/www.renzoelucio.it\/#website"},"primaryImageOfPage":{"@id":"https:\/\/www.renzoelucio.it\/?p=3540#primaryimage"},"image":{"@id":"https:\/\/www.renzoelucio.it\/?p=3540#primaryimage"},"thumbnailUrl":"https:\/\/www.renzoelucio.it\/public\/wordpress\/renzoelucio\/wp-content\/uploads\/2022\/10\/comleanno.png","datePublished":"2022-10-24T20:35:38+00:00","dateModified":"2022-11-10T22:47:04+00:00","author":{"@id":"https:\/\/www.renzoelucio.it\/#\/schema\/person\/50e8eadc8f57dce531456b1324d80c00"},"description":"Renzo e Lucio \u00e8 un'associazione LGBT+ che opera sul territorio di Lecco e festeggia i suoi quindici anni di attivit\u00e0 nella provincia","breadcrumb":{"@id":"https:\/\/www.renzoelucio.it\/?p=3540#breadcrumb"},"inLanguage":"it-IT","potentialAction":[{"@type":"ReadAction","target":["https:\/\/www.renzoelucio.it\/?p=3540"]}]},{"@type":"ImageObject","inLanguage":"it-IT","@id":"https:\/\/www.renzoelucio.it\/?p=3540#primaryimage","url":"https:\/\/www.renzoelucio.it\/public\/wordpress\/renzoelucio\/wp-content\/uploads\/2022\/10\/comleanno.png","contentUrl":"https:\/\/www.renzoelucio.it\/public\/wordpress\/renzoelucio\/wp-content\/uploads\/2022\/10\/comleanno.png","width":1280,"height":1024,"caption":"Renzo e Lucio LGBT+ compie 15 anni"},{"@type":"BreadcrumbList","@id":"https:\/\/www.renzoelucio.it\/?p=3540#breadcrumb","itemListElement":[{"@type":"ListItem","position":1,"name":"Home","item":"https:\/\/www.renzoelucio.it\/"},{"@type":"ListItem","position":2,"name":"COMPLEANNO RENZO E LUCIO"}]},{"@type":"WebSite","@id":"https:\/\/www.renzoelucio.it\/#website","url":"https:\/\/www.renzoelucio.it\/","name":"LGBT+diritti RENZO E LUCIO","description":"","potentialAction":[{"@type":"SearchAction","target":{"@type":"EntryPoint","urlTemplate":"https:\/\/www.renzoelucio.it\/?s={search_term_string}"},"query-input":{"@type":"PropertyValueSpecification","valueRequired":true,"valueName":"search_term_string"}}],"inLanguage":"it-IT"},{"@type":"Person","@id":"https:\/\/www.renzoelucio.it\/#\/schema\/person\/50e8eadc8f57dce531456b1324d80c00","name":"Renzo e Lucio","image":{"@type":"ImageObject","inLanguage":"it-IT","@id":"https:\/\/www.renzoelucio.it\/#\/schema\/person\/image\/","url":"https:\/\/secure.gravatar.com\/avatar\/51ec206b4e24cb43343f5a170b1b6bc8d776af15b4fda2519702bef74418f793?s=96&d=mm&r=g","contentUrl":"https:\/\/secure.gravatar.com\/avatar\/51ec206b4e24cb43343f5a170b1b6bc8d776af15b4fda2519702bef74418f793?s=96&d=mm&r=g","caption":"Renzo e Lucio"},"url":"https:\/\/www.renzoelucio.it\/?author=4"}]}},"_links":{"self":[{"href":"https:\/\/www.renzoelucio.it\/index.php?rest_route=\/wp\/v2\/posts\/3540","targetHints":{"allow":["GET"]}}],"collection":[{"href":"https:\/\/www.renzoelucio.it\/index.php?rest_route=\/wp\/v2\/posts"}],"about":[{"href":"https:\/\/www.renzoelucio.it\/index.php?rest_route=\/wp\/v2\/types\/post"}],"author":[{"embeddable":true,"href":"https:\/\/www.renzoelucio.it\/index.php?rest_route=\/wp\/v2\/users\/4"}],"replies":[{"embeddable":true,"href":"https:\/\/www.renzoelucio.it\/index.php?rest_route=%2Fwp%2Fv2%2Fcomments&post=3540"}],"version-history":[{"count":3,"href":"https:\/\/www.renzoelucio.it\/index.php?rest_route=\/wp\/v2\/posts\/3540\/revisions"}],"predecessor-version":[{"id":3578,"href":"https:\/\/www.renzoelucio.it\/index.php?rest_route=\/wp\/v2\/posts\/3540\/revisions\/3578"}],"wp:featuredmedia":[{"embeddable":true,"href":"https:\/\/www.renzoelucio.it\/index.php?rest_route=\/wp\/v2\/media\/3541"}],"wp:attachment":[{"href":"https:\/\/www.renzoelucio.it\/index.php?rest_route=%2Fwp%2Fv2%2Fmedia&parent=3540"}],"wp:term":[{"taxonomy":"category","embeddable":true,"href":"https:\/\/www.renzoelucio.it\/index.php?rest_route=%2Fwp%2Fv2%2Fcategories&post=3540"},{"taxonomy":"post_tag","embeddable":true,"href":"https:\/\/www.renzoelucio.it\/index.php?rest_route=%2Fwp%2Fv2%2Ftags&post=3540"}],"curies":[{"name":"wp","href":"https:\/\/api.w.org\/{rel}","templated":true}]}}