{"id":558,"date":"2014-05-09T02:07:38","date_gmt":"2014-05-09T00:07:38","guid":{"rendered":"http:\/\/www.renzoelucio.it\/?p=558"},"modified":"2014-05-09T02:07:38","modified_gmt":"2014-05-09T00:07:38","slug":"040514-gesu-e-le-persone-omosessuali","status":"publish","type":"post","link":"https:\/\/www.renzoelucio.it\/?p=558","title":{"rendered":"04\/05\/14 GESU&#8217; E LE PERSONE OMOSESSUALI"},"content":{"rendered":"<p>La domanda di Papa Francesco: \u00abChi sono io per giudicare un gay?\u00bb ha aperto uno spiraglio nella riflessione all\u2019interno della Chiesa e nel dialogo con il mondo.<br \/>\n\u00c8 caduto un tab\u00f9 pesante: il silenzio e l\u2019omert\u00e0 su un tema invece che, come le pagine di questo libro dicono, non \u00e8 mai stato estraneo al Vangelo. Tutto dipende da cosa vogliamo dire quando pronunciamo la parola \u201camore\u201d.<\/p>\n<p>L\u2019esistenza gay e lesbica non pu\u00f2 non interrogare la sostanza del Vangelo riguardo al farsi prossimo nei confronti degli altri.\u00a0Se l\u2019amore \u00e8 legge suprema dell\u2019essere, se la relazione come benedizione e il dono di se stessi a chi \u00e8 diverso da s\u00e9 si concretizza innanzitutto nei confronti di chi \u00e8 vittima di ostracismo sociale, allora i credenti sono chiamati in causa dal rischio di essere attori o complici di oppressione, concorrendo a determinare la violenza peculiare contro questa forma di amore.<\/p>\n<p>Il Vangelo di Ges\u00f9, infatti, scopre, assume, celebra il senso di ogni persona diversa, anche laddove il potere dominante \u2013 clericale o statale o sociale che sia \u2013 vede e impone abominio, perdizione, scandalo.<br \/>\nPerch\u00e9, altrimenti, cosa vuol dire annuncio di salvezza?<br \/>\nPerch\u00e9, altrimenti, qual \u00e8 se non questa la scandalosa buona novella?<br \/>\nEssa annuncia e opera la rottura di ogni ordine sociale basato sull\u2019esclusione, di ogni opinione pubblica coercitiva e di ogni senso comune che nega dignit\u00e0 integrale a qualunque essere umano. Ges\u00f9 ha mostrato come e perch\u00e9 essere sempre avanti a tutti per annunciare la liberazione da abitudini, visioni, tradizioni, strutture sociali e mentali che generano espulsione: anche quelle garantite dalle norme religiose o sociali, anche quelle pi\u00f9 consolidate e interiorizzate, come l\u2019omonegativit\u00e0.<\/p>\n<p><em>Con interventi, tra gli altri, di Vito Mancuso, Franco Barbero, Letizia Tommasone, Mattew Fox, Elisabeth Green, Alberto Maggi.<\/em><\/p>\n<p>QUESTO LIBRO VERRA&#8217; PRESENTATO A LECCO IL 14 MAGGIO IN SALA TICOZZI ORE 20,30<\/p>\n<p>&nbsp;<\/p>\n<p><strong>a cura di<\/strong>\u00a0<strong>Paolo Rigliano<br \/>\n<\/strong>La Meridiana, Molfetta (Bari) 2014<br \/>\npp. 250, \u20ac 18,00<\/p>\n<p>&nbsp;<\/p>\n<p><a href=\"http:\/\/www.renzoelucio.it\/public\/wordpress\/renzoelucio\/wp-content\/uploads\/2014\/05\/prayers-for-bobby.jpg\"><img loading=\"lazy\" decoding=\"async\" class=\"alignnone size-medium wp-image-560\" alt=\"prayers for bobby\" src=\"http:\/\/www.renzoelucio.it\/public\/wordpress\/renzoelucio\/wp-content\/uploads\/2014\/05\/prayers-for-bobby-300x132.jpg\" width=\"300\" height=\"132\" srcset=\"https:\/\/www.renzoelucio.it\/public\/wordpress\/renzoelucio\/wp-content\/uploads\/2014\/05\/prayers-for-bobby-300x132.jpg 300w, https:\/\/www.renzoelucio.it\/public\/wordpress\/renzoelucio\/wp-content\/uploads\/2014\/05\/prayers-for-bobby.jpg 621w\" sizes=\"auto, (max-width: 300px) 100vw, 300px\" \/><\/a><\/p>\n","protected":false},"excerpt":{"rendered":"<p>La domanda di Papa Francesco: \u00abChi sono io per giudicare un gay?\u00bb ha aperto uno spiraglio nella riflessione all\u2019interno della Chiesa e nel dialogo con il mondo. \u00c8 caduto un tab\u00f9 pesante: il silenzio e l\u2019omert\u00e0 su un tema invece che, come le pagine di questo libro dicono, non \u00e8 mai stato estraneo al Vangelo&#8230;.<\/p>\n","protected":false},"author":2,"featured_media":559,"comment_status":"open","ping_status":"open","sticky":false,"template":"","format":"standard","meta":{"footnotes":""},"categories":[53],"tags":[],"class_list":["post-558","post","type-post","status-publish","format-standard","has-post-thumbnail","hentry","category-17-maggio-giornata-omotransfobia"],"yoast_head":"<!-- This site is optimized with the Yoast SEO plugin v24.5 - https:\/\/yoast.com\/wordpress\/plugins\/seo\/ -->\r\n<title>04\/05\/14 GESU&#039; E LE PERSONE OMOSESSUALI - LGBT+diritti RENZO E LUCIO<\/title>\r\n<meta name=\"robots\" content=\"index, follow, max-snippet:-1, max-image-preview:large, max-video-preview:-1\" \/>\r\n<link rel=\"canonical\" href=\"https:\/\/www.renzoelucio.it\/?p=558\" \/>\r\n<meta property=\"og:locale\" content=\"it_IT\" \/>\r\n<meta property=\"og:type\" content=\"article\" \/>\r\n<meta property=\"og:title\" content=\"04\/05\/14 GESU&#039; E LE PERSONE OMOSESSUALI - LGBT+diritti RENZO E LUCIO\" \/>\r\n<meta property=\"og:description\" content=\"La domanda di Papa Francesco: \u00abChi sono io per giudicare un gay?\u00bb ha aperto uno spiraglio nella riflessione all\u2019interno della Chiesa e nel dialogo con il mondo. \u00c8 caduto un tab\u00f9 pesante: il silenzio e l\u2019omert\u00e0 su un tema invece che, come le pagine di questo libro dicono, non \u00e8 mai stato estraneo al Vangelo....\" \/>\r\n<meta property=\"og:url\" content=\"https:\/\/www.renzoelucio.it\/?p=558\" \/>\r\n<meta property=\"og:site_name\" content=\"LGBT+diritti RENZO E LUCIO\" \/>\r\n<meta property=\"article:published_time\" content=\"2014-05-09T00:07:38+00:00\" \/>\r\n<meta property=\"og:image\" content=\"https:\/\/www.renzoelucio.it\/public\/wordpress\/renzoelucio\/wp-content\/uploads\/2014\/05\/paolo-rigliano.png\" \/>\r\n\t<meta property=\"og:image:width\" content=\"163\" \/>\r\n\t<meta property=\"og:image:height\" content=\"188\" \/>\r\n\t<meta property=\"og:image:type\" content=\"image\/png\" \/>\r\n<meta name=\"author\" content=\"Mauro Pirovano\" \/>\r\n<meta name=\"twitter:card\" content=\"summary_large_image\" \/>\r\n<meta name=\"twitter:label1\" content=\"Scritto da\" \/>\n\t<meta name=\"twitter:data1\" content=\"Mauro Pirovano\" \/>\n\t<meta name=\"twitter:label2\" content=\"Tempo di lettura stimato\" \/>\n\t<meta name=\"twitter:data2\" content=\"2 minuti\" \/>\r\n<script type=\"application\/ld+json\" class=\"yoast-schema-graph\">{\"@context\":\"https:\/\/schema.org\",\"@graph\":[{\"@type\":\"WebPage\",\"@id\":\"https:\/\/www.renzoelucio.it\/?p=558\",\"url\":\"https:\/\/www.renzoelucio.it\/?p=558\",\"name\":\"04\/05\/14 GESU' E LE PERSONE OMOSESSUALI - LGBT+diritti RENZO E LUCIO\",\"isPartOf\":{\"@id\":\"https:\/\/www.renzoelucio.it\/#website\"},\"primaryImageOfPage\":{\"@id\":\"https:\/\/www.renzoelucio.it\/?p=558#primaryimage\"},\"image\":{\"@id\":\"https:\/\/www.renzoelucio.it\/?p=558#primaryimage\"},\"thumbnailUrl\":\"https:\/\/www.renzoelucio.it\/public\/wordpress\/renzoelucio\/wp-content\/uploads\/2014\/05\/paolo-rigliano.png\",\"datePublished\":\"2014-05-09T00:07:38+00:00\",\"author\":{\"@id\":\"https:\/\/www.renzoelucio.it\/#\/schema\/person\/0ecd8a1144e9dbb57b99cf93bcce77da\"},\"breadcrumb\":{\"@id\":\"https:\/\/www.renzoelucio.it\/?p=558#breadcrumb\"},\"inLanguage\":\"it-IT\",\"potentialAction\":[{\"@type\":\"ReadAction\",\"target\":[\"https:\/\/www.renzoelucio.it\/?p=558\"]}]},{\"@type\":\"ImageObject\",\"inLanguage\":\"it-IT\",\"@id\":\"https:\/\/www.renzoelucio.it\/?p=558#primaryimage\",\"url\":\"https:\/\/www.renzoelucio.it\/public\/wordpress\/renzoelucio\/wp-content\/uploads\/2014\/05\/paolo-rigliano.png\",\"contentUrl\":\"https:\/\/www.renzoelucio.it\/public\/wordpress\/renzoelucio\/wp-content\/uploads\/2014\/05\/paolo-rigliano.png\",\"width\":163,\"height\":188},{\"@type\":\"BreadcrumbList\",\"@id\":\"https:\/\/www.renzoelucio.it\/?p=558#breadcrumb\",\"itemListElement\":[{\"@type\":\"ListItem\",\"position\":1,\"name\":\"Home\",\"item\":\"https:\/\/www.renzoelucio.it\/\"},{\"@type\":\"ListItem\",\"position\":2,\"name\":\"04\/05\/14 GESU&#8217; E LE PERSONE OMOSESSUALI\"}]},{\"@type\":\"WebSite\",\"@id\":\"https:\/\/www.renzoelucio.it\/#website\",\"url\":\"https:\/\/www.renzoelucio.it\/\",\"name\":\"LGBT+diritti RENZO E LUCIO\",\"description\":\"\",\"potentialAction\":[{\"@type\":\"SearchAction\",\"target\":{\"@type\":\"EntryPoint\",\"urlTemplate\":\"https:\/\/www.renzoelucio.it\/?s={search_term_string}\"},\"query-input\":{\"@type\":\"PropertyValueSpecification\",\"valueRequired\":true,\"valueName\":\"search_term_string\"}}],\"inLanguage\":\"it-IT\"},{\"@type\":\"Person\",\"@id\":\"https:\/\/www.renzoelucio.it\/#\/schema\/person\/0ecd8a1144e9dbb57b99cf93bcce77da\",\"name\":\"Mauro Pirovano\",\"image\":{\"@type\":\"ImageObject\",\"inLanguage\":\"it-IT\",\"@id\":\"https:\/\/www.renzoelucio.it\/#\/schema\/person\/image\/\",\"url\":\"https:\/\/secure.gravatar.com\/avatar\/98cdd444e02881ccfbbeb7860292420827bf54eea54779821111b0fb5476459b?s=96&d=mm&r=g\",\"contentUrl\":\"https:\/\/secure.gravatar.com\/avatar\/98cdd444e02881ccfbbeb7860292420827bf54eea54779821111b0fb5476459b?s=96&d=mm&r=g\",\"caption\":\"Mauro Pirovano\"},\"url\":\"https:\/\/www.renzoelucio.it\/?author=2\"}]}<\/script>\r\n<!-- \/ Yoast SEO plugin. -->","yoast_head_json":{"title":"04\/05\/14 GESU' E LE PERSONE OMOSESSUALI - LGBT+diritti RENZO E LUCIO","robots":{"index":"index","follow":"follow","max-snippet":"max-snippet:-1","max-image-preview":"max-image-preview:large","max-video-preview":"max-video-preview:-1"},"canonical":"https:\/\/www.renzoelucio.it\/?p=558","og_locale":"it_IT","og_type":"article","og_title":"04\/05\/14 GESU' E LE PERSONE OMOSESSUALI - LGBT+diritti RENZO E LUCIO","og_description":"La domanda di Papa Francesco: \u00abChi sono io per giudicare un gay?\u00bb ha aperto uno spiraglio nella riflessione all\u2019interno della Chiesa e nel dialogo con il mondo. \u00c8 caduto un tab\u00f9 pesante: il silenzio e l\u2019omert\u00e0 su un tema invece che, come le pagine di questo libro dicono, non \u00e8 mai stato estraneo al Vangelo....","og_url":"https:\/\/www.renzoelucio.it\/?p=558","og_site_name":"LGBT+diritti RENZO E LUCIO","article_published_time":"2014-05-09T00:07:38+00:00","og_image":[{"width":163,"height":188,"url":"https:\/\/www.renzoelucio.it\/public\/wordpress\/renzoelucio\/wp-content\/uploads\/2014\/05\/paolo-rigliano.png","type":"image\/png"}],"author":"Mauro Pirovano","twitter_card":"summary_large_image","twitter_misc":{"Scritto da":"Mauro Pirovano","Tempo di lettura stimato":"2 minuti"},"schema":{"@context":"https:\/\/schema.org","@graph":[{"@type":"WebPage","@id":"https:\/\/www.renzoelucio.it\/?p=558","url":"https:\/\/www.renzoelucio.it\/?p=558","name":"04\/05\/14 GESU' E LE PERSONE OMOSESSUALI - LGBT+diritti RENZO E LUCIO","isPartOf":{"@id":"https:\/\/www.renzoelucio.it\/#website"},"primaryImageOfPage":{"@id":"https:\/\/www.renzoelucio.it\/?p=558#primaryimage"},"image":{"@id":"https:\/\/www.renzoelucio.it\/?p=558#primaryimage"},"thumbnailUrl":"https:\/\/www.renzoelucio.it\/public\/wordpress\/renzoelucio\/wp-content\/uploads\/2014\/05\/paolo-rigliano.png","datePublished":"2014-05-09T00:07:38+00:00","author":{"@id":"https:\/\/www.renzoelucio.it\/#\/schema\/person\/0ecd8a1144e9dbb57b99cf93bcce77da"},"breadcrumb":{"@id":"https:\/\/www.renzoelucio.it\/?p=558#breadcrumb"},"inLanguage":"it-IT","potentialAction":[{"@type":"ReadAction","target":["https:\/\/www.renzoelucio.it\/?p=558"]}]},{"@type":"ImageObject","inLanguage":"it-IT","@id":"https:\/\/www.renzoelucio.it\/?p=558#primaryimage","url":"https:\/\/www.renzoelucio.it\/public\/wordpress\/renzoelucio\/wp-content\/uploads\/2014\/05\/paolo-rigliano.png","contentUrl":"https:\/\/www.renzoelucio.it\/public\/wordpress\/renzoelucio\/wp-content\/uploads\/2014\/05\/paolo-rigliano.png","width":163,"height":188},{"@type":"BreadcrumbList","@id":"https:\/\/www.renzoelucio.it\/?p=558#breadcrumb","itemListElement":[{"@type":"ListItem","position":1,"name":"Home","item":"https:\/\/www.renzoelucio.it\/"},{"@type":"ListItem","position":2,"name":"04\/05\/14 GESU&#8217; E LE PERSONE OMOSESSUALI"}]},{"@type":"WebSite","@id":"https:\/\/www.renzoelucio.it\/#website","url":"https:\/\/www.renzoelucio.it\/","name":"LGBT+diritti RENZO E LUCIO","description":"","potentialAction":[{"@type":"SearchAction","target":{"@type":"EntryPoint","urlTemplate":"https:\/\/www.renzoelucio.it\/?s={search_term_string}"},"query-input":{"@type":"PropertyValueSpecification","valueRequired":true,"valueName":"search_term_string"}}],"inLanguage":"it-IT"},{"@type":"Person","@id":"https:\/\/www.renzoelucio.it\/#\/schema\/person\/0ecd8a1144e9dbb57b99cf93bcce77da","name":"Mauro Pirovano","image":{"@type":"ImageObject","inLanguage":"it-IT","@id":"https:\/\/www.renzoelucio.it\/#\/schema\/person\/image\/","url":"https:\/\/secure.gravatar.com\/avatar\/98cdd444e02881ccfbbeb7860292420827bf54eea54779821111b0fb5476459b?s=96&d=mm&r=g","contentUrl":"https:\/\/secure.gravatar.com\/avatar\/98cdd444e02881ccfbbeb7860292420827bf54eea54779821111b0fb5476459b?s=96&d=mm&r=g","caption":"Mauro Pirovano"},"url":"https:\/\/www.renzoelucio.it\/?author=2"}]}},"_links":{"self":[{"href":"https:\/\/www.renzoelucio.it\/index.php?rest_route=\/wp\/v2\/posts\/558","targetHints":{"allow":["GET"]}}],"collection":[{"href":"https:\/\/www.renzoelucio.it\/index.php?rest_route=\/wp\/v2\/posts"}],"about":[{"href":"https:\/\/www.renzoelucio.it\/index.php?rest_route=\/wp\/v2\/types\/post"}],"author":[{"embeddable":true,"href":"https:\/\/www.renzoelucio.it\/index.php?rest_route=\/wp\/v2\/users\/2"}],"replies":[{"embeddable":true,"href":"https:\/\/www.renzoelucio.it\/index.php?rest_route=%2Fwp%2Fv2%2Fcomments&post=558"}],"version-history":[{"count":1,"href":"https:\/\/www.renzoelucio.it\/index.php?rest_route=\/wp\/v2\/posts\/558\/revisions"}],"predecessor-version":[{"id":561,"href":"https:\/\/www.renzoelucio.it\/index.php?rest_route=\/wp\/v2\/posts\/558\/revisions\/561"}],"wp:featuredmedia":[{"embeddable":true,"href":"https:\/\/www.renzoelucio.it\/index.php?rest_route=\/wp\/v2\/media\/559"}],"wp:attachment":[{"href":"https:\/\/www.renzoelucio.it\/index.php?rest_route=%2Fwp%2Fv2%2Fmedia&parent=558"}],"wp:term":[{"taxonomy":"category","embeddable":true,"href":"https:\/\/www.renzoelucio.it\/index.php?rest_route=%2Fwp%2Fv2%2Fcategories&post=558"},{"taxonomy":"post_tag","embeddable":true,"href":"https:\/\/www.renzoelucio.it\/index.php?rest_route=%2Fwp%2Fv2%2Ftags&post=558"}],"curies":[{"name":"wp","href":"https:\/\/api.w.org\/{rel}","templated":true}]}}