{"id":764,"date":"2014-12-01T23:30:01","date_gmt":"2014-12-01T22:30:01","guid":{"rendered":"http:\/\/www.renzoelucio.it\/?p=764"},"modified":"2016-12-26T18:56:06","modified_gmt":"2016-12-26T17:56:06","slug":"01092014-giovani-scout-coraggiosi","status":"publish","type":"post","link":"https:\/\/www.renzoelucio.it\/?p=764","title":{"rendered":"01\/09\/2014 GIOVANI SCOUT CORAGGIOSI"},"content":{"rendered":"<p>Questa estate 30.000 giovani scout  cattolici italiani, appartenenti all\u2019Agesci,  si sono ritrovati per la loro Route, la  \u201cstrada\u201d come la chiamano loro, dal 1 al 10 agosto.  Una strada fatta di incontri, campi, camminate e riflessioni che ha coinvolto ragazzi dai 16 ai 21 , la terza fase della proposta educativa scout. <\/p>\n<p>Le loro riflessioni e discussioni hanno portato ad elaborare la \u201cCarta del Coraggio\u201d, un documento,  redatto da un parlamentino di oltre 450 ragazzi e ragazze, che ha messo nero su bianco i valori in cui si riconoscono e che racconta la loro visione dell\u2019associazione, della Chiesa,  della politica e del mondo.<\/p>\n<p>In un paragrafo del documento intitolato  \u201cAmore\u201d, i giovani scout, sulla base dell\u2019amore autentico ed universale ispirato dal messaggio del Vangelo, si impegnano a \u201cportare avanti valori di non discriminazione e  di accoglienza nei confronti delle persone di qualunque orientamento sessuale.\u201d<\/p>\n<p>Inoltre si impegnano di credere nel valore della famiglia che considerano la comunit\u00e0 primaria della societ\u00e0 ma che specificano deve essere intesa \u201c come qualunque nucleo di rapporti basati sull\u2019amore e sul rispetto\u201d. <\/p>\n<p>Nella seconda parte del paragrafo \u201cAmore\u201d i giovani scout avanzano le loro richieste. Da prima chiedono \u201call\u2019Agesci di allargare i propri orizzonti affinch\u00e9 tutte le persone- indipendentemente dal\u2019orientamento sessuale- possano vivere l\u2019esperienza scout e il ruolo educativo con serenit\u00e0, senza sentirsi emarginati\u201d  e \u201cdi dimostrare maggiore apertura a riguardo a temi quali omosessualit\u00e0 ,attraverso occasioni di confronto e dialogo\u201d. <\/p>\n<p>I giovani Rover o Scolte, cosi si chiamano fra loro, chiedono anche \u201calla Chiesa di accogliere non solo tollerare qualsiasi scelta di vita guidata dall\u2019amore\u201d e di mettersi in discussione e rivalutare alcuni temi come quello dell\u2019omosessualit\u00e0. <\/p>\n<p>Inoltre chiedono alle istituzioni di portare avanti politiche di non discriminazione sulla base dell\u2019orientamento sessuale e di riconoscere giuridicamente le unioni omosessuali. <\/p>\n<p>Affermazioni chiare e precise che i ragazzi hanno votato e sottoscritto e non lasciano dubbi sul loro desiderio di vedere un futuro diverso per la Chiesa e lo Stato nei confronti delle persone omosessuali.  Ora questa \u201ccarta del coraggio\u201d verr\u00e0 valutata dai capi scout e dall\u2019Agesci e resa definitiva a breve. <\/p>\n<p>Di fronte a queste posizioni innovative subito si sono per\u00f2 aperte le discussioni ed  \u00e8 gi\u00e0 partita una campagna di delegittimazione o presa di distanza nei confronti dei giovani scout da parte di alcuni capi ed alcuni ambienti cattolici.<br \/>\nIl sito cattolico www.notizieprovita.it  ha gi\u00e0 dedicato ad essi un paio di articoli critici che per\u00f2 registrano  a sorpresa  anche dei commenti  che difendono le affermazioni  fatte da quel documento .<\/p>\n<p>Riportiamo qui un commento di una ragazza,  Francesca:<br \/>\n&#8220;Io sono una ragazza di quei 30.000 che hanno proposto una simile concezione sull\u2019amore. Credo in quei principi che hanno ricevuto cos\u00ec tante critiche. Sono rimasta delusa da questa poca presa di posizioni di alcuni capi che si tengono a dovuta distanza da questi pensieri e critiche. Sono fiera di pensarla in questo modo perch\u00e9 come dice papa Francesco \u201cchi sono io per giudicare?\u201d. Perch\u00e9 un amore tra coppie dello stesso sesso dovrebbe valer meno di un amore etero? Chi siete voi per giudicare questa cosa?Volevate qualcuno a cui fare delle critiche? S\u00ec siamo noi 30.000 mila ragazzi che un giorno non troppo lontano diventeranno i capi dell\u2019associazione e potremo davvero cambiare le cose come abbiamo scritto nella carta.&#8221;<\/p>\n<p>Un commento a cui poco c\u2019\u00e8 da aggiungere e che fornisce buone speranze per un futuro diverso.<br \/>\nNoi come associazione ribadiamo la nostra disponibilit\u00e0 a discutere e dialogare coi giovani del mondo cattolico, come \u00e8 gi\u00e0 accaduto due anni fa in un incontro fra Renzo e Lucio ed un gruppo di Scout, nel quale tante di queste nuove aperture serenamente affioravano.<\/p>\n<p><a href=\"http:\/\/www.renzoelucio.it\/public\/wordpress\/renzoelucio\/wp-content\/uploads\/2014\/09\/scout-route-nazionale.jpg\"><img loading=\"lazy\" decoding=\"async\" src=\"http:\/\/www.renzoelucio.it\/public\/wordpress\/renzoelucio\/wp-content\/uploads\/2014\/09\/scout-route-nazionale-300x169.jpg\" alt=\"scout route nazionale\" width=\"300\" height=\"169\" class=\"alignnone size-medium wp-image-766\" srcset=\"https:\/\/www.renzoelucio.it\/public\/wordpress\/renzoelucio\/wp-content\/uploads\/2014\/09\/scout-route-nazionale-300x169.jpg 300w, https:\/\/www.renzoelucio.it\/public\/wordpress\/renzoelucio\/wp-content\/uploads\/2014\/09\/scout-route-nazionale.jpg 480w\" sizes=\"auto, (max-width: 300px) 100vw, 300px\" \/><\/a><\/p>\n<p><a href=\"http:\/\/www.renzoelucio.it\/public\/wordpress\/renzoelucio\/wp-content\/uploads\/2014\/09\/rubicondo_rikuminciapp_1.jpg\"><img loading=\"lazy\" decoding=\"async\" src=\"http:\/\/www.renzoelucio.it\/public\/wordpress\/renzoelucio\/wp-content\/uploads\/2014\/09\/rubicondo_rikuminciapp_1-300x198.jpg\" alt=\"rubicondo_rikuminciapp_1\" width=\"300\" height=\"198\" class=\"alignnone size-medium wp-image-769\" srcset=\"https:\/\/www.renzoelucio.it\/public\/wordpress\/renzoelucio\/wp-content\/uploads\/2014\/09\/rubicondo_rikuminciapp_1-300x198.jpg 300w, https:\/\/www.renzoelucio.it\/public\/wordpress\/renzoelucio\/wp-content\/uploads\/2014\/09\/rubicondo_rikuminciapp_1-755x500.jpg 755w, https:\/\/www.renzoelucio.it\/public\/wordpress\/renzoelucio\/wp-content\/uploads\/2014\/09\/rubicondo_rikuminciapp_1.jpg 960w\" sizes=\"auto, (max-width: 300px) 100vw, 300px\" \/><\/a><\/p>\n<p><a href=\"http:\/\/www.renzoelucio.it\/public\/wordpress\/renzoelucio\/wp-content\/uploads\/2014\/09\/600x3906.jpg\"><img loading=\"lazy\" decoding=\"async\" src=\"http:\/\/www.renzoelucio.it\/public\/wordpress\/renzoelucio\/wp-content\/uploads\/2014\/09\/600x3906-300x195.jpg\" alt=\"Activists Rally At Boy Scout Memorial In DC For Inclusion Of Gays In Scouts\" width=\"300\" height=\"195\" class=\"alignnone size-medium wp-image-770\" srcset=\"https:\/\/www.renzoelucio.it\/public\/wordpress\/renzoelucio\/wp-content\/uploads\/2014\/09\/600x3906-300x195.jpg 300w, https:\/\/www.renzoelucio.it\/public\/wordpress\/renzoelucio\/wp-content\/uploads\/2014\/09\/600x3906.jpg 600w\" sizes=\"auto, (max-width: 300px) 100vw, 300px\" \/><\/a><\/p>\n","protected":false},"excerpt":{"rendered":"<p>Questa estate 30.000 giovani scout cattolici italiani, appartenenti all\u2019Agesci, si sono ritrovati per la loro Route, la \u201cstrada\u201d come la chiamano loro, dal 1 al 10 agosto. Una strada fatta di incontri, campi, camminate e riflessioni che ha coinvolto ragazzi dai 16 ai 21 , la terza fase della proposta educativa scout. Le loro riflessioni&#8230;<\/p>\n","protected":false},"author":2,"featured_media":765,"comment_status":"closed","ping_status":"closed","sticky":false,"template":"","format":"standard","meta":{"footnotes":""},"categories":[1],"tags":[155,158,157,156,154],"class_list":["post-764","post","type-post","status-publish","format-standard","has-post-thumbnail","hentry","category-senza-categoria","tag-agesci","tag-agesci-san-rossore","tag-chiesa-e-gay","tag-route-nazionale-agesci","tag-scout"],"yoast_head":"<!-- This site is optimized with the Yoast SEO plugin v24.5 - https:\/\/yoast.com\/wordpress\/plugins\/seo\/ -->\r\n<title>01\/09\/2014 GIOVANI SCOUT CORAGGIOSI  - LGBT+diritti RENZO E LUCIO<\/title>\r\n<meta name=\"robots\" content=\"index, follow, max-snippet:-1, max-image-preview:large, max-video-preview:-1\" \/>\r\n<link rel=\"canonical\" href=\"https:\/\/www.renzoelucio.it\/?p=764\" \/>\r\n<meta property=\"og:locale\" content=\"it_IT\" \/>\r\n<meta property=\"og:type\" content=\"article\" \/>\r\n<meta property=\"og:title\" content=\"01\/09\/2014 GIOVANI SCOUT CORAGGIOSI  - LGBT+diritti RENZO E LUCIO\" \/>\r\n<meta property=\"og:description\" content=\"Questa estate 30.000 giovani scout cattolici italiani, appartenenti all\u2019Agesci, si sono ritrovati per la loro Route, la \u201cstrada\u201d come la chiamano loro, dal 1 al 10 agosto. Una strada fatta di incontri, campi, camminate e riflessioni che ha coinvolto ragazzi dai 16 ai 21 , la terza fase della proposta educativa scout. Le loro riflessioni...\" \/>\r\n<meta property=\"og:url\" content=\"https:\/\/www.renzoelucio.it\/?p=764\" \/>\r\n<meta property=\"og:site_name\" content=\"LGBT+diritti RENZO E LUCIO\" \/>\r\n<meta property=\"article:published_time\" content=\"2014-12-01T22:30:01+00:00\" \/>\r\n<meta property=\"article:modified_time\" content=\"2016-12-26T17:56:06+00:00\" \/>\r\n<meta property=\"og:image\" content=\"https:\/\/www.renzoelucio.it\/public\/wordpress\/renzoelucio\/wp-content\/uploads\/2014\/09\/35566_290288657754767_638877393_n.jpg\" \/>\r\n\t<meta property=\"og:image:width\" content=\"300\" \/>\r\n\t<meta property=\"og:image:height\" content=\"300\" \/>\r\n\t<meta property=\"og:image:type\" content=\"image\/jpeg\" \/>\r\n<meta name=\"author\" content=\"Mauro Pirovano\" \/>\r\n<meta name=\"twitter:card\" content=\"summary_large_image\" \/>\r\n<meta name=\"twitter:label1\" content=\"Scritto da\" \/>\n\t<meta name=\"twitter:data1\" content=\"Mauro Pirovano\" \/>\n\t<meta name=\"twitter:label2\" content=\"Tempo di lettura stimato\" \/>\n\t<meta name=\"twitter:data2\" content=\"3 minuti\" \/>\r\n<script type=\"application\/ld+json\" class=\"yoast-schema-graph\">{\"@context\":\"https:\/\/schema.org\",\"@graph\":[{\"@type\":\"WebPage\",\"@id\":\"https:\/\/www.renzoelucio.it\/?p=764\",\"url\":\"https:\/\/www.renzoelucio.it\/?p=764\",\"name\":\"01\/09\/2014 GIOVANI SCOUT CORAGGIOSI - LGBT+diritti RENZO E LUCIO\",\"isPartOf\":{\"@id\":\"https:\/\/www.renzoelucio.it\/#website\"},\"primaryImageOfPage\":{\"@id\":\"https:\/\/www.renzoelucio.it\/?p=764#primaryimage\"},\"image\":{\"@id\":\"https:\/\/www.renzoelucio.it\/?p=764#primaryimage\"},\"thumbnailUrl\":\"https:\/\/www.renzoelucio.it\/public\/wordpress\/renzoelucio\/wp-content\/uploads\/2014\/09\/35566_290288657754767_638877393_n.jpg\",\"datePublished\":\"2014-12-01T22:30:01+00:00\",\"dateModified\":\"2016-12-26T17:56:06+00:00\",\"author\":{\"@id\":\"https:\/\/www.renzoelucio.it\/#\/schema\/person\/0ecd8a1144e9dbb57b99cf93bcce77da\"},\"breadcrumb\":{\"@id\":\"https:\/\/www.renzoelucio.it\/?p=764#breadcrumb\"},\"inLanguage\":\"it-IT\",\"potentialAction\":[{\"@type\":\"ReadAction\",\"target\":[\"https:\/\/www.renzoelucio.it\/?p=764\"]}]},{\"@type\":\"ImageObject\",\"inLanguage\":\"it-IT\",\"@id\":\"https:\/\/www.renzoelucio.it\/?p=764#primaryimage\",\"url\":\"https:\/\/www.renzoelucio.it\/public\/wordpress\/renzoelucio\/wp-content\/uploads\/2014\/09\/35566_290288657754767_638877393_n.jpg\",\"contentUrl\":\"https:\/\/www.renzoelucio.it\/public\/wordpress\/renzoelucio\/wp-content\/uploads\/2014\/09\/35566_290288657754767_638877393_n.jpg\",\"width\":300,\"height\":300},{\"@type\":\"BreadcrumbList\",\"@id\":\"https:\/\/www.renzoelucio.it\/?p=764#breadcrumb\",\"itemListElement\":[{\"@type\":\"ListItem\",\"position\":1,\"name\":\"Home\",\"item\":\"https:\/\/www.renzoelucio.it\/\"},{\"@type\":\"ListItem\",\"position\":2,\"name\":\"01\/09\/2014 GIOVANI SCOUT CORAGGIOSI\"}]},{\"@type\":\"WebSite\",\"@id\":\"https:\/\/www.renzoelucio.it\/#website\",\"url\":\"https:\/\/www.renzoelucio.it\/\",\"name\":\"LGBT+diritti RENZO E LUCIO\",\"description\":\"\",\"potentialAction\":[{\"@type\":\"SearchAction\",\"target\":{\"@type\":\"EntryPoint\",\"urlTemplate\":\"https:\/\/www.renzoelucio.it\/?s={search_term_string}\"},\"query-input\":{\"@type\":\"PropertyValueSpecification\",\"valueRequired\":true,\"valueName\":\"search_term_string\"}}],\"inLanguage\":\"it-IT\"},{\"@type\":\"Person\",\"@id\":\"https:\/\/www.renzoelucio.it\/#\/schema\/person\/0ecd8a1144e9dbb57b99cf93bcce77da\",\"name\":\"Mauro Pirovano\",\"image\":{\"@type\":\"ImageObject\",\"inLanguage\":\"it-IT\",\"@id\":\"https:\/\/www.renzoelucio.it\/#\/schema\/person\/image\/\",\"url\":\"https:\/\/secure.gravatar.com\/avatar\/98cdd444e02881ccfbbeb7860292420827bf54eea54779821111b0fb5476459b?s=96&d=mm&r=g\",\"contentUrl\":\"https:\/\/secure.gravatar.com\/avatar\/98cdd444e02881ccfbbeb7860292420827bf54eea54779821111b0fb5476459b?s=96&d=mm&r=g\",\"caption\":\"Mauro Pirovano\"},\"url\":\"https:\/\/www.renzoelucio.it\/?author=2\"}]}<\/script>\r\n<!-- \/ Yoast SEO plugin. -->","yoast_head_json":{"title":"01\/09\/2014 GIOVANI SCOUT CORAGGIOSI  - LGBT+diritti RENZO E LUCIO","robots":{"index":"index","follow":"follow","max-snippet":"max-snippet:-1","max-image-preview":"max-image-preview:large","max-video-preview":"max-video-preview:-1"},"canonical":"https:\/\/www.renzoelucio.it\/?p=764","og_locale":"it_IT","og_type":"article","og_title":"01\/09\/2014 GIOVANI SCOUT CORAGGIOSI  - LGBT+diritti RENZO E LUCIO","og_description":"Questa estate 30.000 giovani scout cattolici italiani, appartenenti all\u2019Agesci, si sono ritrovati per la loro Route, la \u201cstrada\u201d come la chiamano loro, dal 1 al 10 agosto. Una strada fatta di incontri, campi, camminate e riflessioni che ha coinvolto ragazzi dai 16 ai 21 , la terza fase della proposta educativa scout. Le loro riflessioni...","og_url":"https:\/\/www.renzoelucio.it\/?p=764","og_site_name":"LGBT+diritti RENZO E LUCIO","article_published_time":"2014-12-01T22:30:01+00:00","article_modified_time":"2016-12-26T17:56:06+00:00","og_image":[{"width":300,"height":300,"url":"https:\/\/www.renzoelucio.it\/public\/wordpress\/renzoelucio\/wp-content\/uploads\/2014\/09\/35566_290288657754767_638877393_n.jpg","type":"image\/jpeg"}],"author":"Mauro Pirovano","twitter_card":"summary_large_image","twitter_misc":{"Scritto da":"Mauro Pirovano","Tempo di lettura stimato":"3 minuti"},"schema":{"@context":"https:\/\/schema.org","@graph":[{"@type":"WebPage","@id":"https:\/\/www.renzoelucio.it\/?p=764","url":"https:\/\/www.renzoelucio.it\/?p=764","name":"01\/09\/2014 GIOVANI SCOUT CORAGGIOSI - LGBT+diritti RENZO E LUCIO","isPartOf":{"@id":"https:\/\/www.renzoelucio.it\/#website"},"primaryImageOfPage":{"@id":"https:\/\/www.renzoelucio.it\/?p=764#primaryimage"},"image":{"@id":"https:\/\/www.renzoelucio.it\/?p=764#primaryimage"},"thumbnailUrl":"https:\/\/www.renzoelucio.it\/public\/wordpress\/renzoelucio\/wp-content\/uploads\/2014\/09\/35566_290288657754767_638877393_n.jpg","datePublished":"2014-12-01T22:30:01+00:00","dateModified":"2016-12-26T17:56:06+00:00","author":{"@id":"https:\/\/www.renzoelucio.it\/#\/schema\/person\/0ecd8a1144e9dbb57b99cf93bcce77da"},"breadcrumb":{"@id":"https:\/\/www.renzoelucio.it\/?p=764#breadcrumb"},"inLanguage":"it-IT","potentialAction":[{"@type":"ReadAction","target":["https:\/\/www.renzoelucio.it\/?p=764"]}]},{"@type":"ImageObject","inLanguage":"it-IT","@id":"https:\/\/www.renzoelucio.it\/?p=764#primaryimage","url":"https:\/\/www.renzoelucio.it\/public\/wordpress\/renzoelucio\/wp-content\/uploads\/2014\/09\/35566_290288657754767_638877393_n.jpg","contentUrl":"https:\/\/www.renzoelucio.it\/public\/wordpress\/renzoelucio\/wp-content\/uploads\/2014\/09\/35566_290288657754767_638877393_n.jpg","width":300,"height":300},{"@type":"BreadcrumbList","@id":"https:\/\/www.renzoelucio.it\/?p=764#breadcrumb","itemListElement":[{"@type":"ListItem","position":1,"name":"Home","item":"https:\/\/www.renzoelucio.it\/"},{"@type":"ListItem","position":2,"name":"01\/09\/2014 GIOVANI SCOUT CORAGGIOSI"}]},{"@type":"WebSite","@id":"https:\/\/www.renzoelucio.it\/#website","url":"https:\/\/www.renzoelucio.it\/","name":"LGBT+diritti RENZO E LUCIO","description":"","potentialAction":[{"@type":"SearchAction","target":{"@type":"EntryPoint","urlTemplate":"https:\/\/www.renzoelucio.it\/?s={search_term_string}"},"query-input":{"@type":"PropertyValueSpecification","valueRequired":true,"valueName":"search_term_string"}}],"inLanguage":"it-IT"},{"@type":"Person","@id":"https:\/\/www.renzoelucio.it\/#\/schema\/person\/0ecd8a1144e9dbb57b99cf93bcce77da","name":"Mauro Pirovano","image":{"@type":"ImageObject","inLanguage":"it-IT","@id":"https:\/\/www.renzoelucio.it\/#\/schema\/person\/image\/","url":"https:\/\/secure.gravatar.com\/avatar\/98cdd444e02881ccfbbeb7860292420827bf54eea54779821111b0fb5476459b?s=96&d=mm&r=g","contentUrl":"https:\/\/secure.gravatar.com\/avatar\/98cdd444e02881ccfbbeb7860292420827bf54eea54779821111b0fb5476459b?s=96&d=mm&r=g","caption":"Mauro Pirovano"},"url":"https:\/\/www.renzoelucio.it\/?author=2"}]}},"_links":{"self":[{"href":"https:\/\/www.renzoelucio.it\/index.php?rest_route=\/wp\/v2\/posts\/764","targetHints":{"allow":["GET"]}}],"collection":[{"href":"https:\/\/www.renzoelucio.it\/index.php?rest_route=\/wp\/v2\/posts"}],"about":[{"href":"https:\/\/www.renzoelucio.it\/index.php?rest_route=\/wp\/v2\/types\/post"}],"author":[{"embeddable":true,"href":"https:\/\/www.renzoelucio.it\/index.php?rest_route=\/wp\/v2\/users\/2"}],"replies":[{"embeddable":true,"href":"https:\/\/www.renzoelucio.it\/index.php?rest_route=%2Fwp%2Fv2%2Fcomments&post=764"}],"version-history":[{"count":7,"href":"https:\/\/www.renzoelucio.it\/index.php?rest_route=\/wp\/v2\/posts\/764\/revisions"}],"predecessor-version":[{"id":2112,"href":"https:\/\/www.renzoelucio.it\/index.php?rest_route=\/wp\/v2\/posts\/764\/revisions\/2112"}],"wp:featuredmedia":[{"embeddable":true,"href":"https:\/\/www.renzoelucio.it\/index.php?rest_route=\/wp\/v2\/media\/765"}],"wp:attachment":[{"href":"https:\/\/www.renzoelucio.it\/index.php?rest_route=%2Fwp%2Fv2%2Fmedia&parent=764"}],"wp:term":[{"taxonomy":"category","embeddable":true,"href":"https:\/\/www.renzoelucio.it\/index.php?rest_route=%2Fwp%2Fv2%2Fcategories&post=764"},{"taxonomy":"post_tag","embeddable":true,"href":"https:\/\/www.renzoelucio.it\/index.php?rest_route=%2Fwp%2Fv2%2Ftags&post=764"}],"curies":[{"name":"wp","href":"https:\/\/api.w.org\/{rel}","templated":true}]}}