{"id":982,"date":"2015-01-30T21:13:09","date_gmt":"2015-01-30T20:13:09","guid":{"rendered":"http:\/\/www.renzoelucio.it\/?p=982"},"modified":"2015-01-30T21:13:09","modified_gmt":"2015-01-30T20:13:09","slug":"17012015-convegno-della-regione-lombardia-contro-i-diritti-ai-gay","status":"publish","type":"post","link":"https:\/\/www.renzoelucio.it\/?p=982","title":{"rendered":"17\/01\/2015 CONVEGNO DELLA REGIONE LOMBARDIA CONTRO I DIRITTI AI GAY"},"content":{"rendered":"<p>Si \u00e8 svolto a Milano nei palazzi della Regione Lombardia il convegno dal titolo &#8220;difendere la famiglia per difendere la comunit\u00e0&#8221; promosso da alcune associazioni cattoliche conservatrici e sostenuto dal Presidente Maroni, che ha voluto legare il marchio EXPO all&#8217;iniziativa.<\/p>\n<p>I relatori fanno parte di quel gruppo catto-conservatore che da tempo gira l&#8217;Italia a spargere non tanto &#8220;la buona novella dell&#8217;amore&#8221; ma &#8220;la cattiva minaccia del pericolo&#8221;. I quattro amici ( cos\u00ec si sono definiti in un perfetto stile ciellino) chiamati a svolgere il ruolo di relatori erano un sociologo, uno psicologo, un sacerdote, una sposa sottomessa ( cosi si \u00e8 definita) ed un politico rampante ex parlamentare del Pd e promotore del suo nuovo giornale &#8220;La croce&#8221;. Nel ruolo di moderatore il direttore di Tempi.it un quotidiano on line, vicino a CL, che si impegna ogni giorno a ricordare a tutti quale grande pericolo sono le cosi dette &#8220;teorie gender&#8221; , quanto sono cattivi e viziosi i gay, e che grave pericolo sarebbe riconoscere loro un minimo di riconoscimento giuridico.<\/p>\n<p>Al convegno hanno partecipato quasi tutti gli assessori della giunta regionale \u00a0nonch\u00e9 diversi esponenti politici, da Ignazio La Russa (Fdi) a Roberto Formigoni (Ncd), fino al ministro delle infrastrutture Maurizo Lupi (Ncd\u201c) che contornavano la Figura di Maroni e del presidente del Consiglio Regionale.<\/p>\n<p>I diversi relatori che si sono alternati sul palco, sostenuti a volte da tifo da stadio, non hanno per\u00f2 brillato in alte argomentazioni scientifiche ma si sono spesso avvalsi di tanti luoghi comuni, di battutine, di frasi ad effetto e quando hanno cercato di affrontare aspetti dei temi in gioco lo hanno fatto anche con assurde tesi, addirittura un relatore ha paragonato la \u00a0stepchild adoption all&#8217;utero in affitto.<\/p>\n<p>Buona parte del convegno \u00e8 stato speso per ricordare che la famiglia tradizionale, oltre ad essere l&#8217;unica possibile per natura, \u00e8 in pericolo perch\u00e9 minacciata continuamente da una cultura che \u00e8 sostenuta dal pensiero unico dominate. \u00a0La logica era chiara lasciare intendere che qualsiasi riconoscimento giuridico concesso alle coppie omosessuali \u00e8 un passo in avanti verso una deriva pericolosa e minacciosa che mette in pericolo le famiglie ma soprattutto i &#8220;nostri figli&#8221;.<\/p>\n<p>Prima dell&#8217;intervento del presidente Maroni che ha definito quattro pirla i cittadini della sua Regione che manifestava fuori dal convegno, un ragazzo giovane ha cercato di prendere la parola e di fare una domanda ma \u00e8 stato fischiato e cacciato in malo modo con urla da stadio, prendendosi pure del &#8220;Culatone&#8221; dal solito Ignazio La Russa ed un bel &#8220;va a cagare&#8221; dal moderato moderatore.<\/p>\n<p>Insomma il solito teatrino di coloro che stanno cercando di utilizzare temi importanti e che stanno a cuore a tutti per i loro fini politici e purtroppo anche per interessi personali ( vedi loro libri, loro giornali ).<\/p>\n<p><img loading=\"lazy\" decoding=\"async\" src=\"http:\/\/ctrl-c.cc\/?9hvHRm5J0MhhoG6Gxh6k2jEJFgzltglLfh8kJFojlMmfxLGLXjMFJLRlJffINJNg7KcI1MfHsj3ICk5MAj0K9hjHfMOHFi6HZhijTJYiCg9JmmQheKNi4L4iMIzG1IsJ8Kci5LshJLnm9MDm8ixH7H4GVhKH4gtMAJ0KbHEGzgYlFHbkLgxKMJ9MNLOMwk2KYJNltkKfPj4LFJNiwD6W1gl0XyI1\" alt=\"\" width=\"1\" height=\"1\" border=\"0\" \/><a href=\"http:\/\/www.renzoelucio.it\/public\/wordpress\/renzoelucio\/wp-content\/uploads\/2015\/01\/gay-3-7-2.jpg\"><img loading=\"lazy\" decoding=\"async\" class=\"alignnone size-medium wp-image-983\" src=\"http:\/\/www.renzoelucio.it\/public\/wordpress\/renzoelucio\/wp-content\/uploads\/2015\/01\/gay-3-7-2-300x163.jpg\" alt=\"gay-3-7-2\" width=\"300\" height=\"163\" srcset=\"https:\/\/www.renzoelucio.it\/public\/wordpress\/renzoelucio\/wp-content\/uploads\/2015\/01\/gay-3-7-2-300x163.jpg 300w, https:\/\/www.renzoelucio.it\/public\/wordpress\/renzoelucio\/wp-content\/uploads\/2015\/01\/gay-3-7-2-917x500.jpg 917w, https:\/\/www.renzoelucio.it\/public\/wordpress\/renzoelucio\/wp-content\/uploads\/2015\/01\/gay-3-7-2.jpg 960w\" sizes=\"auto, (max-width: 300px) 100vw, 300px\" \/><\/a> <a href=\"http:\/\/www.renzoelucio.it\/public\/wordpress\/renzoelucio\/wp-content\/uploads\/2015\/01\/convegno-milano-e1421623069745.jpg\"><img loading=\"lazy\" decoding=\"async\" class=\"alignnone size-medium wp-image-984\" src=\"http:\/\/www.renzoelucio.it\/public\/wordpress\/renzoelucio\/wp-content\/uploads\/2015\/01\/convegno-milano-e1421623069745-300x88.jpg\" alt=\"convegno-milano-e1421623069745\" width=\"300\" height=\"88\" srcset=\"https:\/\/www.renzoelucio.it\/public\/wordpress\/renzoelucio\/wp-content\/uploads\/2015\/01\/convegno-milano-e1421623069745-300x88.jpg 300w, https:\/\/www.renzoelucio.it\/public\/wordpress\/renzoelucio\/wp-content\/uploads\/2015\/01\/convegno-milano-e1421623069745.jpg 700w\" sizes=\"auto, (max-width: 300px) 100vw, 300px\" \/><\/a><\/p>\n","protected":false},"excerpt":{"rendered":"<p>Si \u00e8 svolto a Milano nei palazzi della Regione Lombardia il convegno dal titolo &#8220;difendere la famiglia per difendere la comunit\u00e0&#8221; promosso da alcune associazioni cattoliche conservatrici e sostenuto dal Presidente Maroni, che ha voluto legare il marchio EXPO all&#8217;iniziativa. I relatori fanno parte di quel gruppo catto-conservatore che da tempo gira l&#8217;Italia a spargere&#8230;<\/p>\n","protected":false},"author":2,"featured_media":983,"comment_status":"open","ping_status":"open","sticky":false,"template":"","format":"standard","meta":{"footnotes":""},"categories":[36,38],"tags":[117,229,235,244,243,242,101],"class_list":["post-982","post","type-post","status-publish","format-standard","has-post-thumbnail","hentry","category-omofobia","category-unioni-civili","tag-comunione-e-liberazione","tag-convegno-omofobo","tag-convegno-omofobo-a-milano","tag-expo-glbt","tag-expo-milano","tag-omofobia-milano","tag-regione-lombardia"],"yoast_head":"<!-- This site is optimized with the Yoast SEO plugin v24.5 - https:\/\/yoast.com\/wordpress\/plugins\/seo\/ -->\r\n<title>17\/01\/2015 CONVEGNO DELLA REGIONE LOMBARDIA CONTRO I DIRITTI AI GAY - LGBT+diritti RENZO E LUCIO<\/title>\r\n<meta name=\"robots\" content=\"index, follow, max-snippet:-1, max-image-preview:large, max-video-preview:-1\" \/>\r\n<link rel=\"canonical\" href=\"https:\/\/www.renzoelucio.it\/?p=982\" \/>\r\n<meta property=\"og:locale\" content=\"it_IT\" \/>\r\n<meta property=\"og:type\" content=\"article\" \/>\r\n<meta property=\"og:title\" content=\"17\/01\/2015 CONVEGNO DELLA REGIONE LOMBARDIA CONTRO I DIRITTI AI GAY - LGBT+diritti RENZO E LUCIO\" \/>\r\n<meta property=\"og:description\" content=\"Si \u00e8 svolto a Milano nei palazzi della Regione Lombardia il convegno dal titolo &#8220;difendere la famiglia per difendere la comunit\u00e0&#8221; promosso da alcune associazioni cattoliche conservatrici e sostenuto dal Presidente Maroni, che ha voluto legare il marchio EXPO all&#8217;iniziativa. I relatori fanno parte di quel gruppo catto-conservatore che da tempo gira l&#8217;Italia a spargere...\" \/>\r\n<meta property=\"og:url\" content=\"https:\/\/www.renzoelucio.it\/?p=982\" \/>\r\n<meta property=\"og:site_name\" content=\"LGBT+diritti RENZO E LUCIO\" \/>\r\n<meta property=\"article:published_time\" content=\"2015-01-30T20:13:09+00:00\" \/>\r\n<meta property=\"og:image\" content=\"https:\/\/www.renzoelucio.it\/public\/wordpress\/renzoelucio\/wp-content\/uploads\/2015\/01\/gay-3-7-2.jpg\" \/>\r\n\t<meta property=\"og:image:width\" content=\"960\" \/>\r\n\t<meta property=\"og:image:height\" content=\"523\" \/>\r\n\t<meta property=\"og:image:type\" content=\"image\/jpeg\" \/>\r\n<meta name=\"author\" content=\"Mauro Pirovano\" \/>\r\n<meta name=\"twitter:card\" content=\"summary_large_image\" \/>\r\n<meta name=\"twitter:label1\" content=\"Scritto da\" \/>\n\t<meta name=\"twitter:data1\" content=\"Mauro Pirovano\" \/>\n\t<meta name=\"twitter:label2\" content=\"Tempo di lettura stimato\" \/>\n\t<meta name=\"twitter:data2\" content=\"2 minuti\" \/>\r\n<script type=\"application\/ld+json\" class=\"yoast-schema-graph\">{\"@context\":\"https:\/\/schema.org\",\"@graph\":[{\"@type\":\"WebPage\",\"@id\":\"https:\/\/www.renzoelucio.it\/?p=982\",\"url\":\"https:\/\/www.renzoelucio.it\/?p=982\",\"name\":\"17\/01\/2015 CONVEGNO DELLA REGIONE LOMBARDIA CONTRO I DIRITTI AI GAY - LGBT+diritti RENZO E LUCIO\",\"isPartOf\":{\"@id\":\"https:\/\/www.renzoelucio.it\/#website\"},\"primaryImageOfPage\":{\"@id\":\"https:\/\/www.renzoelucio.it\/?p=982#primaryimage\"},\"image\":{\"@id\":\"https:\/\/www.renzoelucio.it\/?p=982#primaryimage\"},\"thumbnailUrl\":\"https:\/\/www.renzoelucio.it\/public\/wordpress\/renzoelucio\/wp-content\/uploads\/2015\/01\/gay-3-7-2.jpg\",\"datePublished\":\"2015-01-30T20:13:09+00:00\",\"author\":{\"@id\":\"https:\/\/www.renzoelucio.it\/#\/schema\/person\/0ecd8a1144e9dbb57b99cf93bcce77da\"},\"breadcrumb\":{\"@id\":\"https:\/\/www.renzoelucio.it\/?p=982#breadcrumb\"},\"inLanguage\":\"it-IT\",\"potentialAction\":[{\"@type\":\"ReadAction\",\"target\":[\"https:\/\/www.renzoelucio.it\/?p=982\"]}]},{\"@type\":\"ImageObject\",\"inLanguage\":\"it-IT\",\"@id\":\"https:\/\/www.renzoelucio.it\/?p=982#primaryimage\",\"url\":\"https:\/\/www.renzoelucio.it\/public\/wordpress\/renzoelucio\/wp-content\/uploads\/2015\/01\/gay-3-7-2.jpg\",\"contentUrl\":\"https:\/\/www.renzoelucio.it\/public\/wordpress\/renzoelucio\/wp-content\/uploads\/2015\/01\/gay-3-7-2.jpg\",\"width\":960,\"height\":523},{\"@type\":\"BreadcrumbList\",\"@id\":\"https:\/\/www.renzoelucio.it\/?p=982#breadcrumb\",\"itemListElement\":[{\"@type\":\"ListItem\",\"position\":1,\"name\":\"Home\",\"item\":\"https:\/\/www.renzoelucio.it\/\"},{\"@type\":\"ListItem\",\"position\":2,\"name\":\"17\/01\/2015 CONVEGNO DELLA REGIONE LOMBARDIA CONTRO I DIRITTI AI GAY\"}]},{\"@type\":\"WebSite\",\"@id\":\"https:\/\/www.renzoelucio.it\/#website\",\"url\":\"https:\/\/www.renzoelucio.it\/\",\"name\":\"LGBT+diritti RENZO E LUCIO\",\"description\":\"\",\"potentialAction\":[{\"@type\":\"SearchAction\",\"target\":{\"@type\":\"EntryPoint\",\"urlTemplate\":\"https:\/\/www.renzoelucio.it\/?s={search_term_string}\"},\"query-input\":{\"@type\":\"PropertyValueSpecification\",\"valueRequired\":true,\"valueName\":\"search_term_string\"}}],\"inLanguage\":\"it-IT\"},{\"@type\":\"Person\",\"@id\":\"https:\/\/www.renzoelucio.it\/#\/schema\/person\/0ecd8a1144e9dbb57b99cf93bcce77da\",\"name\":\"Mauro Pirovano\",\"image\":{\"@type\":\"ImageObject\",\"inLanguage\":\"it-IT\",\"@id\":\"https:\/\/www.renzoelucio.it\/#\/schema\/person\/image\/\",\"url\":\"https:\/\/secure.gravatar.com\/avatar\/98cdd444e02881ccfbbeb7860292420827bf54eea54779821111b0fb5476459b?s=96&d=mm&r=g\",\"contentUrl\":\"https:\/\/secure.gravatar.com\/avatar\/98cdd444e02881ccfbbeb7860292420827bf54eea54779821111b0fb5476459b?s=96&d=mm&r=g\",\"caption\":\"Mauro Pirovano\"},\"url\":\"https:\/\/www.renzoelucio.it\/?author=2\"}]}<\/script>\r\n<!-- \/ Yoast SEO plugin. -->","yoast_head_json":{"title":"17\/01\/2015 CONVEGNO DELLA REGIONE LOMBARDIA CONTRO I DIRITTI AI GAY - LGBT+diritti RENZO E LUCIO","robots":{"index":"index","follow":"follow","max-snippet":"max-snippet:-1","max-image-preview":"max-image-preview:large","max-video-preview":"max-video-preview:-1"},"canonical":"https:\/\/www.renzoelucio.it\/?p=982","og_locale":"it_IT","og_type":"article","og_title":"17\/01\/2015 CONVEGNO DELLA REGIONE LOMBARDIA CONTRO I DIRITTI AI GAY - LGBT+diritti RENZO E LUCIO","og_description":"Si \u00e8 svolto a Milano nei palazzi della Regione Lombardia il convegno dal titolo &#8220;difendere la famiglia per difendere la comunit\u00e0&#8221; promosso da alcune associazioni cattoliche conservatrici e sostenuto dal Presidente Maroni, che ha voluto legare il marchio EXPO all&#8217;iniziativa. I relatori fanno parte di quel gruppo catto-conservatore che da tempo gira l&#8217;Italia a spargere...","og_url":"https:\/\/www.renzoelucio.it\/?p=982","og_site_name":"LGBT+diritti RENZO E LUCIO","article_published_time":"2015-01-30T20:13:09+00:00","og_image":[{"width":960,"height":523,"url":"https:\/\/www.renzoelucio.it\/public\/wordpress\/renzoelucio\/wp-content\/uploads\/2015\/01\/gay-3-7-2.jpg","type":"image\/jpeg"}],"author":"Mauro Pirovano","twitter_card":"summary_large_image","twitter_misc":{"Scritto da":"Mauro Pirovano","Tempo di lettura stimato":"2 minuti"},"schema":{"@context":"https:\/\/schema.org","@graph":[{"@type":"WebPage","@id":"https:\/\/www.renzoelucio.it\/?p=982","url":"https:\/\/www.renzoelucio.it\/?p=982","name":"17\/01\/2015 CONVEGNO DELLA REGIONE LOMBARDIA CONTRO I DIRITTI AI GAY - LGBT+diritti RENZO E LUCIO","isPartOf":{"@id":"https:\/\/www.renzoelucio.it\/#website"},"primaryImageOfPage":{"@id":"https:\/\/www.renzoelucio.it\/?p=982#primaryimage"},"image":{"@id":"https:\/\/www.renzoelucio.it\/?p=982#primaryimage"},"thumbnailUrl":"https:\/\/www.renzoelucio.it\/public\/wordpress\/renzoelucio\/wp-content\/uploads\/2015\/01\/gay-3-7-2.jpg","datePublished":"2015-01-30T20:13:09+00:00","author":{"@id":"https:\/\/www.renzoelucio.it\/#\/schema\/person\/0ecd8a1144e9dbb57b99cf93bcce77da"},"breadcrumb":{"@id":"https:\/\/www.renzoelucio.it\/?p=982#breadcrumb"},"inLanguage":"it-IT","potentialAction":[{"@type":"ReadAction","target":["https:\/\/www.renzoelucio.it\/?p=982"]}]},{"@type":"ImageObject","inLanguage":"it-IT","@id":"https:\/\/www.renzoelucio.it\/?p=982#primaryimage","url":"https:\/\/www.renzoelucio.it\/public\/wordpress\/renzoelucio\/wp-content\/uploads\/2015\/01\/gay-3-7-2.jpg","contentUrl":"https:\/\/www.renzoelucio.it\/public\/wordpress\/renzoelucio\/wp-content\/uploads\/2015\/01\/gay-3-7-2.jpg","width":960,"height":523},{"@type":"BreadcrumbList","@id":"https:\/\/www.renzoelucio.it\/?p=982#breadcrumb","itemListElement":[{"@type":"ListItem","position":1,"name":"Home","item":"https:\/\/www.renzoelucio.it\/"},{"@type":"ListItem","position":2,"name":"17\/01\/2015 CONVEGNO DELLA REGIONE LOMBARDIA CONTRO I DIRITTI AI GAY"}]},{"@type":"WebSite","@id":"https:\/\/www.renzoelucio.it\/#website","url":"https:\/\/www.renzoelucio.it\/","name":"LGBT+diritti RENZO E LUCIO","description":"","potentialAction":[{"@type":"SearchAction","target":{"@type":"EntryPoint","urlTemplate":"https:\/\/www.renzoelucio.it\/?s={search_term_string}"},"query-input":{"@type":"PropertyValueSpecification","valueRequired":true,"valueName":"search_term_string"}}],"inLanguage":"it-IT"},{"@type":"Person","@id":"https:\/\/www.renzoelucio.it\/#\/schema\/person\/0ecd8a1144e9dbb57b99cf93bcce77da","name":"Mauro Pirovano","image":{"@type":"ImageObject","inLanguage":"it-IT","@id":"https:\/\/www.renzoelucio.it\/#\/schema\/person\/image\/","url":"https:\/\/secure.gravatar.com\/avatar\/98cdd444e02881ccfbbeb7860292420827bf54eea54779821111b0fb5476459b?s=96&d=mm&r=g","contentUrl":"https:\/\/secure.gravatar.com\/avatar\/98cdd444e02881ccfbbeb7860292420827bf54eea54779821111b0fb5476459b?s=96&d=mm&r=g","caption":"Mauro Pirovano"},"url":"https:\/\/www.renzoelucio.it\/?author=2"}]}},"_links":{"self":[{"href":"https:\/\/www.renzoelucio.it\/index.php?rest_route=\/wp\/v2\/posts\/982","targetHints":{"allow":["GET"]}}],"collection":[{"href":"https:\/\/www.renzoelucio.it\/index.php?rest_route=\/wp\/v2\/posts"}],"about":[{"href":"https:\/\/www.renzoelucio.it\/index.php?rest_route=\/wp\/v2\/types\/post"}],"author":[{"embeddable":true,"href":"https:\/\/www.renzoelucio.it\/index.php?rest_route=\/wp\/v2\/users\/2"}],"replies":[{"embeddable":true,"href":"https:\/\/www.renzoelucio.it\/index.php?rest_route=%2Fwp%2Fv2%2Fcomments&post=982"}],"version-history":[{"count":1,"href":"https:\/\/www.renzoelucio.it\/index.php?rest_route=\/wp\/v2\/posts\/982\/revisions"}],"predecessor-version":[{"id":985,"href":"https:\/\/www.renzoelucio.it\/index.php?rest_route=\/wp\/v2\/posts\/982\/revisions\/985"}],"wp:featuredmedia":[{"embeddable":true,"href":"https:\/\/www.renzoelucio.it\/index.php?rest_route=\/wp\/v2\/media\/983"}],"wp:attachment":[{"href":"https:\/\/www.renzoelucio.it\/index.php?rest_route=%2Fwp%2Fv2%2Fmedia&parent=982"}],"wp:term":[{"taxonomy":"category","embeddable":true,"href":"https:\/\/www.renzoelucio.it\/index.php?rest_route=%2Fwp%2Fv2%2Fcategories&post=982"},{"taxonomy":"post_tag","embeddable":true,"href":"https:\/\/www.renzoelucio.it\/index.php?rest_route=%2Fwp%2Fv2%2Ftags&post=982"}],"curies":[{"name":"wp","href":"https:\/\/api.w.org\/{rel}","templated":true}]}}