{"id":996,"date":"2015-01-30T23:50:52","date_gmt":"2015-01-30T22:50:52","guid":{"rendered":"http:\/\/www.renzoelucio.it\/?p=996"},"modified":"2015-01-30T23:50:52","modified_gmt":"2015-01-30T22:50:52","slug":"17012015-cronaca-di-un-infiltrato-al-convegno","status":"publish","type":"post","link":"https:\/\/www.renzoelucio.it\/?p=996","title":{"rendered":"17\/01\/2015 CRONACA DI UN INFILTRATO AL CONVEGNO"},"content":{"rendered":"<div id=\"timeline_top_section\" class=\"_5h60\" data-referrer=\"timeline_top_section\">\n<div class=\"fbTimelineTopSectionBase _6-d\">\n<div class=\"fbTimelineSection mtm fbTimelineTopSection\">\n<div id=\"fbProfileCover\" data-referrer=\"fbProfileCover\">\n<div id=\"u_jsonp_3_2w\" class=\"fbTimelineStickyHeader fixed_elem\">\n<div class=\"stickyHeaderWrap clearfix\">\n<div class=\"name\">Ho partecipato al convegno \u201cdifendere la famiglia per difendere la comunit\u00e0\u201d, fortemente voluto dal presidente della Regione Lombardia Roberto Maroni, con il desiderio di imparare qualcosa di pi\u00f9 sulle idee contro cui in molti combattiamo.<\/div>\n<\/div>\n<\/div>\n<\/div>\n<\/div>\n<\/div>\n<\/div>\n<div id=\"pagelet_main_column_personal\" class=\"_5h60\" data-referrer=\"pagelet_main_column_personal_timeline\">\n<div id=\"timeline_tab_content\" class=\"\">\n<div id=\"timeline_tab_content_extra\" data-referrer=\"timeline_tab_content_extra\">\n<div id=\"pagelet_timeline_year_current\" class=\"fbTimelineTimePeriod\" data-referrer=\"pagelet_timeline_year_current\">\n<div id=\"u_jsonp_12_1\" class=\"fbTimelineSection fbTimelineCompactSection fbTimelineSectionTransparent\">\n<div id=\"u_jsonp_12_0\" class=\"fbTimelineCapsule clearfix\" data-referrer=\"pagelet_timeline_year_current_ocm\" data-start=\"1420099200\" data-end=\"1451635199\">\n<div class=\"_4_7u\">\n<div class=\"_5pcb _4b0l\">\n<div id=\"tl_unit_5441817231649009959\" class=\"_4-u2 mbm _5jmm _5pat _5v3q\" data-ft=\"{&quot;fbfeed_location&quot;:10}\" data-time=\"1421621395\">\n<div class=\"userContentWrapper _5pcr _3ccb\" data-gt=\"{&quot;type&quot;:&quot;click2canvas&quot;,&quot;fbsource&quot;:703,&quot;ref&quot;:&quot;nf_generic&quot;}\">\n<div class=\"_5r69\">\n<div class=\"mtm\">\n<div class=\"mtm plm _5pcm\">\n<div class=\"mtm _5pco\" data-ft=\"{&quot;tn&quot;:&quot;K&quot;}\">\n<div id=\"id_54cbd81614b561a27400619\" class=\"text_exposed_root text_exposed\">\n<div class=\"text_exposed_show\">\n<p>Entrato nella sala principale, non posso fare a meno di guardarmi intorno e di lasciarmi sorprendere da molte e molte cose. Se, da un lato, la maggior parte dei presenti porta sottobraccio il neoquotidiano \u201cLa Croce\u201d, fondato da poco da Adinolfi, dall&#8217;altro una folla di persone \u00e8 accalcata intorno a Costanza Miriano per farsi autografare il famoso libro \u201csposati e sii sottomessa\u201d; nel mentre che cerco un posto libero, il mio occhio cade sulla dedica che una signora vicino a me guarda con commozione: \u201cA Maria, sposa sottomessa che ha seguito con passione i miei consigli \u2013 C. Miriano\u201d. Alzo gli occhi al cielo: il buongiorno si vede dal mattino, insomma.<\/p>\n<p>Il convegno inizia. Dal primo momento, con qualche battutina e un po&#8217; di ironia, vengono messe le mani avanti: non si parler\u00e0 di omosessualit\u00e0, non si negheranno diritti a nessuno, ma ci si concentrer\u00e0 su qualcosa di importante per tutti, che \u00e8 la famiglia; per questo, non \u00e8 un convegno di cattolici, ma di pensatori, al di l\u00e0 di qualsiasi appartenenza religiosa.<\/p>\n<p>E io voglio crederci: mentre batto gli appunti sulla tastiera, le mie aspettative crescono. \u201cSi parler\u00e0 della famiglia \u2013 tradizionale, ovviamente -, del modo in cui la societ\u00e0 e la politica possono aiutarla di fronte ai problemi economici e non, delle dinamiche familiari sane e patologiche e di come intervenire, del rapporto genitori e figli e molte altre cose di cui la famiglia di oggi ha davvero bisogno. E, infondo, ci sar\u00e0 anche un accento scientifico a tutto questo. Ci sono uno psicologo, un sociologo e un politico: s\u00ec, non pu\u00f2 essere che cos\u00ec\u201d.<\/p>\n<p>E invece no. Agli occhi miei, futuro psicologo appassionato di dinamiche familiare, e di altre persone, certamente pi\u00f9 competenti, non \u00e8 stato per niente un convegno sulla famiglia. Il vero titolo del convegno sarebbe dovuto essere: \u201ccome difendere i nostri figli dal pericolo gender\u201d. Mi spiego.<\/p>\n<p>Premettendo che la teoria gender non esiste, la maggior parte degli interventi iniziava con \u201cla famiglia \u00e8 importante\u201d, per poi approfondire le differenze tra l&#8217;uomo e la donna, tra il maschile e il femminile. E, per di pi\u00f9, l&#8217;unico interessante \u00e8 stato quello di Scicchitano, l&#8217;unico a dare un profilo scientifico alle sue parole. Ma, lo ripeto, non c&#8217;entrava un accidenti con il tema del convegno.<\/p>\n<p>Per non parlare degli interventi di Adinolfi e della Miriano, l&#8217;uno che grida a gran voce che \u201cla stepchild adoption non ha niente a che fare con l&#8217;adozione, non \u00e8 altro che la legalizzazione dell&#8217;utero in affitto!\u201d, l&#8217;altra che esordisce con una simpatica affermazione: \u201cscusatemi se vado in ansia, ma sono una femmina\u201d e prosegue parlando delle sue amiche. Se non avessi riascoltato le registrazioni dei discorsi, non avrei mai creduto alla mia memoria.<\/p>\n<p>Ma torniamo a noi. Quasi nessuno dei presenti ha evitato di parlare di enti misteriosi \u2013 chiss\u00e0 chi, eh? \u2013 che, servendosi della legge, dei tribunali e delle scuole, vorrebbero penetrare le menti dei fanciulli per cancellare le evidenti diversit\u00e0 biologiche tra uomini e donne \u2013 Ma quando mai?! \u2013. E nessuno ha evitato di dire \u201cnoi cattolici pensiamo che\u201d o di riportare una bella citazione di Papa Francesco: ma non voleva essere un convegno al di l\u00e0 delle appartenenze religiose?<\/p>\n<p>Mentre questa consapevolezza mi raggiungeva, mi sono fermato a riflettere un istante: sono convinto che ci siano molti e molti cattolici capaci di vivere la propria spiritualit\u00e0 senza sentirsi minacciati dall&#8217;emancipazione di una minoranza. Sono certo che, in questa sala, si siano raccolte le frange pi\u00f9 estremiste di una religione che, invece, pu\u00f2 dare un reale contributo al quieto vivere della nostra societ\u00e0.<\/p>\n<p>Il tempo passa; con una dialettica eccezionale e inattaccabile, le idee prendono una forma sempre pi\u00f9 chiara; associazione dopo associazione, paragone dopo paragone, si pu\u00f2 leggere tra le righe che, facendo leva sui propri capricci, i gruppi omosessuali vogliono privare il mondo di una grande ricchezza. Ma tutto questo non viene detto esplicitamente: \u00e8 lasciato intuire ai presenti, che, tra un applauso e l&#8217;altro, un coro da stadio e l&#8217;altro, non esitano a sollevare con orgoglio il giornale \u201cla croce\u201d, quasi fosse uno striscione a sostegno dei propri eroi sul palco.<\/p>\n<p>All&#8217;improvviso, un ragazzo prende la rincorsa e salta sul palco, chiedendo di fare una domanda al pubblico: \u201cho 22 anni e sono cristiano, vorrei parlare con tutti voi\u201d. Dal pubblico si alza un boato: \u201cfuori! Va&#8217; a studiare! Incapace!\u201d. Alcuni erano curiosi e chiedevano di lasciarlo parlare, ma, alla fine, interviene la sicurezza e il giovane non ha occasione di terminare il suo discorso. Personalmente, credo che l&#8217;intervento sia stato molto coraggioso, ma era proprio quello che i pensatori del convegno si aspettavano: con tutta la buona volont\u00e0 che ho potuto leggere negli occhi di questo giovane, non posso fare a meno di pensare che, involontariamente, egli ha fatto il loro gioco. Online, potete trovare interviste, videoregistrazioni e approfondimenti su questo episodio, su cui non mi soffermo.<\/p>\n<p>Tempo di riprendersi dall&#8217;imprevisto e si ricomincia. Gli interventi non migliorano la propria qualit\u00e0 e io non posso fare a meno di restare deluso dal modo in cui sono strutturati: al di l\u00e0 del fatto che si \u00e8 parlato molto poco di famiglia e troppo di teorie gender, ho avuto l&#8217;impressione che ciascuno volesse pubblicizzare il proprio personaggio o il proprio gruppo politico: Adinolfi e i continui riferimenti al suo giornale, la Miriano che racconta la sua storia di madre e parla delle sue amiche e gli esponenti della Lega che non perdevano occasione di vantare le proprie politiche a favore della famiglia. Frasi fatte, tono colloquiale, battutine. Ma quando mai un convegno che si rispetti si muove su questi binari?<\/p>\n<p>Di seguito, un po&#8217; di perle di saggezza uscite dalla bocca degli oratori. Non sempre riporto le frasi letterali, perch\u00e9 inserite in un discorso pi\u00f9 ampio che non potevo riportare per intero. Ma, se avrete modo di ascoltare gli audio del Convegno, vi renderete conto che non sono per nulla distanti dal senso dell&#8217;intervento.<\/p>\n<p>Padre Botta<br \/>\nLavoreremo al di l\u00e0 di ogni appartenenza, ragioneremo in modo universale: non \u00e8 un incontro ultracattolico e nemmeno omofobo.<\/p>\n<p>Mario Adinolfi<br \/>\n&#8211; Repubblica \u00e8 un giornale che racconta falsit\u00e0. Quelli pi\u00f9 veri e sinceri, come La Padania, li hanno chiusi. Fortuna che ho fondato io un nuovo quotidiano.<br \/>\n&#8211; La stepchild adoption e l&#8217;utero in affitto sono la stessa identica cosa<br \/>\n&#8211; Elton Jhon vuole forzare i limiti della natura e sostituirsi a Dio. Per fare questo ha uno strumento a disposizione: lo strumento \u00e8 il denaro.<br \/>\n&#8211; Scalfarotto me lo ha detto: i gay non vogliono adottare i bambini, ma vogliono comprarli.<br \/>\n&#8211; C&#8217;era un tempo in cui le persone erano considerate oggetti, 2000 anni fa. Poi \u00e8 arrivato un segno che ha cambiato la storia, che vale per tutti, credenti e non: un segno che ha cambiato uomini e donne dalla schiavit\u00f9. La croce: ed \u00e8 cos\u00ec che ho intitolato il mio giornale. L&#8217;idea di progresso l&#8217;ha portata lui, con la sua crocifissione e non le persone qui fuori.<\/p>\n<p>Costanza Miriano<br \/>\n&#8211; Scusatemi se vado in ansia, ma sono una femmina.<br \/>\n&#8211; Per sua natura \u2013 e lo sente dentro di s\u00e9 &#8211; , la donna deve accudire, non lavorare. Infatti, ho tante amiche madri che vorrebbero non lavorare, che ne hanno piene le scatole del lavoro.<br \/>\n&#8211; Sposandomi civilmente ho perso molti diritti. Ai conviventi non conviene sposarsi! E infatti non capisco perch\u00e9 vogliano farlo.<br \/>\n&#8211; Per una donna, vale la pena essere dipendente dal marito e non da un datore di lavoro: con il marito, infatti, si pu\u00f2 parlare e ci si prova a volersi bene.<br \/>\n&#8211; Il nuovo ordine mondiale vuole annientare le diversit\u00e0 servendosi dell&#8217;emancipazione della donna.<\/p>\n<p>Roberto Maroni<br \/>\n&#8211; Mi hanno tolto l&#8217;autorizzazione di usare il logo EXPO per questo evento, ma io l&#8217;ho usato comunque. Non mi lascio intimorire dai quattro pirla che volevano impedirci di fare il convegno.<br \/>\n&#8211; Da oggi, istituisco che questo tavolo di relatori diventi un forum per le famiglie che duri tutto l&#8217;EXPO e che promuova altre iniziative di questo tipo. Nutriremo il pianeta con i nostri valori!<\/p>\n<p>Ed \u00e8 con un pensiero su quest&#8217;ultima frase del Presidente della Regione che concludo: caro Roberto Maroni, nel bene o nel male rappresentante di tutto il popolo lombardo, mi viene da domandarti cosa dovesse accadere se, ad aver bisogno del sostegno di questo nuovo ente che hai istituito, fosse una coppia di donne con due bambini che mai si rifiuteranno di chiamarle mamme. Chiss\u00e0, amico mio. Chiss\u00e0.<\/p>\n<\/div>\n<\/div>\n<\/div>\n<\/div>\n<\/div>\n<\/div>\n<\/div>\n<\/div>\n<\/div>\n<\/div>\n<\/div>\n<\/div>\n<\/div>\n<\/div>\n<\/div>\n<\/div>\n","protected":false},"excerpt":{"rendered":"<p>Ho partecipato al convegno \u201cdifendere la famiglia per difendere la comunit\u00e0\u201d, fortemente voluto dal presidente della Regione Lombardia Roberto Maroni, con il desiderio di imparare qualcosa di pi\u00f9 sulle idee contro cui in molti combattiamo. Entrato nella sala principale, non posso fare a meno di guardarmi intorno e di lasciarmi sorprendere da molte e molte&#8230;<\/p>\n","protected":false},"author":2,"featured_media":966,"comment_status":"open","ping_status":"open","sticky":false,"template":"","format":"standard","meta":{"footnotes":""},"categories":[1],"tags":[248],"class_list":["post-996","post","type-post","status-publish","format-standard","has-post-thumbnail","hentry","category-senza-categoria","tag-renzo-e-leucio"],"yoast_head":"<!-- This site is optimized with the Yoast SEO plugin v24.5 - https:\/\/yoast.com\/wordpress\/plugins\/seo\/ -->\r\n<title>17\/01\/2015 CRONACA DI UN INFILTRATO AL CONVEGNO - LGBT+diritti RENZO E LUCIO<\/title>\r\n<meta name=\"robots\" content=\"index, follow, max-snippet:-1, max-image-preview:large, max-video-preview:-1\" \/>\r\n<link rel=\"canonical\" href=\"https:\/\/www.renzoelucio.it\/?p=996\" \/>\r\n<meta property=\"og:locale\" content=\"it_IT\" \/>\r\n<meta property=\"og:type\" content=\"article\" \/>\r\n<meta property=\"og:title\" content=\"17\/01\/2015 CRONACA DI UN INFILTRATO AL CONVEGNO - LGBT+diritti RENZO E LUCIO\" \/>\r\n<meta property=\"og:description\" content=\"Ho partecipato al convegno \u201cdifendere la famiglia per difendere la comunit\u00e0\u201d, fortemente voluto dal presidente della Regione Lombardia Roberto Maroni, con il desiderio di imparare qualcosa di pi\u00f9 sulle idee contro cui in molti combattiamo. Entrato nella sala principale, non posso fare a meno di guardarmi intorno e di lasciarmi sorprendere da molte e molte...\" \/>\r\n<meta property=\"og:url\" content=\"https:\/\/www.renzoelucio.it\/?p=996\" \/>\r\n<meta property=\"og:site_name\" content=\"LGBT+diritti RENZO E LUCIO\" \/>\r\n<meta property=\"article:published_time\" content=\"2015-01-30T22:50:52+00:00\" \/>\r\n<meta property=\"og:image\" content=\"https:\/\/www.renzoelucio.it\/public\/wordpress\/renzoelucio\/wp-content\/uploads\/2015\/01\/n-EXPO-CONVEGNO-OMOFOBO-large570.jpg\" \/>\r\n\t<meta property=\"og:image:width\" content=\"570\" \/>\r\n\t<meta property=\"og:image:height\" content=\"238\" \/>\r\n\t<meta property=\"og:image:type\" content=\"image\/jpeg\" \/>\r\n<meta name=\"author\" content=\"Mauro Pirovano\" \/>\r\n<meta name=\"twitter:card\" content=\"summary_large_image\" \/>\r\n<meta name=\"twitter:label1\" content=\"Scritto da\" \/>\n\t<meta name=\"twitter:data1\" content=\"Mauro Pirovano\" \/>\n\t<meta name=\"twitter:label2\" content=\"Tempo di lettura stimato\" \/>\n\t<meta name=\"twitter:data2\" content=\"7 minuti\" \/>\r\n<script type=\"application\/ld+json\" class=\"yoast-schema-graph\">{\"@context\":\"https:\/\/schema.org\",\"@graph\":[{\"@type\":\"WebPage\",\"@id\":\"https:\/\/www.renzoelucio.it\/?p=996\",\"url\":\"https:\/\/www.renzoelucio.it\/?p=996\",\"name\":\"17\/01\/2015 CRONACA DI UN INFILTRATO AL CONVEGNO - LGBT+diritti RENZO E LUCIO\",\"isPartOf\":{\"@id\":\"https:\/\/www.renzoelucio.it\/#website\"},\"primaryImageOfPage\":{\"@id\":\"https:\/\/www.renzoelucio.it\/?p=996#primaryimage\"},\"image\":{\"@id\":\"https:\/\/www.renzoelucio.it\/?p=996#primaryimage\"},\"thumbnailUrl\":\"https:\/\/www.renzoelucio.it\/public\/wordpress\/renzoelucio\/wp-content\/uploads\/2015\/01\/n-EXPO-CONVEGNO-OMOFOBO-large570.jpg\",\"datePublished\":\"2015-01-30T22:50:52+00:00\",\"author\":{\"@id\":\"https:\/\/www.renzoelucio.it\/#\/schema\/person\/0ecd8a1144e9dbb57b99cf93bcce77da\"},\"breadcrumb\":{\"@id\":\"https:\/\/www.renzoelucio.it\/?p=996#breadcrumb\"},\"inLanguage\":\"it-IT\",\"potentialAction\":[{\"@type\":\"ReadAction\",\"target\":[\"https:\/\/www.renzoelucio.it\/?p=996\"]}]},{\"@type\":\"ImageObject\",\"inLanguage\":\"it-IT\",\"@id\":\"https:\/\/www.renzoelucio.it\/?p=996#primaryimage\",\"url\":\"https:\/\/www.renzoelucio.it\/public\/wordpress\/renzoelucio\/wp-content\/uploads\/2015\/01\/n-EXPO-CONVEGNO-OMOFOBO-large570.jpg\",\"contentUrl\":\"https:\/\/www.renzoelucio.it\/public\/wordpress\/renzoelucio\/wp-content\/uploads\/2015\/01\/n-EXPO-CONVEGNO-OMOFOBO-large570.jpg\",\"width\":570,\"height\":238},{\"@type\":\"BreadcrumbList\",\"@id\":\"https:\/\/www.renzoelucio.it\/?p=996#breadcrumb\",\"itemListElement\":[{\"@type\":\"ListItem\",\"position\":1,\"name\":\"Home\",\"item\":\"https:\/\/www.renzoelucio.it\/\"},{\"@type\":\"ListItem\",\"position\":2,\"name\":\"17\/01\/2015 CRONACA DI UN INFILTRATO AL CONVEGNO\"}]},{\"@type\":\"WebSite\",\"@id\":\"https:\/\/www.renzoelucio.it\/#website\",\"url\":\"https:\/\/www.renzoelucio.it\/\",\"name\":\"LGBT+diritti RENZO E LUCIO\",\"description\":\"\",\"potentialAction\":[{\"@type\":\"SearchAction\",\"target\":{\"@type\":\"EntryPoint\",\"urlTemplate\":\"https:\/\/www.renzoelucio.it\/?s={search_term_string}\"},\"query-input\":{\"@type\":\"PropertyValueSpecification\",\"valueRequired\":true,\"valueName\":\"search_term_string\"}}],\"inLanguage\":\"it-IT\"},{\"@type\":\"Person\",\"@id\":\"https:\/\/www.renzoelucio.it\/#\/schema\/person\/0ecd8a1144e9dbb57b99cf93bcce77da\",\"name\":\"Mauro Pirovano\",\"image\":{\"@type\":\"ImageObject\",\"inLanguage\":\"it-IT\",\"@id\":\"https:\/\/www.renzoelucio.it\/#\/schema\/person\/image\/\",\"url\":\"https:\/\/secure.gravatar.com\/avatar\/98cdd444e02881ccfbbeb7860292420827bf54eea54779821111b0fb5476459b?s=96&d=mm&r=g\",\"contentUrl\":\"https:\/\/secure.gravatar.com\/avatar\/98cdd444e02881ccfbbeb7860292420827bf54eea54779821111b0fb5476459b?s=96&d=mm&r=g\",\"caption\":\"Mauro Pirovano\"},\"url\":\"https:\/\/www.renzoelucio.it\/?author=2\"}]}<\/script>\r\n<!-- \/ Yoast SEO plugin. -->","yoast_head_json":{"title":"17\/01\/2015 CRONACA DI UN INFILTRATO AL CONVEGNO - LGBT+diritti RENZO E LUCIO","robots":{"index":"index","follow":"follow","max-snippet":"max-snippet:-1","max-image-preview":"max-image-preview:large","max-video-preview":"max-video-preview:-1"},"canonical":"https:\/\/www.renzoelucio.it\/?p=996","og_locale":"it_IT","og_type":"article","og_title":"17\/01\/2015 CRONACA DI UN INFILTRATO AL CONVEGNO - LGBT+diritti RENZO E LUCIO","og_description":"Ho partecipato al convegno \u201cdifendere la famiglia per difendere la comunit\u00e0\u201d, fortemente voluto dal presidente della Regione Lombardia Roberto Maroni, con il desiderio di imparare qualcosa di pi\u00f9 sulle idee contro cui in molti combattiamo. Entrato nella sala principale, non posso fare a meno di guardarmi intorno e di lasciarmi sorprendere da molte e molte...","og_url":"https:\/\/www.renzoelucio.it\/?p=996","og_site_name":"LGBT+diritti RENZO E LUCIO","article_published_time":"2015-01-30T22:50:52+00:00","og_image":[{"width":570,"height":238,"url":"https:\/\/www.renzoelucio.it\/public\/wordpress\/renzoelucio\/wp-content\/uploads\/2015\/01\/n-EXPO-CONVEGNO-OMOFOBO-large570.jpg","type":"image\/jpeg"}],"author":"Mauro Pirovano","twitter_card":"summary_large_image","twitter_misc":{"Scritto da":"Mauro Pirovano","Tempo di lettura stimato":"7 minuti"},"schema":{"@context":"https:\/\/schema.org","@graph":[{"@type":"WebPage","@id":"https:\/\/www.renzoelucio.it\/?p=996","url":"https:\/\/www.renzoelucio.it\/?p=996","name":"17\/01\/2015 CRONACA DI UN INFILTRATO AL CONVEGNO - LGBT+diritti RENZO E LUCIO","isPartOf":{"@id":"https:\/\/www.renzoelucio.it\/#website"},"primaryImageOfPage":{"@id":"https:\/\/www.renzoelucio.it\/?p=996#primaryimage"},"image":{"@id":"https:\/\/www.renzoelucio.it\/?p=996#primaryimage"},"thumbnailUrl":"https:\/\/www.renzoelucio.it\/public\/wordpress\/renzoelucio\/wp-content\/uploads\/2015\/01\/n-EXPO-CONVEGNO-OMOFOBO-large570.jpg","datePublished":"2015-01-30T22:50:52+00:00","author":{"@id":"https:\/\/www.renzoelucio.it\/#\/schema\/person\/0ecd8a1144e9dbb57b99cf93bcce77da"},"breadcrumb":{"@id":"https:\/\/www.renzoelucio.it\/?p=996#breadcrumb"},"inLanguage":"it-IT","potentialAction":[{"@type":"ReadAction","target":["https:\/\/www.renzoelucio.it\/?p=996"]}]},{"@type":"ImageObject","inLanguage":"it-IT","@id":"https:\/\/www.renzoelucio.it\/?p=996#primaryimage","url":"https:\/\/www.renzoelucio.it\/public\/wordpress\/renzoelucio\/wp-content\/uploads\/2015\/01\/n-EXPO-CONVEGNO-OMOFOBO-large570.jpg","contentUrl":"https:\/\/www.renzoelucio.it\/public\/wordpress\/renzoelucio\/wp-content\/uploads\/2015\/01\/n-EXPO-CONVEGNO-OMOFOBO-large570.jpg","width":570,"height":238},{"@type":"BreadcrumbList","@id":"https:\/\/www.renzoelucio.it\/?p=996#breadcrumb","itemListElement":[{"@type":"ListItem","position":1,"name":"Home","item":"https:\/\/www.renzoelucio.it\/"},{"@type":"ListItem","position":2,"name":"17\/01\/2015 CRONACA DI UN INFILTRATO AL CONVEGNO"}]},{"@type":"WebSite","@id":"https:\/\/www.renzoelucio.it\/#website","url":"https:\/\/www.renzoelucio.it\/","name":"LGBT+diritti RENZO E LUCIO","description":"","potentialAction":[{"@type":"SearchAction","target":{"@type":"EntryPoint","urlTemplate":"https:\/\/www.renzoelucio.it\/?s={search_term_string}"},"query-input":{"@type":"PropertyValueSpecification","valueRequired":true,"valueName":"search_term_string"}}],"inLanguage":"it-IT"},{"@type":"Person","@id":"https:\/\/www.renzoelucio.it\/#\/schema\/person\/0ecd8a1144e9dbb57b99cf93bcce77da","name":"Mauro Pirovano","image":{"@type":"ImageObject","inLanguage":"it-IT","@id":"https:\/\/www.renzoelucio.it\/#\/schema\/person\/image\/","url":"https:\/\/secure.gravatar.com\/avatar\/98cdd444e02881ccfbbeb7860292420827bf54eea54779821111b0fb5476459b?s=96&d=mm&r=g","contentUrl":"https:\/\/secure.gravatar.com\/avatar\/98cdd444e02881ccfbbeb7860292420827bf54eea54779821111b0fb5476459b?s=96&d=mm&r=g","caption":"Mauro Pirovano"},"url":"https:\/\/www.renzoelucio.it\/?author=2"}]}},"_links":{"self":[{"href":"https:\/\/www.renzoelucio.it\/index.php?rest_route=\/wp\/v2\/posts\/996","targetHints":{"allow":["GET"]}}],"collection":[{"href":"https:\/\/www.renzoelucio.it\/index.php?rest_route=\/wp\/v2\/posts"}],"about":[{"href":"https:\/\/www.renzoelucio.it\/index.php?rest_route=\/wp\/v2\/types\/post"}],"author":[{"embeddable":true,"href":"https:\/\/www.renzoelucio.it\/index.php?rest_route=\/wp\/v2\/users\/2"}],"replies":[{"embeddable":true,"href":"https:\/\/www.renzoelucio.it\/index.php?rest_route=%2Fwp%2Fv2%2Fcomments&post=996"}],"version-history":[{"count":1,"href":"https:\/\/www.renzoelucio.it\/index.php?rest_route=\/wp\/v2\/posts\/996\/revisions"}],"predecessor-version":[{"id":997,"href":"https:\/\/www.renzoelucio.it\/index.php?rest_route=\/wp\/v2\/posts\/996\/revisions\/997"}],"wp:featuredmedia":[{"embeddable":true,"href":"https:\/\/www.renzoelucio.it\/index.php?rest_route=\/wp\/v2\/media\/966"}],"wp:attachment":[{"href":"https:\/\/www.renzoelucio.it\/index.php?rest_route=%2Fwp%2Fv2%2Fmedia&parent=996"}],"wp:term":[{"taxonomy":"category","embeddable":true,"href":"https:\/\/www.renzoelucio.it\/index.php?rest_route=%2Fwp%2Fv2%2Fcategories&post=996"},{"taxonomy":"post_tag","embeddable":true,"href":"https:\/\/www.renzoelucio.it\/index.php?rest_route=%2Fwp%2Fv2%2Ftags&post=996"}],"curies":[{"name":"wp","href":"https:\/\/api.w.org\/{rel}","templated":true}]}}